{"id":69637,"date":"2022-11-10T12:39:21","date_gmt":"2022-11-10T15:39:21","guid":{"rendered":"https:\/\/www.centraldenoticias.com.ar\/?p=69637"},"modified":"2022-11-10T12:39:30","modified_gmt":"2022-11-10T15:39:30","slug":"por-unanimidad-se-aprobo-el-programa-municipal-de-gestion-menstrual-sostenible","status":"publish","type":"post","link":"https:\/\/cdnoticias.com\/index.php\/2022\/11\/10\/por-unanimidad-se-aprobo-el-programa-municipal-de-gestion-menstrual-sostenible\/","title":{"rendered":"Por unanimidad, se aprob\u00f3 el Programa Municipal de Gesti\u00f3n Menstrual Sostenible"},"content":{"rendered":"<p>El proyecto busca garantizar el derecho a la gesti\u00f3n menstrual en condiciones saludables, dignas e igualitarias. Hab\u00eda sido presentado en 2020 por la concejala In\u00e9s Creimer. Tras el trabajo en comisi\u00f3n y con modificaciones lleg\u00f3 al debate en el recinto.<!--more--><\/p>\n<hr \/>\n<p>En una nueva sesi\u00f3n ordinaria del Honorable Concejo Deliberante,<strong> se aprob\u00f3 por unanimidad la creaci\u00f3n del \u201cPrograma Municipal de Gesti\u00f3n Menstrual Sostenible\u201d<\/strong>, una iniciativa presentada en 2020 que tuvo un largo recorrido y debate en comisiones.<strong> Se resalt\u00f3 el trabajo en conjunto de todos los bloques y hubo lugar para repudiar \u201cel intento de adjudicaci\u00f3n p\u00fablica\u201d de la propuesta.<\/strong><\/p>\n<p>&nbsp;<\/p>\n<p>La encargada de presentar el proyecto fue su impulsora, la concejala In\u00e9s Creimer (Foro Olavarr\u00eda \u2013 Frente Renovador en el interbloque del FdT). Se refiri\u00f3 al <a href=\"https:\/\/cdnoticias.com\/index.php\/2020\/10\/07\/en-olavarria-un-proyecto-busca-que-la-menstruacion-no-sea-una-barrera-para-la-igualdad\/\" target=\"_blank\" rel=\"noopener\">contexto en el que se present\u00f3 inicialmente<\/a>, en el a\u00f1o 2020 y en plena pandemia y los objetivos que persegu\u00eda.<\/p>\n<p>&nbsp;<\/p>\n<p>\u201cEl proyecto demor\u00f3, fue y vino en su redacci\u00f3n\u201d, afirm\u00f3 Creimer. Luego \u201csalimos de la pandemia y el proyecto sigui\u00f3 avanzando\u201d y afirm\u00f3:<strong> \u201ceste proyecto es perfectible, es un universo acotado, conf\u00edo en que mientras suceda su implementaci\u00f3n pueda ser ampliado\u201d.<\/strong><\/p>\n<p>&nbsp;<\/p>\n<blockquote><p>Creimer destac\u00f3 que \u201cen el Concejo es la primera vez que pudimos hablar de menstruaci\u00f3n\u201d y resalt\u00f3 la importancia de que la iniciativa \u201ctenga un presupuesto, que analice la realidad de cada persona menstruante, que las acompa\u00f1e, les ense\u00f1e y las acerque al sistema de salud para los controles m\u00e9dicos\u201d.<\/p><\/blockquote>\n<p>&nbsp;<\/p>\n<p>La concejala mencion\u00f3 especialmente a su par <strong>Guillermina Amespil (Juntos)<\/strong> \u201cque se carg\u00f3 al hombro las charlas con el Ejecutivo\u201d. <strong>A su vez, manifest\u00f3 un \u201cprofundo enojo por el intento de adjudicaci\u00f3n p\u00fablica del proyecto\u201d por parte de otra concejala.<\/strong><\/p>\n<p>&nbsp;<\/p>\n<p>La referencia fue hecha en relaci\u00f3n a una <strong>publicaci\u00f3n enviada a los medios de comunicaci\u00f3n desde el bloque UCR Juntos en la previa a esta sesi\u00f3n.<\/strong> En ese comunicado se destacaba el rol de la concejala Bel\u00e9n Vergel en la elaboraci\u00f3n del proyecto. Minutos despu\u00e9s del env\u00edo de esa informaci\u00f3n, desde el mismo espacio se solicit\u00f3 su desestimaci\u00f3n.<\/p>\n<p>&nbsp;<\/p>\n<p>En este punto intervino la concejala <strong>Celeste Arouxet (Ahora Olavarr\u00eda)<\/strong> para pedir \u201crespeto al otro y entendamos que esto es un trabajo en equipo. Creo que (la situaci\u00f3n)<strong> merece unas disculpas p\u00fablicas<\/strong> no solamente al proyecto sino a todos los concejales\u201d.<\/p>\n<p>&nbsp;<\/p>\n<p><img data-recalc-dims=\"1\" loading=\"lazy\" decoding=\"async\" class=\"aligncenter wp-image-69642\" src=\"https:\/\/i0.wp.com\/cdnoticias.com\/wp-content\/uploads\/2022\/11\/hcd-10-11-2022.jpg?resize=800%2C480&#038;ssl=1\" alt=\"\" width=\"800\" height=\"480\" srcset=\"https:\/\/i0.wp.com\/cdnoticias.com\/wp-content\/uploads\/2022\/11\/hcd-10-11-2022.jpg?w=1355&amp;ssl=1 1355w, https:\/\/i0.wp.com\/cdnoticias.com\/wp-content\/uploads\/2022\/11\/hcd-10-11-2022.jpg?resize=300%2C180&amp;ssl=1 300w, https:\/\/i0.wp.com\/cdnoticias.com\/wp-content\/uploads\/2022\/11\/hcd-10-11-2022.jpg?resize=1024%2C614&amp;ssl=1 1024w, https:\/\/i0.wp.com\/cdnoticias.com\/wp-content\/uploads\/2022\/11\/hcd-10-11-2022.jpg?resize=768%2C461&amp;ssl=1 768w\" sizes=\"auto, (max-width: 800px) 100vw, 800px\" \/><\/p>\n<p>&nbsp;<\/p>\n<p><strong>Las caracter\u00edsticas del Programa <\/strong><\/p>\n<p>&nbsp;<\/p>\n<p>El Programa Municipal de Gesti\u00f3n Menstrual Sostenible busca <strong>garantizar el derecho a la gesti\u00f3n menstrual en condiciones saludables, dignas e igualitarias.<\/strong> Estar\u00e1 dirigido prioritariamente a <strong>toda persona menstruante, con domicilio en el Partido de Olavarr\u00eda, que se encuentre entre la menarca y el climaterio, y posea Carnet Hospitalario Condici\u00f3n 1.<\/strong> La autoridad de aplicaci\u00f3n del presente programa ser\u00e1 la Secretar\u00eda de Salud.<\/p>\n<p>&nbsp;<\/p>\n<p>Entre los objetivos generales del programa se destaca: <strong>reducir la brecha de desigualdad existente en el acceso a elementos de salud indispensables, garantizar el acceso a la educaci\u00f3n sexual, uso de m\u00e9todos anticonceptivos y prevenci\u00f3n de enfermedades de transmisi\u00f3n sexual, entre otros.<\/strong><\/p>\n<p>&nbsp;<\/p>\n<p>En ese sentido, la concejala<strong> Guillermina Amespil<\/strong> explic\u00f3 que \u201cest\u00e1 encuadrado en el marco de un programa de salud\u201d con un \u201cabordaje desde la salud de la persona menstruante, para que pueda acercarse al sistema, hacerse los controles pertinentes\u201d, entre otros beneficios.<\/p>\n<p>&nbsp;<\/p>\n<p><strong>\u201cA partir de esta pol\u00edtica se van a poder desarrollar otras, con un acceso a la salud un poco m\u00e1s amigable\u201d<\/strong>, asegur\u00f3 Amespil y celebr\u00f3 que el proyecto \u201chaya podido ser consensuado\u201d.<\/p>\n<p>&nbsp;<\/p>\n","protected":false},"excerpt":{"rendered":"<p>El proyecto busca garantizar el derecho a la gesti\u00f3n menstrual en condiciones saludables, dignas e igualitarias. Hab\u00eda sido presentado en<\/p>\n","protected":false},"author":5,"featured_media":69623,"comment_status":"closed","ping_status":"closed","sticky":false,"template":"","format":"standard","meta":{"_jetpack_memberships_contains_paid_content":false,"footnotes":""},"categories":[4,1],"tags":[],"class_list":["post-69637","post","type-post","status-publish","format-standard","has-post-thumbnail","hentry","category-politica","category-portada"],"jetpack_featured_media_url":"https:\/\/i0.wp.com\/cdnoticias.com\/wp-content\/uploads\/2022\/11\/HCD-ines-creimer.jpg?fit=800%2C445&ssl=1","jetpack_sharing_enabled":true,"_links":{"self":[{"href":"https:\/\/cdnoticias.com\/index.php\/wp-json\/wp\/v2\/posts\/69637","targetHints":{"allow":["GET"]}}],"collection":[{"href":"https:\/\/cdnoticias.com\/index.php\/wp-json\/wp\/v2\/posts"}],"about":[{"href":"https:\/\/cdnoticias.com\/index.php\/wp-json\/wp\/v2\/types\/post"}],"author":[{"embeddable":true,"href":"https:\/\/cdnoticias.com\/index.php\/wp-json\/wp\/v2\/users\/5"}],"replies":[{"embeddable":true,"href":"https:\/\/cdnoticias.com\/index.php\/wp-json\/wp\/v2\/comments?post=69637"}],"version-history":[{"count":0,"href":"https:\/\/cdnoticias.com\/index.php\/wp-json\/wp\/v2\/posts\/69637\/revisions"}],"wp:featuredmedia":[{"embeddable":true,"href":"https:\/\/cdnoticias.com\/index.php\/wp-json\/wp\/v2\/media\/69623"}],"wp:attachment":[{"href":"https:\/\/cdnoticias.com\/index.php\/wp-json\/wp\/v2\/media?parent=69637"}],"wp:term":[{"taxonomy":"category","embeddable":true,"href":"https:\/\/cdnoticias.com\/index.php\/wp-json\/wp\/v2\/categories?post=69637"},{"taxonomy":"post_tag","embeddable":true,"href":"https:\/\/cdnoticias.com\/index.php\/wp-json\/wp\/v2\/tags?post=69637"}],"curies":[{"name":"wp","href":"https:\/\/api.w.org\/{rel}","templated":true}]}}