{"id":69535,"date":"2022-11-09T21:16:34","date_gmt":"2022-11-10T00:16:34","guid":{"rendered":"https:\/\/www.centraldenoticias.com.ar\/?p=69535"},"modified":"2022-11-09T21:16:34","modified_gmt":"2022-11-10T00:16:34","slug":"georgina-orellano-presentara-su-libro-en-olavarria","status":"publish","type":"post","link":"https:\/\/cdnoticias.com\/index.php\/2022\/11\/09\/georgina-orellano-presentara-su-libro-en-olavarria\/","title":{"rendered":"Georgina Orellano presentar\u00e1 su libro en Olavarr\u00eda"},"content":{"rendered":"<p>Ser\u00e1 este viernes 11 en el Ateneo N\u00e9stor Kirchner. Los detalles del encuentro. <!--more--><\/p>\n<hr \/>\n<p>Este <strong>viernes 11 de noviembre<\/strong> <strong>Georgina Orellano presentar\u00e1 su libro<\/strong> en el<strong> Ateneo N\u00e9stor Kirchner<\/strong> (Pringles 3968) a partir de las 18:00.<\/p>\n<p>&nbsp;<\/p>\n<p>Se trata de su libro titulado &#8220;<em><strong>Puta Feminista. Historias de una Trabajadora Sexual<\/strong><\/em>&#8220;.<strong>\u00a0Georgina Orellano es trabajadora sexual, activista por los derechos de las trabajadoras sexuales y Secretaria General de AMMAR-CTA desde marzo de 2014.<\/strong><\/p>\n<p>&nbsp;<\/p>\n<p><img data-recalc-dims=\"1\" loading=\"lazy\" decoding=\"async\" class=\"aligncenter wp-image-69537 size-full\" src=\"https:\/\/i0.wp.com\/cdnoticias.com\/wp-content\/uploads\/2022\/11\/WhatsApp-Image-2022-11-09-at-17.19.01.jpeg?resize=800%2C800&#038;ssl=1\" alt=\"\" width=\"800\" height=\"800\" srcset=\"https:\/\/i0.wp.com\/cdnoticias.com\/wp-content\/uploads\/2022\/11\/WhatsApp-Image-2022-11-09-at-17.19.01.jpeg?w=1280&amp;ssl=1 1280w, https:\/\/i0.wp.com\/cdnoticias.com\/wp-content\/uploads\/2022\/11\/WhatsApp-Image-2022-11-09-at-17.19.01.jpeg?resize=300%2C300&amp;ssl=1 300w, https:\/\/i0.wp.com\/cdnoticias.com\/wp-content\/uploads\/2022\/11\/WhatsApp-Image-2022-11-09-at-17.19.01.jpeg?resize=1024%2C1024&amp;ssl=1 1024w, https:\/\/i0.wp.com\/cdnoticias.com\/wp-content\/uploads\/2022\/11\/WhatsApp-Image-2022-11-09-at-17.19.01.jpeg?resize=150%2C150&amp;ssl=1 150w, https:\/\/i0.wp.com\/cdnoticias.com\/wp-content\/uploads\/2022\/11\/WhatsApp-Image-2022-11-09-at-17.19.01.jpeg?resize=768%2C768&amp;ssl=1 768w\" sizes=\"auto, (max-width: 800px) 100vw, 800px\" \/><\/p>\n<p>&nbsp;<\/p>\n<p>A inicios de este a\u00f1o decidi\u00f3 contar su historia de vida y la de sus compa\u00f1eras trabajadoras sexuales en su<strong> primera novela, publicada por editorial Sudamericana.<\/strong><\/p>\n<p>&nbsp;<\/p>\n<p>Desde la organizaci\u00f3n se invit\u00f3 a inscribirse a trav\u00e9s de un formulario publicado en Instagram @ateneonkolava<\/p>\n","protected":false},"excerpt":{"rendered":"<p>Ser\u00e1 este viernes 11 en el Ateneo N\u00e9stor Kirchner. Los detalles del encuentro.<\/p>\n","protected":false},"author":6,"featured_media":69536,"comment_status":"closed","ping_status":"closed","sticky":false,"template":"","format":"standard","meta":{"_jetpack_memberships_contains_paid_content":false,"footnotes":""},"categories":[3,1],"tags":[],"class_list":["post-69535","post","type-post","status-publish","format-standard","has-post-thumbnail","hentry","category-genero","category-portada"],"jetpack_featured_media_url":"https:\/\/i0.wp.com\/cdnoticias.com\/wp-content\/uploads\/2022\/11\/WhatsApp-Image-2022-11-09-at-17.19.02.jpeg?fit=880%2C495&ssl=1","jetpack_sharing_enabled":true,"_links":{"self":[{"href":"https:\/\/cdnoticias.com\/index.php\/wp-json\/wp\/v2\/posts\/69535","targetHints":{"allow":["GET"]}}],"collection":[{"href":"https:\/\/cdnoticias.com\/index.php\/wp-json\/wp\/v2\/posts"}],"about":[{"href":"https:\/\/cdnoticias.com\/index.php\/wp-json\/wp\/v2\/types\/post"}],"author":[{"embeddable":true,"href":"https:\/\/cdnoticias.com\/index.php\/wp-json\/wp\/v2\/users\/6"}],"replies":[{"embeddable":true,"href":"https:\/\/cdnoticias.com\/index.php\/wp-json\/wp\/v2\/comments?post=69535"}],"version-history":[{"count":0,"href":"https:\/\/cdnoticias.com\/index.php\/wp-json\/wp\/v2\/posts\/69535\/revisions"}],"wp:featuredmedia":[{"embeddable":true,"href":"https:\/\/cdnoticias.com\/index.php\/wp-json\/wp\/v2\/media\/69536"}],"wp:attachment":[{"href":"https:\/\/cdnoticias.com\/index.php\/wp-json\/wp\/v2\/media?parent=69535"}],"wp:term":[{"taxonomy":"category","embeddable":true,"href":"https:\/\/cdnoticias.com\/index.php\/wp-json\/wp\/v2\/categories?post=69535"},{"taxonomy":"post_tag","embeddable":true,"href":"https:\/\/cdnoticias.com\/index.php\/wp-json\/wp\/v2\/tags?post=69535"}],"curies":[{"name":"wp","href":"https:\/\/api.w.org\/{rel}","templated":true}]}}