{"id":69527,"date":"2022-11-09T18:02:37","date_gmt":"2022-11-09T21:02:37","guid":{"rendered":"https:\/\/www.centraldenoticias.com.ar\/?p=69527"},"modified":"2022-11-09T18:02:37","modified_gmt":"2022-11-09T21:02:37","slug":"el-municipio-mantendra-una-reunion-con-autoridades-y-cooperadora-de-la-escuela-tecnica-2","status":"publish","type":"post","link":"https:\/\/cdnoticias.com\/index.php\/2022\/11\/09\/el-municipio-mantendra-una-reunion-con-autoridades-y-cooperadora-de-la-escuela-tecnica-2\/","title":{"rendered":"El Municipio mantendr\u00e1 una reuni\u00f3n con autoridades y Cooperadora de la Escuela T\u00e9cnica 2"},"content":{"rendered":"<p>En la previa a la movilizaci\u00f3n de la Escuela Industrial, se inform\u00f3 que la reuni\u00f3n ser\u00e1 este jueves a las 13 horas en el sal\u00f3n Blanco de palacio San Mart\u00edn. <!--more--><\/p>\n<hr \/>\n<p>&nbsp;<\/p>\n<p>En la previa al banderazo y movilizaci\u00f3n de la Escuela Industrial, se inform\u00f3 que este <strong>jueves a las 13 horas<\/strong> en el sal\u00f3n Blanco del palacio San Mart\u00edn, <strong>funcionarios municipales se reunir\u00e1n<\/strong> con representantes<strong> de la Escuela de Educaci\u00f3n Secundaria T\u00e9cnica N\u00b0 2 por la Chacra 571.<\/strong><\/p>\n<p>&nbsp;<\/p>\n<p>Del encuentro formar\u00e1n parte el Secretario de Desarrollo Humano y Calidad de Vida Diego Robbiani, el Subsecretario de Legal y T\u00e9cnica Marcelo Fabbi, la Directora de la instituci\u00f3n Patricia Dom\u00ednguez, la vicedirectora Florencia Bais, el Jefe Distrital de Educaci\u00f3n Julio Ben\u00edtez y representantes de la Cooperadora del establecimiento.<\/p>\n<p>&nbsp;<\/p>\n<p>Cabe recordar que el Municipio <a href=\"https:\/\/cdnoticias.com\/index.php\/2022\/11\/03\/polemica-por-terrenos-linderos-a-industrial-el-municipio-explico-la-propiedad-de-las-tierras\/\" target=\"_blank\" rel=\"noopener\">est\u00e1 llevando a cabo el proyecto de mensura para la posterior escrituraci\u00f3n de la Chacra N\u00b0 571,<\/a> ubicada sobre la avenida Del Valle y La Rioja.<\/p>\n<p>&nbsp;<\/p>\n<p>Al respecto, Diego Robbiani dijo: \u00ab<em><strong>convocamos a las autoridades y a los representantes de la Cooperadora porque creemos que el di\u00e1logo es el \u00fanico camino para llevar adelante una gesti\u00f3n que incluya a todos los vecinos\u00bb.<\/strong><\/em><\/p>\n","protected":false},"excerpt":{"rendered":"<p>En la previa a la movilizaci\u00f3n de la Escuela Industrial, se inform\u00f3 que la reuni\u00f3n ser\u00e1 este jueves a las<\/p>\n","protected":false},"author":6,"featured_media":69528,"comment_status":"closed","ping_status":"closed","sticky":false,"template":"","format":"standard","meta":{"_jetpack_memberships_contains_paid_content":false,"footnotes":""},"categories":[5,1],"tags":[],"class_list":["post-69527","post","type-post","status-publish","format-standard","has-post-thumbnail","hentry","category-informacion-general","category-portada"],"jetpack_featured_media_url":"https:\/\/i0.wp.com\/cdnoticias.com\/wp-content\/uploads\/2022\/11\/reunion-industrial1-800x445-1.jpg?fit=800%2C445&ssl=1","jetpack_sharing_enabled":true,"_links":{"self":[{"href":"https:\/\/cdnoticias.com\/index.php\/wp-json\/wp\/v2\/posts\/69527","targetHints":{"allow":["GET"]}}],"collection":[{"href":"https:\/\/cdnoticias.com\/index.php\/wp-json\/wp\/v2\/posts"}],"about":[{"href":"https:\/\/cdnoticias.com\/index.php\/wp-json\/wp\/v2\/types\/post"}],"author":[{"embeddable":true,"href":"https:\/\/cdnoticias.com\/index.php\/wp-json\/wp\/v2\/users\/6"}],"replies":[{"embeddable":true,"href":"https:\/\/cdnoticias.com\/index.php\/wp-json\/wp\/v2\/comments?post=69527"}],"version-history":[{"count":0,"href":"https:\/\/cdnoticias.com\/index.php\/wp-json\/wp\/v2\/posts\/69527\/revisions"}],"wp:featuredmedia":[{"embeddable":true,"href":"https:\/\/cdnoticias.com\/index.php\/wp-json\/wp\/v2\/media\/69528"}],"wp:attachment":[{"href":"https:\/\/cdnoticias.com\/index.php\/wp-json\/wp\/v2\/media?parent=69527"}],"wp:term":[{"taxonomy":"category","embeddable":true,"href":"https:\/\/cdnoticias.com\/index.php\/wp-json\/wp\/v2\/categories?post=69527"},{"taxonomy":"post_tag","embeddable":true,"href":"https:\/\/cdnoticias.com\/index.php\/wp-json\/wp\/v2\/tags?post=69527"}],"curies":[{"name":"wp","href":"https:\/\/api.w.org\/{rel}","templated":true}]}}