{"id":69483,"date":"2022-11-09T12:10:56","date_gmt":"2022-11-09T15:10:56","guid":{"rendered":"https:\/\/www.centraldenoticias.com.ar\/?p=69483"},"modified":"2022-11-09T15:49:34","modified_gmt":"2022-11-09T18:49:34","slug":"despues-de-dos-anos-un-proyecto-de-gestion-menstrual-buscara-su-aprobacion-en-el-hcd","status":"publish","type":"post","link":"https:\/\/cdnoticias.com\/index.php\/2022\/11\/09\/despues-de-dos-anos-un-proyecto-de-gestion-menstrual-buscara-su-aprobacion-en-el-hcd\/","title":{"rendered":"Despu\u00e9s de dos a\u00f1os, un proyecto de gesti\u00f3n menstrual buscar\u00e1 su aprobaci\u00f3n en el HCD"},"content":{"rendered":"<p>Se trata de la creaci\u00f3n del \u201cPrograma Municipal de Gesti\u00f3n Menstrual Sostenible\u201d. La concejala In\u00e9s Creimer present\u00f3 una propuesta en 2020. El proyecto fue trabajado en comisi\u00f3n y llegar\u00e1 al recinto con el aporte de otros ediles.<\/p>\n<p><!--more--><\/p>\n<hr \/>\n<p>Despu\u00e9s de un importante trabajo en comisi\u00f3n, <a href=\"https:\/\/cdnoticias.com\/index.php\/2022\/11\/09\/con-33-proyectos-en-debate-sesionara-el-concejo-deliberante\/\" target=\"_blank\" rel=\"noopener\">este jueves 10 de noviembre llegar\u00e1 al recinto del Honorable Concejo Deliberante<\/a> el expediente 167\/22 que, por ordenanza, crea el <strong>\u201cPrograma Municipal de Gesti\u00f3n Menstrual Sostenible\u201d.<\/strong><\/p>\n<p>&nbsp;<\/p>\n<p><strong>El programa busca garantizar el derecho a la gesti\u00f3n menstrual en condiciones saludables, dignas e igualitarias.<\/strong> Estar\u00e1 dirigido prioritariamente a toda persona menstruante, con domicilio en el Partido de Olavarr\u00eda, que se encuentre entre la menarca y el climaterio, y posea <strong>Carnet Hospitalario Condici\u00f3n 1<\/strong>. La autoridad de aplicaci\u00f3n del presente programa ser\u00e1 la Secretar\u00eda de Salud.<\/p>\n<p>&nbsp;<\/p>\n<p>Entre los <strong>objetivos generales<\/strong> del programa se destaca: reducir la brecha de desigualdad existente en el acceso a elementos de salud indispensables, garantizar el acceso a la educaci\u00f3n sexual, uso de m\u00e9todos anticonceptivos y prevenci\u00f3n de enfermedades de transmisi\u00f3n sexual, entre otros.<\/p>\n<p>&nbsp;<\/p>\n<p><img data-recalc-dims=\"1\" loading=\"lazy\" decoding=\"async\" class=\"aligncenter size-full wp-image-66652\" src=\"https:\/\/i0.wp.com\/cdnoticias.com\/wp-content\/uploads\/2022\/10\/creimer05-scaled.jpg?resize=800%2C445&#038;ssl=1\" alt=\"\" width=\"800\" height=\"445\" srcset=\"https:\/\/i0.wp.com\/cdnoticias.com\/wp-content\/uploads\/2022\/10\/creimer05-scaled.jpg?w=2560&amp;ssl=1 2560w, https:\/\/i0.wp.com\/cdnoticias.com\/wp-content\/uploads\/2022\/10\/creimer05-scaled.jpg?resize=300%2C167&amp;ssl=1 300w, https:\/\/i0.wp.com\/cdnoticias.com\/wp-content\/uploads\/2022\/10\/creimer05-scaled.jpg?resize=1024%2C570&amp;ssl=1 1024w, https:\/\/i0.wp.com\/cdnoticias.com\/wp-content\/uploads\/2022\/10\/creimer05-scaled.jpg?resize=768%2C427&amp;ssl=1 768w, https:\/\/i0.wp.com\/cdnoticias.com\/wp-content\/uploads\/2022\/10\/creimer05-scaled.jpg?resize=1536%2C855&amp;ssl=1 1536w, https:\/\/i0.wp.com\/cdnoticias.com\/wp-content\/uploads\/2022\/10\/creimer05-scaled.jpg?resize=2048%2C1140&amp;ssl=1 2048w, https:\/\/i0.wp.com\/cdnoticias.com\/wp-content\/uploads\/2022\/10\/creimer05-scaled.jpg?resize=800%2C445&amp;ssl=1 800w, https:\/\/i0.wp.com\/cdnoticias.com\/wp-content\/uploads\/2022\/10\/creimer05-scaled.jpg?w=1600&amp;ssl=1 1600w, https:\/\/i0.wp.com\/cdnoticias.com\/wp-content\/uploads\/2022\/10\/creimer05-scaled.jpg?w=2400&amp;ssl=1 2400w\" sizes=\"auto, (max-width: 800px) 100vw, 800px\" \/><\/p>\n<p>&nbsp;<\/p>\n<p><strong>En 2020<\/strong><\/p>\n<p>&nbsp;<\/p>\n<p>La concejala In\u00e9s Creimer (Foro Olavarr\u00eda-Frente Renovador en el FdT) con la colaboraci\u00f3n de la militante feminista Olivia Orsatti present\u00f3 a mediados de 2020 un proyecto de gesti\u00f3n menstrual. <strong>Finalmente, el texto ser\u00e1 debatido este jueves 10 de noviembre en el recinto del HCD.<\/strong><\/p>\n<p>&nbsp;<\/p>\n<p>El proyecto surgi\u00f3 a partir de una iniciativa a nivel nacional, que es una ley que atiende a la gesti\u00f3n menstrual. In\u00e9s Creimer se\u00f1al\u00f3 en una<a href=\"https:\/\/cdnoticias.com\/index.php\/2020\/10\/07\/en-olavarria-un-proyecto-busca-que-la-menstruacion-no-sea-una-barrera-para-la-igualdad\/\" target=\"_blank\" rel=\"noopener\"> nota brindada a <em>Central de Noticias<\/em> <\/a>en ese entonces que \u201csabemos que esa ley tiene un tiempo de tratamiento que va a ser muy extenso. Entonces lo mejor ser\u00eda que en territorio, cada cual construyera pol\u00edticas p\u00fablicas que tengan que ver con esto\u201d.<\/p>\n<p>&nbsp;<\/p>\n<blockquote><p>\u201cLa idea del proyecto es que se empiece a considerar a las toallitas, tampones o a la copita como un elemento tan necesario como el az\u00facar y la leche, como el jab\u00f3n y la lavandina\u201d, resalt\u00f3 la concejala.<\/p><\/blockquote>\n<p>&nbsp;<\/p>\n<p>\u201cEn el proyecto no decimos cu\u00e1l es el producto de gesti\u00f3n menstrual que se deber\u00eda repartir. El Ejecutivo decidir\u00e1 cu\u00e1l es el mejor o cu\u00e1l es el que m\u00e1s al alcance de la mano tiene, econ\u00f3micamente hablando\u201d, indic\u00f3.<\/p>\n<p>&nbsp;<\/p>\n<p>&nbsp;<\/p>\n<p><img data-recalc-dims=\"1\" loading=\"lazy\" decoding=\"async\" class=\"aligncenter size-full wp-image-69032\" src=\"https:\/\/i0.wp.com\/cdnoticias.com\/wp-content\/uploads\/2022\/11\/MUMALA.jpg?resize=800%2C480&#038;ssl=1\" alt=\"\" width=\"800\" height=\"480\" srcset=\"https:\/\/i0.wp.com\/cdnoticias.com\/wp-content\/uploads\/2022\/11\/MUMALA.jpg?w=1032&amp;ssl=1 1032w, https:\/\/i0.wp.com\/cdnoticias.com\/wp-content\/uploads\/2022\/11\/MUMALA.jpg?resize=300%2C180&amp;ssl=1 300w, https:\/\/i0.wp.com\/cdnoticias.com\/wp-content\/uploads\/2022\/11\/MUMALA.jpg?resize=1024%2C614&amp;ssl=1 1024w, https:\/\/i0.wp.com\/cdnoticias.com\/wp-content\/uploads\/2022\/11\/MUMALA.jpg?resize=768%2C461&amp;ssl=1 768w\" sizes=\"auto, (max-width: 800px) 100vw, 800px\" \/><\/p>\n<p>&nbsp;<\/p>\n<p><strong>El pedido de MuMaLa<\/strong><\/p>\n<p>&nbsp;<\/p>\n<p>La agrupaci\u00f3n Movimiento de Mujeres de la Matria Latinoamericana (MuMaLa) Olavarr\u00eda<a href=\"https:\/\/cdnoticias.com\/index.php\/2022\/11\/04\/se-reaviva-el-pedido-por-el-acceso-igualitario-a-los-productos-de-gestion-menstrual\/\" target=\"_blank\" rel=\"noopener\"> llev\u00f3 al HCD y a la Municipalidad<\/a>, un proyecto pidiendo la entrega de productos de gesti\u00f3n menstrual a personas en situaci\u00f3n de vulnerabilidad.<strong> Adem\u00e1s, solicitaron que se brinde informaci\u00f3n sobre las diferentes opciones higi\u00e9nicas y sanitarias.<\/strong><\/p>\n<p>&nbsp;<\/p>\n<p>Sostuvieron que \u201cluego de consultar en las 27 unidades sanitarias, el Hospital Municipal \u201cDr. H\u00e9ctor M. Cura\u201d, a la Direcci\u00f3n de Pol\u00edticas de G\u00e9nero, a Mujeres Adolescentes y el consultorio inclusivo, nos respondieron <strong>no entregar ning\u00fan elemento de gesti\u00f3n menstrual<\/strong>\u201d.<\/p>\n<p>&nbsp;<\/p>\n<p>\u201cEs urgente que se destinen pol\u00edticas p\u00fablicas con perspectiva de g\u00e9nero y ecol\u00f3gicas para no solo garantizar el acceso a la informaci\u00f3n y toma de decisi\u00f3n sobre la gesti\u00f3n menstrual sino tambi\u00e9n, pol\u00edticas pensadas desde la toma de conciencia y prevenci\u00f3n de la contaminaci\u00f3n\u201d, resaltaron.<\/p>\n","protected":false},"excerpt":{"rendered":"<p>Se trata de la creaci\u00f3n del \u201cPrograma Municipal de Gesti\u00f3n Menstrual Sostenible\u201d. La concejala In\u00e9s Creimer present\u00f3 una propuesta en<\/p>\n","protected":false},"author":5,"featured_media":64405,"comment_status":"closed","ping_status":"closed","sticky":false,"template":"","format":"standard","meta":{"_jetpack_memberships_contains_paid_content":false,"footnotes":""},"categories":[3,1],"tags":[],"class_list":["post-69483","post","type-post","status-publish","format-standard","has-post-thumbnail","hentry","category-genero","category-portada"],"jetpack_featured_media_url":"https:\/\/i0.wp.com\/cdnoticias.com\/wp-content\/uploads\/2022\/09\/HCD-sesion-especial.jpg?fit=800%2C445&ssl=1","jetpack_sharing_enabled":true,"_links":{"self":[{"href":"https:\/\/cdnoticias.com\/index.php\/wp-json\/wp\/v2\/posts\/69483","targetHints":{"allow":["GET"]}}],"collection":[{"href":"https:\/\/cdnoticias.com\/index.php\/wp-json\/wp\/v2\/posts"}],"about":[{"href":"https:\/\/cdnoticias.com\/index.php\/wp-json\/wp\/v2\/types\/post"}],"author":[{"embeddable":true,"href":"https:\/\/cdnoticias.com\/index.php\/wp-json\/wp\/v2\/users\/5"}],"replies":[{"embeddable":true,"href":"https:\/\/cdnoticias.com\/index.php\/wp-json\/wp\/v2\/comments?post=69483"}],"version-history":[{"count":0,"href":"https:\/\/cdnoticias.com\/index.php\/wp-json\/wp\/v2\/posts\/69483\/revisions"}],"wp:featuredmedia":[{"embeddable":true,"href":"https:\/\/cdnoticias.com\/index.php\/wp-json\/wp\/v2\/media\/64405"}],"wp:attachment":[{"href":"https:\/\/cdnoticias.com\/index.php\/wp-json\/wp\/v2\/media?parent=69483"}],"wp:term":[{"taxonomy":"category","embeddable":true,"href":"https:\/\/cdnoticias.com\/index.php\/wp-json\/wp\/v2\/categories?post=69483"},{"taxonomy":"post_tag","embeddable":true,"href":"https:\/\/cdnoticias.com\/index.php\/wp-json\/wp\/v2\/tags?post=69483"}],"curies":[{"name":"wp","href":"https:\/\/api.w.org\/{rel}","templated":true}]}}