{"id":69444,"date":"2022-11-08T18:05:08","date_gmt":"2022-11-08T21:05:08","guid":{"rendered":"https:\/\/www.centraldenoticias.com.ar\/?p=69444"},"modified":"2022-11-08T18:05:08","modified_gmt":"2022-11-08T21:05:08","slug":"internas-de-la-ucr-informaron-los-lugares-de-votacion-para-este-domingo","status":"publish","type":"post","link":"https:\/\/cdnoticias.com\/index.php\/2022\/11\/08\/internas-de-la-ucr-informaron-los-lugares-de-votacion-para-este-domingo\/","title":{"rendered":"Internas de la UCR: informaron los lugares de votaci\u00f3n para este domingo"},"content":{"rendered":"<p>Ser\u00e1 de 08:00 a 18:00 horas en ocho escuelas de todo el distrito. Participar\u00e1n todos los afiliados y afiliadas que figuren en el padr\u00f3n electoral.<!--more--><\/p>\n<hr \/>\n<p>Informado por la UCR local, <strong>se conocieron los lugares de votaci\u00f3n para la interna del radicalismo de este domingo. Ser\u00e1n ocho las escuelas habilitadas.<\/strong><\/p>\n<p>&nbsp;<\/p>\n<blockquote><p>Se podr\u00e1 emitir sufragio en el horario de 08:00 a 18:00 horas y est\u00e1n habilitados a participar todos aquellos afiliados y afiliadas que figuren en el padr\u00f3n electoral.<\/p><\/blockquote>\n<p>&nbsp;<\/p>\n<p>Adem\u00e1s, <strong>se indic\u00f3 que deber\u00e1n concurrir con el Documento Nacional de Identidad para poder emitir sus votos.<\/strong><\/p>\n<p>&nbsp;<\/p>\n<p>Asimismo, se\u00f1alaron que ante cualquier duda o consulta <strong>pueden comunicarse con el Comit\u00e9 a trav\u00e9s de sus redes sociales.<\/strong><\/p>\n<p>&nbsp;<\/p>\n<p>A continuaci\u00f3n, se detallan los establecimientos educativos para votar:<\/p>\n<p>&nbsp;<\/p>\n<p><strong>Olavarr\u00eda<\/strong><\/p>\n<p>&nbsp;<\/p>\n<p>Circuito 711 y 711A \u2013 Extranjeros<\/p>\n<p>&nbsp;<\/p>\n<ul>\n<li><strong>Escuela Secundaria N\u00ba 10 \u2013 San Mart\u00edn 3051<\/strong><\/li>\n<\/ul>\n<p>&nbsp;<\/p>\n<p>Circuito 711B, 711C, 712, 721 y 726<\/p>\n<p>&nbsp;<\/p>\n<ul>\n<li><strong>Escuela N\u00ba 4 \u201cDomingo F. Sarmiento\u201d \u2013 San Mart\u00edn y Chacabuco<\/strong><\/li>\n<\/ul>\n<p>&nbsp;<\/p>\n<p>Circuito 711D y 711E<\/p>\n<p>&nbsp;<\/p>\n<ul>\n<li><strong>Escuela N\u00ba 32 \u201cMinistro Wilde\u201d \u2013 De\u00e1n Funes 3302<\/strong><\/li>\n<\/ul>\n<p>&nbsp;<\/p>\n<p>Loma Negra \u2013 B\u00ba AOMA \u2013 Dura\u00f1ona \u2013 Santa Luisa<\/p>\n<p>&nbsp;<\/p>\n<p>Circuito 714, 719, 719A y 720<\/p>\n<p>&nbsp;<\/p>\n<ul>\n<li><strong>Escuela Secundaria N\u00ba 3 \u201cAmalia Lacroze de Fortabat\u201d \u2013 Ruta N\u00ba 51 KM. 23<\/strong><\/li>\n<\/ul>\n<p>&nbsp;<\/p>\n<p>Sierras Bayas \u2013 Colonia San Miguel<\/p>\n<p>&nbsp;<\/p>\n<p>Circuito 717 y 718<\/p>\n<p>&nbsp;<\/p>\n<ul>\n<li><strong>Escuela Primaria N\u00ba 14 \u201cRemedios de Escalada de San Mart\u00edn\u201d \u2013 San Mart\u00edn 2098 (Sierras Bayas<\/strong>)<\/li>\n<\/ul>\n<p>&nbsp;<\/p>\n<p>Colonia Hinojo \u2013 Hinojo \u2013 Colonia Nievas<\/p>\n<p>&nbsp;<\/p>\n<p>Circuito 715, 718A<\/p>\n<p>&nbsp;<\/p>\n<ul>\n<li><strong>Jard\u00edn de Infantes N\u00ba 924 \u2013 Av. de los Fundadores entre Uni\u00f3n y Avellaneda (Colonia Hinojo)<\/strong><\/li>\n<\/ul>\n<p>&nbsp;<\/p>\n<p>Sierra Chica<\/p>\n<p>&nbsp;<\/p>\n<p>Circuito 716<\/p>\n<p>&nbsp;<\/p>\n<ul>\n<li><strong>Escuela Secundaria N\u00ba 17 \u2013 Av. de los Fundadores y D\u2019ogglio<\/strong><\/li>\n<\/ul>\n<p>&nbsp;<\/p>\n<p>Espigas \u2013 Blanca Grande \u2013 Recalde<\/p>\n<p>&nbsp;<\/p>\n<p>Circuito 723, 723A y 725<\/p>\n<p>&nbsp;<\/p>\n<ul>\n<li><strong>Escuela Secundaria N\u00ba 15 \u2013 Calle 10 entre 11 y 13 (Espigas)<\/strong><\/li>\n<\/ul>\n","protected":false},"excerpt":{"rendered":"<p>Ser\u00e1 de 08:00 a 18:00 horas en ocho escuelas de todo el distrito. Participar\u00e1n todos los afiliados y afiliadas que<\/p>\n","protected":false},"author":2,"featured_media":69448,"comment_status":"closed","ping_status":"closed","sticky":false,"template":"","format":"standard","meta":{"_jetpack_memberships_contains_paid_content":false,"footnotes":""},"categories":[4,1],"tags":[],"class_list":["post-69444","post","type-post","status-publish","format-standard","has-post-thumbnail","hentry","category-politica","category-portada"],"jetpack_featured_media_url":"https:\/\/i0.wp.com\/cdnoticias.com\/wp-content\/uploads\/2022\/11\/IMG-20221108-WA0005.jpg?fit=1260%2C945&ssl=1","jetpack_sharing_enabled":true,"_links":{"self":[{"href":"https:\/\/cdnoticias.com\/index.php\/wp-json\/wp\/v2\/posts\/69444","targetHints":{"allow":["GET"]}}],"collection":[{"href":"https:\/\/cdnoticias.com\/index.php\/wp-json\/wp\/v2\/posts"}],"about":[{"href":"https:\/\/cdnoticias.com\/index.php\/wp-json\/wp\/v2\/types\/post"}],"author":[{"embeddable":true,"href":"https:\/\/cdnoticias.com\/index.php\/wp-json\/wp\/v2\/users\/2"}],"replies":[{"embeddable":true,"href":"https:\/\/cdnoticias.com\/index.php\/wp-json\/wp\/v2\/comments?post=69444"}],"version-history":[{"count":0,"href":"https:\/\/cdnoticias.com\/index.php\/wp-json\/wp\/v2\/posts\/69444\/revisions"}],"wp:featuredmedia":[{"embeddable":true,"href":"https:\/\/cdnoticias.com\/index.php\/wp-json\/wp\/v2\/media\/69448"}],"wp:attachment":[{"href":"https:\/\/cdnoticias.com\/index.php\/wp-json\/wp\/v2\/media?parent=69444"}],"wp:term":[{"taxonomy":"category","embeddable":true,"href":"https:\/\/cdnoticias.com\/index.php\/wp-json\/wp\/v2\/categories?post=69444"},{"taxonomy":"post_tag","embeddable":true,"href":"https:\/\/cdnoticias.com\/index.php\/wp-json\/wp\/v2\/tags?post=69444"}],"curies":[{"name":"wp","href":"https:\/\/api.w.org\/{rel}","templated":true}]}}