{"id":69439,"date":"2022-11-08T18:01:39","date_gmt":"2022-11-08T21:01:39","guid":{"rendered":"https:\/\/www.centraldenoticias.com.ar\/?p=69439"},"modified":"2022-11-08T18:01:39","modified_gmt":"2022-11-08T21:01:39","slug":"la-fundacion-temaiken-capacito-a-personal-veterinario-del-bioparque-municipal-la-maxima","status":"publish","type":"post","link":"https:\/\/cdnoticias.com\/index.php\/2022\/11\/08\/la-fundacion-temaiken-capacito-a-personal-veterinario-del-bioparque-municipal-la-maxima\/","title":{"rendered":"La Fundaci\u00f3n Temaiken capacit\u00f3 a personal veterinario del Bioparque Municipal \u201cLa M\u00e1xima\u201d"},"content":{"rendered":"<p>Tuvo una duraci\u00f3n de tres d\u00edas y cont\u00f3 con la participaci\u00f3n de especialistas en Fauna Silvestre.<!--more--><\/p>\n<hr \/>\n<p>La <strong>Fundaci\u00f3n Temaiken<\/strong> brind\u00f3 una <strong>capacitaci\u00f3n sobre los est\u00e1ndares de bienestar animal<\/strong> para el <strong>personal veterinario de toda la Argentina.<\/strong><\/p>\n<p>&nbsp;<\/p>\n<p>En representaci\u00f3n del <strong>Bioparque Municipal \u201cLa M\u00e1xima\u201d,<\/strong> particip\u00f3 de la jornada el<strong> M\u00e9d. Vet. Sebasti\u00e1n Valdez.<\/strong><\/p>\n<p>&nbsp;<\/p>\n<p>La capacitaci\u00f3n, que tuvo una<strong> duraci\u00f3n de tres d\u00edas,<\/strong> se desarroll\u00f3 en las instalaciones del Bioparque Temaiken <strong>y cont\u00f3 con la participaci\u00f3n de especialistas en Fauna Silvestre.<\/strong><\/p>\n<p>&nbsp;<\/p>\n<p>El cuidado y manejo de los animales depende de un proceso interdisciplinario, integrado por las \u00e1reas de cuidado animal: esto incluye enriquecimiento ambiental y entrenamiento para desarrollar e incrementar comportamientos propios de la especie a trav\u00e9s de la estimulaci\u00f3n mental y f\u00edsica de los animales; el \u00e1rea de sanidad, \u00e1rea que abarca la medicina preventiva, la realizaci\u00f3n de chequeos y ex\u00e1menes cl\u00ednicos, investigaci\u00f3n y tratamiento de las patolog\u00edas, nursery (cuidado neonatal) y el Centro de Incubaci\u00f3n y Recr\u00eda de aves del Bioparque Municipal \u201cLa M\u00e1xima\u201d.<\/p>\n<p>&nbsp;<\/p>\n<p>Otras \u00e1reas que integran el cuidado animal son la reproducci\u00f3n y nutrici\u00f3n, teniendo en cuenta que, para esta \u00faltima, se preparan las dietas de todos los animales, contemplando los requerimientos necesarios y la forma m\u00e1s conveniente en que se presentar\u00e1 la misma. La calidad de vida de los animales es una prioridad para el equipo de profesionales del Bioparque<strong>,<\/strong> ya que asegura un excelente estado f\u00edsico, emocional y psicol\u00f3gico para ambas partes.<\/p>\n<p>&nbsp;<\/p>\n<p>El <strong>director <\/strong>del <strong>Bioparque<\/strong>, prof. <strong>Flavio Maldonado,<\/strong> sostiene que<strong> las capacitaciones del personal resultan fundamentales <\/strong>para el equipo de cuidadores y profesionales del Bioparque \u201cLa M\u00e1xima\u201d y afirm\u00f3 que<strong> la formaci\u00f3n es clave para conservar la naturaleza.<\/strong><\/p>\n","protected":false},"excerpt":{"rendered":"<p>Tuvo una duraci\u00f3n de tres d\u00edas y cont\u00f3 con la participaci\u00f3n de especialistas en Fauna Silvestre.<\/p>\n","protected":false},"author":6,"featured_media":69440,"comment_status":"closed","ping_status":"closed","sticky":false,"template":"","format":"standard","meta":{"_jetpack_memberships_contains_paid_content":false,"footnotes":""},"categories":[5,1],"tags":[],"class_list":["post-69439","post","type-post","status-publish","format-standard","has-post-thumbnail","hentry","category-informacion-general","category-portada"],"jetpack_featured_media_url":"https:\/\/i0.wp.com\/cdnoticias.com\/wp-content\/uploads\/2022\/11\/La-Maxima-Capacitacion-Veterinario-1024x682-1.jpg?fit=1024%2C682&ssl=1","jetpack_sharing_enabled":true,"_links":{"self":[{"href":"https:\/\/cdnoticias.com\/index.php\/wp-json\/wp\/v2\/posts\/69439","targetHints":{"allow":["GET"]}}],"collection":[{"href":"https:\/\/cdnoticias.com\/index.php\/wp-json\/wp\/v2\/posts"}],"about":[{"href":"https:\/\/cdnoticias.com\/index.php\/wp-json\/wp\/v2\/types\/post"}],"author":[{"embeddable":true,"href":"https:\/\/cdnoticias.com\/index.php\/wp-json\/wp\/v2\/users\/6"}],"replies":[{"embeddable":true,"href":"https:\/\/cdnoticias.com\/index.php\/wp-json\/wp\/v2\/comments?post=69439"}],"version-history":[{"count":0,"href":"https:\/\/cdnoticias.com\/index.php\/wp-json\/wp\/v2\/posts\/69439\/revisions"}],"wp:featuredmedia":[{"embeddable":true,"href":"https:\/\/cdnoticias.com\/index.php\/wp-json\/wp\/v2\/media\/69440"}],"wp:attachment":[{"href":"https:\/\/cdnoticias.com\/index.php\/wp-json\/wp\/v2\/media?parent=69439"}],"wp:term":[{"taxonomy":"category","embeddable":true,"href":"https:\/\/cdnoticias.com\/index.php\/wp-json\/wp\/v2\/categories?post=69439"},{"taxonomy":"post_tag","embeddable":true,"href":"https:\/\/cdnoticias.com\/index.php\/wp-json\/wp\/v2\/tags?post=69439"}],"curies":[{"name":"wp","href":"https:\/\/api.w.org\/{rel}","templated":true}]}}