{"id":69434,"date":"2022-11-09T08:09:29","date_gmt":"2022-11-09T11:09:29","guid":{"rendered":"https:\/\/www.centraldenoticias.com.ar\/?p=69434"},"modified":"2022-11-09T09:32:39","modified_gmt":"2022-11-09T12:32:39","slug":"hcd-buscan-mejorar-la-seguridad-en-barrio-pickelado","status":"publish","type":"post","link":"https:\/\/cdnoticias.com\/index.php\/2022\/11\/09\/hcd-buscan-mejorar-la-seguridad-en-barrio-pickelado\/","title":{"rendered":"HCD: buscan mejorar la seguridad en barrio Pickelado"},"content":{"rendered":"<p>La propuesta fue presentada por el bloque UCR-Juntos. Surgi\u00f3 tras reuniones con vecinos y vecinas del sector y con entidades p\u00fablicas como Polic\u00eda, Control Urbano, Ojos en Alerta y Centro de Monitoreo.<!--more--><\/p>\n<hr \/>\n<p>Los concejales del bloque<strong> Uni\u00f3n C\u00edvica Radical<\/strong> de Olavarr\u00eda presentaron un proyecto de resoluci\u00f3n para solicitar al Departamento Ejecutivo Municipal que <strong>arbitre las gestiones necesarias para mejorar la seguridad y evitar hechos delictivos en barrio Pickelado.<\/strong><\/p>\n<p>&nbsp;<\/p>\n<p>Adem\u00e1s, requieren que se lleve adelante una evaluaci\u00f3n para determinar la factibilidad de la <strong>instalaci\u00f3n de c\u00e1maras de seguridad<\/strong> en los accesos al sector mencionado que permitan monitorear el tr\u00e1nsito como tambi\u00e9n la posibilidad de<strong> optimizar la luminaria<\/strong> en diferentes sectores del barrio.<\/p>\n<p>&nbsp;<\/p>\n<p>Por otra parte, los ediles tambi\u00e9n piden que se eval\u00fae la<strong> construcci\u00f3n de reductores de velocidad<\/strong> en las calles San Mart\u00edn y Bol\u00edvar y que el servicio de regado por las calles de tierra se lleve adelante de forma regular, adem\u00e1s de que se estudie la viabilidad de pavimentar a fin de resolver esta problem\u00e1tica.<\/p>\n<p>&nbsp;<\/p>\n<p>Por \u00faltimo, se pide asimismo la <strong>colocaci\u00f3n de se\u00f1alizaci\u00f3n<\/strong> con los nombres de las calles y cualquier otra carteler\u00eda que se considere de importancia.<\/p>\n<p>&nbsp;<\/p>\n<p>La propuesta surge luego de <strong>varias reuniones con vecinos y vecinas<\/strong> del mencionado barrio de la ciudad y con entidades p\u00fablicas como la<strong> Polic\u00eda, Control Urbano, Ojos en Alerta y el Centro de Monitoreo<\/strong>.<\/p>\n<p>&nbsp;<\/p>\n<p>En el caso del segundo encuentro, se logr\u00f3 debido a los puentes que los concejales construyen continuamente y cotidianamente con el Ejecutivo Municipal y con diferentes organizaciones del Partido de Olavarr\u00eda.<\/p>\n<p>&nbsp;<\/p>\n","protected":false},"excerpt":{"rendered":"<p>La propuesta fue presentada por el bloque UCR-Juntos. Surgi\u00f3 tras reuniones con vecinos y vecinas del sector y con entidades<\/p>\n","protected":false},"author":6,"featured_media":69435,"comment_status":"closed","ping_status":"closed","sticky":false,"template":"","format":"standard","meta":{"_jetpack_memberships_contains_paid_content":false,"footnotes":""},"categories":[4,1],"tags":[],"class_list":["post-69434","post","type-post","status-publish","format-standard","has-post-thumbnail","hentry","category-politica","category-portada"],"jetpack_featured_media_url":"https:\/\/i0.wp.com\/cdnoticias.com\/wp-content\/uploads\/2022\/11\/Vergel-Matrella.jpeg?fit=1024%2C684&ssl=1","jetpack_sharing_enabled":true,"_links":{"self":[{"href":"https:\/\/cdnoticias.com\/index.php\/wp-json\/wp\/v2\/posts\/69434","targetHints":{"allow":["GET"]}}],"collection":[{"href":"https:\/\/cdnoticias.com\/index.php\/wp-json\/wp\/v2\/posts"}],"about":[{"href":"https:\/\/cdnoticias.com\/index.php\/wp-json\/wp\/v2\/types\/post"}],"author":[{"embeddable":true,"href":"https:\/\/cdnoticias.com\/index.php\/wp-json\/wp\/v2\/users\/6"}],"replies":[{"embeddable":true,"href":"https:\/\/cdnoticias.com\/index.php\/wp-json\/wp\/v2\/comments?post=69434"}],"version-history":[{"count":0,"href":"https:\/\/cdnoticias.com\/index.php\/wp-json\/wp\/v2\/posts\/69434\/revisions"}],"wp:featuredmedia":[{"embeddable":true,"href":"https:\/\/cdnoticias.com\/index.php\/wp-json\/wp\/v2\/media\/69435"}],"wp:attachment":[{"href":"https:\/\/cdnoticias.com\/index.php\/wp-json\/wp\/v2\/media?parent=69434"}],"wp:term":[{"taxonomy":"category","embeddable":true,"href":"https:\/\/cdnoticias.com\/index.php\/wp-json\/wp\/v2\/categories?post=69434"},{"taxonomy":"post_tag","embeddable":true,"href":"https:\/\/cdnoticias.com\/index.php\/wp-json\/wp\/v2\/tags?post=69434"}],"curies":[{"name":"wp","href":"https:\/\/api.w.org\/{rel}","templated":true}]}}