{"id":69430,"date":"2022-11-08T17:32:07","date_gmt":"2022-11-08T20:32:07","guid":{"rendered":"https:\/\/www.centraldenoticias.com.ar\/?p=69430"},"modified":"2022-11-08T17:32:07","modified_gmt":"2022-11-08T20:32:07","slug":"sociales-celebro-un-convenio-con-el-centro-de-empleados-de-comercio-de-olavarria","status":"publish","type":"post","link":"https:\/\/cdnoticias.com\/index.php\/2022\/11\/08\/sociales-celebro-un-convenio-con-el-centro-de-empleados-de-comercio-de-olavarria\/","title":{"rendered":"Sociales celebr\u00f3 un convenio con el Centro de Empleados de Comercio de Olavarr\u00eda"},"content":{"rendered":"<p>A trav\u00e9s del mismo se impulsa la implementaci\u00f3n de pasant\u00edas rentadas en la centenaria instituci\u00f3n olavarriense.<!--more--><\/p>\n<hr \/>\n<p>Este martes se llev\u00f3 adelante la <strong>firma del convenio<\/strong> marco entre la<strong> Universidad Nacional del Centro de la Provincia de Buenos Aires<\/strong> y el <strong>Centro de Empleados de Comercio de Olavarr\u00eda<\/strong> en la sede de la entidad ubicada en el centro de la ciudad.<\/p>\n<p>&nbsp;<\/p>\n<p>La r\u00fabrica del convenio espec\u00edfico la realiz\u00f3 la <strong>decana de la Facultad de Ciencias Sociales, Lic. Gabriela Gamberini,<\/strong> junto con el <strong>Sr. Miguel Santell\u00e1n<\/strong>. En el encuentro participaron adem\u00e1s, por la Facultad de Ciencias Sociales, el Lic. Nicol\u00e1s Casado, Secretario de Extensi\u00f3n, Bienestar y Transferencia; en tanto que estuvieron presentes integrantes de la Comisi\u00f3n Directiva del Centro de Empleados de Comercio de Olavarr\u00eda.<\/p>\n<p>&nbsp;<\/p>\n<p>A partir de este acuerdo <strong>estudiantes de las carreras de la Facultad de Ciencias Sociales podr\u00e1n acceder a pasant\u00edas rentadas en el CECO<\/strong>, situaci\u00f3n que les permitir\u00e1<strong> adquirir experiencia laboral<\/strong> como complemento de la formaci\u00f3n acad\u00e9mica. Se trata de una instancia con una importante carga formativa, que le brindar\u00e1 al o la pasante que sea seleccionado\/a un enriquecimiento en su formaci\u00f3n profesional donde se conjugan la teor\u00eda con la pr\u00e1ctica.<\/p>\n<p>&nbsp;<\/p>\n<p><img data-recalc-dims=\"1\" loading=\"lazy\" decoding=\"async\" class=\"aligncenter wp-image-69431 size-full\" src=\"https:\/\/i0.wp.com\/cdnoticias.com\/wp-content\/uploads\/2022\/11\/Convenio-CECO-2.jpg?resize=800%2C488&#038;ssl=1\" alt=\"\" width=\"800\" height=\"488\" srcset=\"https:\/\/i0.wp.com\/cdnoticias.com\/wp-content\/uploads\/2022\/11\/Convenio-CECO-2.jpg?w=1338&amp;ssl=1 1338w, https:\/\/i0.wp.com\/cdnoticias.com\/wp-content\/uploads\/2022\/11\/Convenio-CECO-2.jpg?resize=300%2C183&amp;ssl=1 300w, https:\/\/i0.wp.com\/cdnoticias.com\/wp-content\/uploads\/2022\/11\/Convenio-CECO-2.jpg?resize=1024%2C625&amp;ssl=1 1024w, https:\/\/i0.wp.com\/cdnoticias.com\/wp-content\/uploads\/2022\/11\/Convenio-CECO-2.jpg?resize=768%2C469&amp;ssl=1 768w\" sizes=\"auto, (max-width: 800px) 100vw, 800px\" \/><\/p>\n<p>&nbsp;<\/p>\n<p>La firma de este acuerdo se suma a las realizadas a lo largo del a\u00f1o con o<strong>tras instituciones y medios de comunicaci\u00f3n de la ciudad.<\/strong> Puntualmente este convenio se enmarca en las pr\u00e1cticas de comunicaci\u00f3n institucional de la entidad.<\/p>\n<p>&nbsp;<\/p>\n<p>En el encuentro la Lic. <strong>Gamberini<\/strong> destac\u00f3 la oportunidad de firmar un convenio marco con una instituci\u00f3n con la historia y relevancia del CECO, as\u00ed como &#8220;<em><strong>la importancia que estudiantes de la Facultad de Ciencias Sociales puedan acceder a este tipo de pasant\u00edas y un trabajo digno&#8221;.<\/strong><\/em><\/p>\n<p>&nbsp;<\/p>\n<p>Por su parte <strong>Santell\u00e1n<\/strong> manifest\u00f3 que desde la entidad <em><strong>&#8220;estamos halagados y contentos<\/strong><\/em>&#8221; con la posibilidad de realizar esta firma con la UNICEN, y m\u00e1s espec\u00edficamente con FACSO. <em><strong>&#8220;Tenemos la necesidad de tener una buena comunicaci\u00f3n, llegar a nuestros afiliados es muy importante y lo que m\u00e1s nos interesa, por lo que celebramos la posibilidad de acceder al profesionalismo de la Facultad de Ciencias Sociales&#8221;,<\/strong><\/em> expres\u00f3.<\/p>\n","protected":false},"excerpt":{"rendered":"<p>A trav\u00e9s del mismo se impulsa la implementaci\u00f3n de pasant\u00edas rentadas en la centenaria instituci\u00f3n olavarriense.<\/p>\n","protected":false},"author":6,"featured_media":69432,"comment_status":"closed","ping_status":"closed","sticky":false,"template":"","format":"standard","meta":{"_jetpack_memberships_contains_paid_content":false,"footnotes":""},"categories":[5,1],"tags":[],"class_list":["post-69430","post","type-post","status-publish","format-standard","has-post-thumbnail","hentry","category-informacion-general","category-portada"],"jetpack_featured_media_url":"https:\/\/i0.wp.com\/cdnoticias.com\/wp-content\/uploads\/2022\/11\/Convenio-CECO-1.jpg?fit=1137%2C660&ssl=1","jetpack_sharing_enabled":true,"_links":{"self":[{"href":"https:\/\/cdnoticias.com\/index.php\/wp-json\/wp\/v2\/posts\/69430","targetHints":{"allow":["GET"]}}],"collection":[{"href":"https:\/\/cdnoticias.com\/index.php\/wp-json\/wp\/v2\/posts"}],"about":[{"href":"https:\/\/cdnoticias.com\/index.php\/wp-json\/wp\/v2\/types\/post"}],"author":[{"embeddable":true,"href":"https:\/\/cdnoticias.com\/index.php\/wp-json\/wp\/v2\/users\/6"}],"replies":[{"embeddable":true,"href":"https:\/\/cdnoticias.com\/index.php\/wp-json\/wp\/v2\/comments?post=69430"}],"version-history":[{"count":0,"href":"https:\/\/cdnoticias.com\/index.php\/wp-json\/wp\/v2\/posts\/69430\/revisions"}],"wp:featuredmedia":[{"embeddable":true,"href":"https:\/\/cdnoticias.com\/index.php\/wp-json\/wp\/v2\/media\/69432"}],"wp:attachment":[{"href":"https:\/\/cdnoticias.com\/index.php\/wp-json\/wp\/v2\/media?parent=69430"}],"wp:term":[{"taxonomy":"category","embeddable":true,"href":"https:\/\/cdnoticias.com\/index.php\/wp-json\/wp\/v2\/categories?post=69430"},{"taxonomy":"post_tag","embeddable":true,"href":"https:\/\/cdnoticias.com\/index.php\/wp-json\/wp\/v2\/tags?post=69430"}],"curies":[{"name":"wp","href":"https:\/\/api.w.org\/{rel}","templated":true}]}}