{"id":69416,"date":"2022-11-08T13:35:41","date_gmt":"2022-11-08T16:35:41","guid":{"rendered":"https:\/\/www.centraldenoticias.com.ar\/?p=69416"},"modified":"2022-11-08T13:55:27","modified_gmt":"2022-11-08T16:55:27","slug":"sub-de-30-en-los-montos-de-las-becas-y-prestaciones-sociales-bonaerenses","status":"publish","type":"post","link":"https:\/\/cdnoticias.com\/index.php\/2022\/11\/08\/sub-de-30-en-los-montos-de-las-becas-y-prestaciones-sociales-bonaerenses\/","title":{"rendered":"Suba de 30% en los montos de las becas y prestaciones sociales bonaerenses"},"content":{"rendered":"<p>El incremento llega al 108% en lo que va del a\u00f1o. Son programas de subsecretar\u00edas del Ministerio de Desarrollo de la Comunidad.<!--more--><\/p>\n<hr \/>\n<p>El Ministerio de Desarrollo de la Comunidad provincial anunci\u00f3 <strong>un aumento del 30% en los montos de las prestaciones y becas de los programas sociales bonaerenses<\/strong> y el incremento acumulado en 2022 para las mismas llega al 108%.<\/p>\n<p>&nbsp;<\/p>\n<blockquote><p>A trav\u00e9s de un comunicado, la cartera que conduce Andr\u00e9s \u201cCuervo\u201d Larroque inform\u00f3 \u201caumentos del 30% a partir de noviembre en las becas de los programas sociales destinados al acompa\u00f1amiento y la inclusi\u00f3n de las ni\u00f1eces, los y las j\u00f3venes, las personas con discapacidad y personas mayores; como as\u00ed tambi\u00e9n de las prestaciones a espacios comunitarios e instituciones\u201d.<\/p><\/blockquote>\n<p>&nbsp;<\/p>\n<p>Con este nuevo aumento, que se suma a otro realizado el pasado mayo,<strong> se garantiza una suba que acumula un 108% en 2022.<\/strong> \u201cSe trata de programas que dependen de las subsecretar\u00edas de Pol\u00edticas Sociales y de Organizaci\u00f3n Comunitaria\u201d, aclar\u00f3 la cartera bonaerense.<\/p>\n<p>&nbsp;<\/p>\n<blockquote class=\"twitter-tweet\">\n<p dir=\"ltr\" lang=\"es\">Anunciamos aumentos del 30% en programas sociales destinados al acompa\u00f1amiento y la inclusi\u00f3n de las ni\u00f1eces, los y las j\u00f3venes, las personas con discapacidad, personas mayores, espacios comunitarios e instituciones.<\/p>\n<p>Esto significa un incremento acumulado del 108% en 2022 \ud83d\udc47 <a href=\"https:\/\/t.co\/LmsWyYRznZ\">pic.twitter.com\/LmsWyYRznZ<\/a><\/p>\n<p>\u2014 Desarrollo de la Comunidad BA (@MinDesarrolloBA) <a href=\"https:\/\/twitter.com\/MinDesarrolloBA\/status\/1589696645109022720?ref_src=twsrc%5Etfw\">November 7, 2022<\/a><\/p><\/blockquote>\n<p><script async src=\"https:\/\/platform.twitter.com\/widgets.js\" charset=\"utf-8\"><\/script><\/p>\n<ul>\n<li>Prestaciones de la subsecretar\u00eda de Pol\u00edticas Sociales<\/li>\n<\/ul>\n<p>&nbsp;<\/p>\n<p>A partir de noviembre, con el incremento del 30%, la subsecretar\u00eda de Pol\u00edticas Sociales<strong> invertir\u00e1 mensualmente $ 1.699 millones.<\/strong><\/p>\n<p>&nbsp;<\/p>\n<p><strong>Unidades de Desarrollo Infantil (UDI)<\/strong>: la modalidad Jard\u00edn Maternal alcanza a 33.222 destinatarios y el mont\u00f3 ser\u00e1 de $ 9.901 por beca. La modalidad Casa del Ni\u00f1o posee 22.603 destinatarios y el monto asciende a los $ 9.901 por beca. La modalidad Centro de Atenci\u00f3n Integral cuenta con 23.433 destinatarios y el monto por beca queda en $ 7.072.<\/p>\n<p>&nbsp;<\/p>\n<p><strong>Envi\u00f3n:<\/strong> las becas j\u00f3venes alcanzan a 51.834 destinatarios y se incrementan a $ 6.500. Las becas a tutores contemplan a 3.501 destinatarios y el nuevo monto con aumento es de $ 10.500. Por su parte, los Equipos T\u00e9cnicos son 3.059 personas que a partir de ahora percibir\u00e1n $ 41.000.<\/p>\n<p>&nbsp;<\/p>\n<p><strong>La beca Centro Juvenil<\/strong> presenta 10.239 j\u00f3venes destinatarios y aumenta a $ 7.603.<\/p>\n<p>&nbsp;<\/p>\n<p><strong>Centro Comunitario de Acompa\u00f1amiento Sociocomunitario en Adicciones (CASA)<\/strong>: los 26 espacios percibir\u00e1n un m\u00f3dulo fijo que asciende a los $ 166.400 y 3 m\u00f3dulos por talleres que aumentan a $ 83.200 cada uno. En total, cada espacio recibir\u00e1 mensualmente $ 416.000.<\/p>\n<p>&nbsp;<\/p>\n<p>El <strong>programa Casas de Encuentro Comunitario (CEC)<\/strong> con el aumento del 30% la inversi\u00f3n mensual ser\u00e1 de $ 12 millones, que alcanza a 10.629 destinatarios.<\/p>\n<p>&nbsp;<\/p>\n<p>El <strong>programa M\u00e1s Vida<\/strong> alcanza a 11.139 trabajadoras vecinales, que pasar\u00e1n a cobrar $ 4.160; por su parte las 38.811 jefas de familia con un hijo pasar\u00e1n a percibir $ 4.160 y el complemento adicional por hijo tendr\u00e1 un valor de $ 1.726,40.<\/p>\n<p>&nbsp;<\/p>\n<p>El<strong> Programa de Asistencia Alimentaria para personas Cel\u00edacas (PAAC)<\/strong> alcanza a 4.912 personas y el valor con el aumento llega a $ 5.850.<\/p>\n<p>&nbsp;<\/p>\n<p>El <strong>Programa de Asistencia Alimentaria para personas Inmunodeprimidas (PAAI)<\/strong> alcanza a 4.788 personas y el valor de la prestaci\u00f3n sube a $5.850.<\/p>\n<p>&nbsp;<\/p>\n<ul>\n<li>Programas destinados a Personas con Discapacidad<\/li>\n<\/ul>\n<p>&nbsp;<\/p>\n<p>Las <strong>becas Taller Protegido para Personas con Discapacidad<\/strong> poseen 4.757 destinatarios y con el aumento alcanzan los $ 8.986. El Peculio de Talleres Protegidos sube a $ 2.700 y alcanza a los 4.757 destinatarios.<\/p>\n<p>&nbsp;<\/p>\n<p>En los <strong>Hogares para Personas con Discapacidad<\/strong> el valor de las prestaciones aumenta a $ 51.917 por beca conveniada con la instituci\u00f3n.<\/p>\n<p>&nbsp;<\/p>\n<p>En la modalidad <strong>Centro de D\u00eda para Personas con Discapacidad<\/strong> las instituciones percibir\u00e1n por beca $ 9.318 con el \u00faltimo aumento.<\/p>\n<p>&nbsp;<\/p>\n<p>Las instituciones conveniadas bajo el programa de <strong>Actividades Ecuestres para Personas con Discapacidad<\/strong> perciben, por beca, a partir del aumento $6.656.<\/p>\n<p>&nbsp;<\/p>\n<ul>\n<li>Programas destinados a Personas Mayores<\/li>\n<\/ul>\n<p>&nbsp;<\/p>\n<p>El <strong>programa de Hogares Autovalidos y Dependientes para Personas Mayores<\/strong> alcanza, con el nuevo, aumento los $37.440 y $44.928 respectivamente, por beca conveniada con la instituci\u00f3n.<\/p>\n<p>&nbsp;<\/p>\n<p>En tanto, el <strong>programa Casa de D\u00eda para Personas Mayores<\/strong> con el aumento del valor de la prestaci\u00f3n alcanza los $5.460, por beca conveniada con la instituci\u00f3n.<\/p>\n<p>&nbsp;<\/p>\n<blockquote><p>El Ministerio de Desarrollo de la Comunidad destac\u00f3 que \u201ccon estos aumentos, la inversi\u00f3n mensual de la Subsecretar\u00eda de Pol\u00edticas Sociales asciende a 15.016 millones de pesos, teniendo en cuenta el Servicio Alimentario Escolar (SAE) y el programa M\u00f3dulo Extraordinario para la Seguridad Alimentaria (MESA Bonaerense), destinados a garantizar la seguridad alimentaria en m\u00e1s de 2 millones de ni\u00f1as, ni\u00f1os y adolescentes de la Provincia\u201d.<\/p><\/blockquote>\n<p>&nbsp;<\/p>\n<ul>\n<li>Prestaciones de la subsecretar\u00eda de Organizaci\u00f3n Comunitaria<\/li>\n<\/ul>\n<p>&nbsp;<\/p>\n<p>La inversi\u00f3n mensual de la subsecretar\u00eda de Organizaci\u00f3n Comunitaria, <strong>a partir de los aumentos del 30%, asciende a $ 259 millones.<\/strong><\/p>\n<p>&nbsp;<\/p>\n<p><strong>Centros de Integraci\u00f3n Social (CIS)<\/strong>: actualmente se encuentran en funcionamiento siete centros que cuentan con 145 plazas en total. Para los centros que no pagan alquiler por sus espacios el valor de la beca asciende a $40.950. En tanto, para los que s\u00ed tienen gastos de alquiler la suma llega a los $ 46.800. La inversi\u00f3n mensual es cercana a $ 6 millones.<\/p>\n<p>&nbsp;<\/p>\n<p><strong>Fortalecimiento Alimentario a Espacios Comunitarios (FAEC)<\/strong>: el m\u00f3dulo de la tarjeta aumenta a $ 20.800. Los actuales 6.298 m\u00f3dulos que prev\u00e9 el programa se encuentran divididos entre 2.376 destinatarios, e implicar\u00e1 una inversi\u00f3n mensual de m\u00e1s de $ 130 millones.<\/p>\n<p>&nbsp;<\/p>\n<p><strong>Barrios Bonaerenses:<\/strong> los 6.611 destinatarios del programa al d\u00eda de hoy se encuentran agrupados en dos categor\u00edas cuyos montos aumentar\u00e1n a $ 15.000 y $ 19.500, previendo una inversi\u00f3n de $122 millones mensuales.<\/p>\n<p>&nbsp;<\/p>\n<p>Fuente:<em> Agencia DIB<\/em><\/p>\n","protected":false},"excerpt":{"rendered":"<p>El incremento llega al 108% en lo que va del a\u00f1o. Son programas de subsecretar\u00edas del Ministerio de Desarrollo de<\/p>\n","protected":false},"author":4,"featured_media":34023,"comment_status":"closed","ping_status":"closed","sticky":false,"template":"","format":"standard","meta":{"_jetpack_memberships_contains_paid_content":false,"footnotes":""},"categories":[6,1],"tags":[],"class_list":["post-69416","post","type-post","status-publish","format-standard","has-post-thumbnail","hentry","category-nacionales","category-portada"],"jetpack_featured_media_url":"https:\/\/i0.wp.com\/cdnoticias.com\/wp-content\/uploads\/2021\/09\/comedor-escolar-00.jpg?fit=600%2C334&ssl=1","jetpack_sharing_enabled":true,"_links":{"self":[{"href":"https:\/\/cdnoticias.com\/index.php\/wp-json\/wp\/v2\/posts\/69416","targetHints":{"allow":["GET"]}}],"collection":[{"href":"https:\/\/cdnoticias.com\/index.php\/wp-json\/wp\/v2\/posts"}],"about":[{"href":"https:\/\/cdnoticias.com\/index.php\/wp-json\/wp\/v2\/types\/post"}],"author":[{"embeddable":true,"href":"https:\/\/cdnoticias.com\/index.php\/wp-json\/wp\/v2\/users\/4"}],"replies":[{"embeddable":true,"href":"https:\/\/cdnoticias.com\/index.php\/wp-json\/wp\/v2\/comments?post=69416"}],"version-history":[{"count":0,"href":"https:\/\/cdnoticias.com\/index.php\/wp-json\/wp\/v2\/posts\/69416\/revisions"}],"wp:featuredmedia":[{"embeddable":true,"href":"https:\/\/cdnoticias.com\/index.php\/wp-json\/wp\/v2\/media\/34023"}],"wp:attachment":[{"href":"https:\/\/cdnoticias.com\/index.php\/wp-json\/wp\/v2\/media?parent=69416"}],"wp:term":[{"taxonomy":"category","embeddable":true,"href":"https:\/\/cdnoticias.com\/index.php\/wp-json\/wp\/v2\/categories?post=69416"},{"taxonomy":"post_tag","embeddable":true,"href":"https:\/\/cdnoticias.com\/index.php\/wp-json\/wp\/v2\/tags?post=69416"}],"curies":[{"name":"wp","href":"https:\/\/api.w.org\/{rel}","templated":true}]}}