{"id":69392,"date":"2022-11-08T10:24:40","date_gmt":"2022-11-08T13:24:40","guid":{"rendered":"https:\/\/www.centraldenoticias.com.ar\/?p=69392"},"modified":"2022-11-08T10:24:40","modified_gmt":"2022-11-08T13:24:40","slug":"clelia-lujan-fortunato-viuda-de-rizzo-chocha-q-e-p-d","status":"publish","type":"post","link":"https:\/\/cdnoticias.com\/index.php\/2022\/11\/08\/clelia-lujan-fortunato-viuda-de-rizzo-chocha-q-e-p-d\/","title":{"rendered":"Clelia Luj\u00e1n Fortunato viuda de Rizzo \u201cChocha\u201d (Q.E.P.D.)"},"content":{"rendered":"<p>Falleci\u00f3 en Olavarr\u00eda el 8 de noviembre de 2022 a los 89 a\u00f1os de edad. Sus hijos Nora Susana y Ricardo &#8220;Chori&#8221; Rizzo. Sus hijos pol\u00edticos Eduardo Gioia. Sus nietos Mar\u00eda Florencia, Juan Eduardo, Mar\u00eda Bel\u00e9n Gioia; y Valentina Rizzo. Sus nietos pol\u00edticos Mat\u00edas Errobidart y Julio Lindner. Sus bisnietos Santino, Octavio y Maitena Errobidart. Sus sobrinos Silvia Fortunato. Sus sobrinos pol\u00edticos y dem\u00e1s deudos participan su fallecimiento.<\/p>\n<p>&nbsp;<\/p>\n<p>Sus restos ser\u00e1n velados en Espa\u00f1a 2942 departamento &#8220;A&#8221; y ser\u00e1n inhumados en el cementerio Loma de Paz, este martes a las 14.30, previo responso en la capilla ardiente. Vecina de barrio Pueblo Nuevo. Nacida en Azul. Jubilada y pensionada.<\/p>\n","protected":false},"excerpt":{"rendered":"<p>Falleci\u00f3 en Olavarr\u00eda el 8 de noviembre de 2022 a los 89 a\u00f1os de edad. Sus hijos Nora Susana y<\/p>\n","protected":false},"author":5,"featured_media":67646,"comment_status":"closed","ping_status":"closed","sticky":false,"template":"","format":"standard","meta":{"_jetpack_memberships_contains_paid_content":false,"footnotes":""},"categories":[10],"tags":[],"class_list":["post-69392","post","type-post","status-publish","format-standard","has-post-thumbnail","hentry","category-necrologicas"],"jetpack_featured_media_url":"https:\/\/i0.wp.com\/cdnoticias.com\/wp-content\/uploads\/2022\/10\/necrologicas-390-x-240.jpg?fit=390%2C240&ssl=1","jetpack_sharing_enabled":true,"_links":{"self":[{"href":"https:\/\/cdnoticias.com\/index.php\/wp-json\/wp\/v2\/posts\/69392","targetHints":{"allow":["GET"]}}],"collection":[{"href":"https:\/\/cdnoticias.com\/index.php\/wp-json\/wp\/v2\/posts"}],"about":[{"href":"https:\/\/cdnoticias.com\/index.php\/wp-json\/wp\/v2\/types\/post"}],"author":[{"embeddable":true,"href":"https:\/\/cdnoticias.com\/index.php\/wp-json\/wp\/v2\/users\/5"}],"replies":[{"embeddable":true,"href":"https:\/\/cdnoticias.com\/index.php\/wp-json\/wp\/v2\/comments?post=69392"}],"version-history":[{"count":0,"href":"https:\/\/cdnoticias.com\/index.php\/wp-json\/wp\/v2\/posts\/69392\/revisions"}],"wp:featuredmedia":[{"embeddable":true,"href":"https:\/\/cdnoticias.com\/index.php\/wp-json\/wp\/v2\/media\/67646"}],"wp:attachment":[{"href":"https:\/\/cdnoticias.com\/index.php\/wp-json\/wp\/v2\/media?parent=69392"}],"wp:term":[{"taxonomy":"category","embeddable":true,"href":"https:\/\/cdnoticias.com\/index.php\/wp-json\/wp\/v2\/categories?post=69392"},{"taxonomy":"post_tag","embeddable":true,"href":"https:\/\/cdnoticias.com\/index.php\/wp-json\/wp\/v2\/tags?post=69392"}],"curies":[{"name":"wp","href":"https:\/\/api.w.org\/{rel}","templated":true}]}}