{"id":69388,"date":"2022-11-08T16:46:04","date_gmt":"2022-11-08T19:46:04","guid":{"rendered":"https:\/\/www.centraldenoticias.com.ar\/?p=69388"},"modified":"2022-11-08T16:46:04","modified_gmt":"2022-11-08T19:46:04","slug":"este-sabado-peste-en-la-estacion-el-provincial","status":"publish","type":"post","link":"https:\/\/cdnoticias.com\/index.php\/2022\/11\/08\/este-sabado-peste-en-la-estacion-el-provincial\/","title":{"rendered":"Este s\u00e1bado, \u201cPeste\u201d en la Estaci\u00f3n El Provincial"},"content":{"rendered":"<p>Los Bufones del And\u00e9n se presentar\u00e1n desde las 20.30 en Belgrano y Jun\u00edn.<!--more--><\/p>\n<hr \/>\n<p><strong>Este s\u00e1bado<\/strong> Los Bufones del And\u00e9n, grupo de teatro comunitario de Olavarr\u00eda,<strong> pondr\u00e1n en escena su obra \u201cPeste\u201d.<\/strong><\/p>\n<p>&nbsp;<\/p>\n<p>Comenzar\u00e1<strong> a las 20.30 en la Estaci\u00f3n El Provincial de Belgrano y Jun\u00edn<\/strong>.<em> \u201cTe esperamos. Llevate silla, reposera, banqueta. Invit\u00e1 a quien quieras y ven\u00ed a disfrutar de una funci\u00f3n de Teatro Comunitario\u201d<\/em> es la propuesta de la Mutual Macondo.<\/p>\n<p>&nbsp;<\/p>\n<p><img data-recalc-dims=\"1\" loading=\"lazy\" decoding=\"async\" class=\"size-full wp-image-69390 aligncenter\" src=\"https:\/\/i0.wp.com\/cdnoticias.com\/wp-content\/uploads\/2022\/11\/peste-bufones-del-anden-macondo-1.jpg?resize=500%2C500&#038;ssl=1\" alt=\"\" width=\"500\" height=\"500\" srcset=\"https:\/\/i0.wp.com\/cdnoticias.com\/wp-content\/uploads\/2022\/11\/peste-bufones-del-anden-macondo-1.jpg?w=500&amp;ssl=1 500w, https:\/\/i0.wp.com\/cdnoticias.com\/wp-content\/uploads\/2022\/11\/peste-bufones-del-anden-macondo-1.jpg?resize=300%2C300&amp;ssl=1 300w, https:\/\/i0.wp.com\/cdnoticias.com\/wp-content\/uploads\/2022\/11\/peste-bufones-del-anden-macondo-1.jpg?resize=150%2C150&amp;ssl=1 150w\" sizes=\"auto, (max-width: 500px) 100vw, 500px\" \/><\/p>\n<p>&nbsp;<\/p>\n<p>El texto y la direcci\u00f3n est\u00e1n a cargo de Lucy Iguerategui y Julio Ben\u00edtez. Los actores son: Daniel Garc\u00eda, Tachi Iguerategui, Fabi\u00e1n Angelier, Mar\u00eda Delia Barbato, Romeo V\u00edvoda, Emma Staszkiewicz, Ester Arce, Juan Mujica, Andrea Rodr\u00edguez, Pamela Juri, Mirta Masson, Claudia Ortelli, Anabella Galvano, Lucy Iguerategui y Julio Ben\u00edtez.<\/p>\n<p>&nbsp;<\/p>\n<p><a href=\"https:\/\/cdnoticias.com\/index.php\/2022\/09\/24\/macondo-estrena-obra-en-la-plata-peste-se-va-para-el-meridiano-v\/\" target=\"_blank\" rel=\"noopener\">En septiembre, cuando \u201cPeste\u201d se present\u00f3 en La Plata<\/a>, <strong>Lucy Iguerategui y Daniel Garc\u00eda<\/strong> hablaron con<strong> Central de Noticias<\/strong> sobre la obra. Cuenta la historia de un pueblo con personajes que uno puede encontrar \u201ca la vuelta de la esquina\u201d. <em>Este pueblo \u201cest\u00e1 conmocionado por una historia terrible y hay que esperar el desarrollo de la obra para ver cu\u00e1n real era esa historia terrible\u201d<\/em>.<\/p>\n<p>&nbsp;<\/p>\n<p>&nbsp;<\/p>\n","protected":false},"excerpt":{"rendered":"<p>Los Bufones del And\u00e9n se presentar\u00e1n desde las 20.30 en Belgrano y Jun\u00edn.<\/p>\n","protected":false},"author":4,"featured_media":69389,"comment_status":"closed","ping_status":"closed","sticky":false,"template":"","format":"standard","meta":{"_jetpack_memberships_contains_paid_content":false,"footnotes":""},"categories":[9,1],"tags":[],"class_list":["post-69388","post","type-post","status-publish","format-standard","has-post-thumbnail","hentry","category-cultura","category-portada"],"jetpack_featured_media_url":"https:\/\/i0.wp.com\/cdnoticias.com\/wp-content\/uploads\/2022\/11\/peste-bufones-del-anden-macondo-0.jpg?fit=800%2C445&ssl=1","jetpack_sharing_enabled":true,"_links":{"self":[{"href":"https:\/\/cdnoticias.com\/index.php\/wp-json\/wp\/v2\/posts\/69388","targetHints":{"allow":["GET"]}}],"collection":[{"href":"https:\/\/cdnoticias.com\/index.php\/wp-json\/wp\/v2\/posts"}],"about":[{"href":"https:\/\/cdnoticias.com\/index.php\/wp-json\/wp\/v2\/types\/post"}],"author":[{"embeddable":true,"href":"https:\/\/cdnoticias.com\/index.php\/wp-json\/wp\/v2\/users\/4"}],"replies":[{"embeddable":true,"href":"https:\/\/cdnoticias.com\/index.php\/wp-json\/wp\/v2\/comments?post=69388"}],"version-history":[{"count":0,"href":"https:\/\/cdnoticias.com\/index.php\/wp-json\/wp\/v2\/posts\/69388\/revisions"}],"wp:featuredmedia":[{"embeddable":true,"href":"https:\/\/cdnoticias.com\/index.php\/wp-json\/wp\/v2\/media\/69389"}],"wp:attachment":[{"href":"https:\/\/cdnoticias.com\/index.php\/wp-json\/wp\/v2\/media?parent=69388"}],"wp:term":[{"taxonomy":"category","embeddable":true,"href":"https:\/\/cdnoticias.com\/index.php\/wp-json\/wp\/v2\/categories?post=69388"},{"taxonomy":"post_tag","embeddable":true,"href":"https:\/\/cdnoticias.com\/index.php\/wp-json\/wp\/v2\/tags?post=69388"}],"curies":[{"name":"wp","href":"https:\/\/api.w.org\/{rel}","templated":true}]}}