{"id":69383,"date":"2022-11-08T10:09:46","date_gmt":"2022-11-08T13:09:46","guid":{"rendered":"https:\/\/www.centraldenoticias.com.ar\/?p=69383"},"modified":"2022-11-08T12:46:20","modified_gmt":"2022-11-08T15:46:20","slug":"belen-vergel-este-es-el-espacio-que-va-a-tener-el-destino-del-2023","status":"publish","type":"post","link":"https:\/\/cdnoticias.com\/index.php\/2022\/11\/08\/belen-vergel-este-es-el-espacio-que-va-a-tener-el-destino-del-2023\/","title":{"rendered":"Bel\u00e9n Vergel: \u201cEste es el espacio que va a tener el destino del 2023\u201d"},"content":{"rendered":"<p>La candidata a presidenta de la UCR local resalt\u00f3 la importancia de las elecciones internas del 13 de noviembre. Los objetivos de la lista que integra, la participaci\u00f3n de los afiliados y el regreso al comit\u00e9 de la calle 25 de Mayo.<!--more--><\/p>\n<hr \/>\n<p>La candidata a presidir el comit\u00e9 de la Uni\u00f3n C\u00edvica Radical en Olavarr\u00eda, Bel\u00e9n Vergel, habl\u00f3 con <em>Central de Noticias<\/em> sobre el \u00faltimo tramo de la campa\u00f1a antes de las<strong> elecciones internas que se desarrollar\u00e1n el pr\u00f3ximo 13 de noviembre.<\/strong><\/p>\n<p>&nbsp;<\/p>\n<p>La <strong>lista 118 \u201cEvoluci\u00f3n + Empat\u00eda\u201d<\/strong>, sector que conduce actualmente el comit\u00e9, se presentar\u00e1 para presidir por un per\u00edodo m\u00e1s. Vergel estar\u00e1 acompa\u00f1ada por el <strong>candidato a vicepresidente Sim\u00f3n Schwab<\/strong>, militante de la Juventud Radical; Luc\u00eda Pereira como candidata a secretaria General, actual tesorera del partido y con pasado reciente en la militancia universitaria, y Germ\u00e1n Salom\u00f3n como candidato a Tesorero, Ingeniero y ex de Franja Morada de la Facultad de Ingenier\u00eda de Olavarr\u00eda.<\/p>\n<p>&nbsp;<\/p>\n<p><strong>\u201cVivir una interna para nosotros es un proceso normal, es un proceso que lo llevamos a cabo regularmente, es la forma que tenemos de renovar las autoridades adentro del partido\u201d<\/strong> indic\u00f3 Vergel y aclar\u00f3 que en esta oportunidad \u201ctiene la diferencia que a nivel provincia no hay internas y por lo tanto este se da en algunas localidades de la zona, no en toda la s\u00e9ptima\u201d.<\/p>\n<p>&nbsp;<\/p>\n<p><img data-recalc-dims=\"1\" loading=\"lazy\" decoding=\"async\" class=\"aligncenter size-full wp-image-69373\" src=\"https:\/\/i0.wp.com\/cdnoticias.com\/wp-content\/uploads\/2022\/11\/vergel-entre7-scaled.jpg?resize=800%2C480&#038;ssl=1\" alt=\"\" width=\"800\" height=\"480\" srcset=\"https:\/\/i0.wp.com\/cdnoticias.com\/wp-content\/uploads\/2022\/11\/vergel-entre7-scaled.jpg?w=2560&amp;ssl=1 2560w, https:\/\/i0.wp.com\/cdnoticias.com\/wp-content\/uploads\/2022\/11\/vergel-entre7-scaled.jpg?resize=300%2C180&amp;ssl=1 300w, https:\/\/i0.wp.com\/cdnoticias.com\/wp-content\/uploads\/2022\/11\/vergel-entre7-scaled.jpg?resize=1024%2C614&amp;ssl=1 1024w, https:\/\/i0.wp.com\/cdnoticias.com\/wp-content\/uploads\/2022\/11\/vergel-entre7-scaled.jpg?resize=768%2C461&amp;ssl=1 768w, https:\/\/i0.wp.com\/cdnoticias.com\/wp-content\/uploads\/2022\/11\/vergel-entre7-scaled.jpg?resize=1536%2C922&amp;ssl=1 1536w, https:\/\/i0.wp.com\/cdnoticias.com\/wp-content\/uploads\/2022\/11\/vergel-entre7-scaled.jpg?resize=2048%2C1229&amp;ssl=1 2048w, https:\/\/i0.wp.com\/cdnoticias.com\/wp-content\/uploads\/2022\/11\/vergel-entre7-scaled.jpg?w=1600&amp;ssl=1 1600w, https:\/\/i0.wp.com\/cdnoticias.com\/wp-content\/uploads\/2022\/11\/vergel-entre7-scaled.jpg?w=2400&amp;ssl=1 2400w\" sizes=\"auto, (max-width: 800px) 100vw, 800px\" \/><\/p>\n<p>&nbsp;<\/p>\n<p>Denomin\u00f3 la elecci\u00f3n como \u201cuna fiesta de la democracia\u201d y valor\u00f3 la posibilidad de elegir. En ese sentido, afirm\u00f3 que \u201c<strong>esta es la lista ganadora, es la lista que se merece seguir conduciendo los destinos de la Uni\u00f3n C\u00edvica Radical<\/strong> porque es la que atiende al afiliado, la que lo ha escuchado, la que ha acompa\u00f1ado a las instituciones, acompa\u00f1\u00f3 a cada radical que en alg\u00fan momento se acerc\u00f3 y quiso manifestarse\u201d.<\/p>\n<p>&nbsp;<\/p>\n<blockquote><p>\u201cEste es el espacio que va a estar ganando el domingo, este es el espacio que va a tener el destino del 2023, el que va a estar llevando al mejor candidato, al m\u00e1s competitivo para el frente electoral\u201d.<\/p><\/blockquote>\n<p>&nbsp;<\/p>\n<p><strong>La participaci\u00f3n de los afiliados<\/strong><\/p>\n<p>&nbsp;<\/p>\n<p>La candidata y actual concejal analiz\u00f3 como distintivo de esta elecci\u00f3n <strong>el rol de los afiliados y las afiliadas al partido.<\/strong> <strong>\u201cHay un mayor compromiso\u201d<\/strong>, sostuvo y especific\u00f3 que \u201chan decidido salir de la quietud y salir de sus hogares y manifestar que tienen ganas de ir a votar el domingo y de acompa\u00f1ar. Ven que hay un proyecto colectivo, que hay un proyecto que se ha sostenido a trav\u00e9s de los tiempos y que ha logrado cumplir objetivos intermedios como tener candidatos propios en el a\u00f1o pasado, como la reconstrucci\u00f3n de nuestro partido y como la representaci\u00f3n territorial de un subcomit\u00e9 en cada uno de los lugares de Olavarr\u00eda, esto no es poco y tampoco es f\u00e1cil\u201d.<\/p>\n<p>&nbsp;<\/p>\n<p>En ese sentido, Vergel cont\u00f3 que \u201c<strong>hay mucha gente que quiso integrar la lista.<\/strong> Nos pas\u00f3 el a\u00f1o pasado y nos vuelve a suceder este a\u00f1o\u201d y agreg\u00f3: \u201cbienvenido sea y armemos los subcomit\u00e9s, esa territorialidad, esa representaci\u00f3n en cada uno de los puntos de la ciudad nos va a hacer tener un o\u00eddo en cada lugar, un puente entre el vecino y el afiliado llevando ese mensaje al Comit\u00e9 Central\u201d.<\/p>\n<p>&nbsp;<\/p>\n<p><img data-recalc-dims=\"1\" loading=\"lazy\" decoding=\"async\" class=\"aligncenter size-full wp-image-69370\" src=\"https:\/\/i0.wp.com\/cdnoticias.com\/wp-content\/uploads\/2022\/11\/vergel-entre4-scaled.jpg?resize=800%2C480&#038;ssl=1\" alt=\"\" width=\"800\" height=\"480\" srcset=\"https:\/\/i0.wp.com\/cdnoticias.com\/wp-content\/uploads\/2022\/11\/vergel-entre4-scaled.jpg?w=2560&amp;ssl=1 2560w, https:\/\/i0.wp.com\/cdnoticias.com\/wp-content\/uploads\/2022\/11\/vergel-entre4-scaled.jpg?resize=300%2C180&amp;ssl=1 300w, https:\/\/i0.wp.com\/cdnoticias.com\/wp-content\/uploads\/2022\/11\/vergel-entre4-scaled.jpg?resize=1024%2C614&amp;ssl=1 1024w, https:\/\/i0.wp.com\/cdnoticias.com\/wp-content\/uploads\/2022\/11\/vergel-entre4-scaled.jpg?resize=768%2C461&amp;ssl=1 768w, https:\/\/i0.wp.com\/cdnoticias.com\/wp-content\/uploads\/2022\/11\/vergel-entre4-scaled.jpg?resize=1536%2C921&amp;ssl=1 1536w, https:\/\/i0.wp.com\/cdnoticias.com\/wp-content\/uploads\/2022\/11\/vergel-entre4-scaled.jpg?resize=2048%2C1228&amp;ssl=1 2048w, https:\/\/i0.wp.com\/cdnoticias.com\/wp-content\/uploads\/2022\/11\/vergel-entre4-scaled.jpg?w=1600&amp;ssl=1 1600w, https:\/\/i0.wp.com\/cdnoticias.com\/wp-content\/uploads\/2022\/11\/vergel-entre4-scaled.jpg?w=2400&amp;ssl=1 2400w\" sizes=\"auto, (max-width: 800px) 100vw, 800px\" \/><\/p>\n<p>&nbsp;<\/p>\n<p>La candidata asegur\u00f3 que cuentan con \u201cuna representaci\u00f3n real en todo el territorio de Olavarr\u00eda del radicalismo\u201d que de cara al 2023 \u201ces algo formidable y algo que lo ven\u00edamos trabajando y se est\u00e1 concretando\u201d.<\/p>\n<p>&nbsp;<\/p>\n<p><strong>El regreso al comit\u00e9 de la calle 25 de Mayo<\/strong><\/p>\n<p>&nbsp;<\/p>\n<p>\u201cPr\u00f3ximamente estaremos volviendo a nuestra casa de la 25 de Mayo. <strong>A principios del a\u00f1o pr\u00f3ximo esto va a estar concluido<\/strong> y nos va a poder dejar con la frente en alto y cumpliendo nuevamente con el afiliado\u201d, se\u00f1al\u00f3.<\/p>\n<p>&nbsp;<\/p>\n<p><img data-recalc-dims=\"1\" loading=\"lazy\" decoding=\"async\" class=\"aligncenter size-full wp-image-69372\" src=\"https:\/\/i0.wp.com\/cdnoticias.com\/wp-content\/uploads\/2022\/11\/vergel-entre6-scaled.jpg?resize=800%2C480&#038;ssl=1\" alt=\"\" width=\"800\" height=\"480\" srcset=\"https:\/\/i0.wp.com\/cdnoticias.com\/wp-content\/uploads\/2022\/11\/vergel-entre6-scaled.jpg?w=2560&amp;ssl=1 2560w, https:\/\/i0.wp.com\/cdnoticias.com\/wp-content\/uploads\/2022\/11\/vergel-entre6-scaled.jpg?resize=300%2C180&amp;ssl=1 300w, https:\/\/i0.wp.com\/cdnoticias.com\/wp-content\/uploads\/2022\/11\/vergel-entre6-scaled.jpg?resize=1024%2C614&amp;ssl=1 1024w, https:\/\/i0.wp.com\/cdnoticias.com\/wp-content\/uploads\/2022\/11\/vergel-entre6-scaled.jpg?resize=768%2C461&amp;ssl=1 768w, https:\/\/i0.wp.com\/cdnoticias.com\/wp-content\/uploads\/2022\/11\/vergel-entre6-scaled.jpg?resize=1536%2C922&amp;ssl=1 1536w, https:\/\/i0.wp.com\/cdnoticias.com\/wp-content\/uploads\/2022\/11\/vergel-entre6-scaled.jpg?resize=2048%2C1229&amp;ssl=1 2048w, https:\/\/i0.wp.com\/cdnoticias.com\/wp-content\/uploads\/2022\/11\/vergel-entre6-scaled.jpg?w=1600&amp;ssl=1 1600w, https:\/\/i0.wp.com\/cdnoticias.com\/wp-content\/uploads\/2022\/11\/vergel-entre6-scaled.jpg?w=2400&amp;ssl=1 2400w\" sizes=\"auto, (max-width: 800px) 100vw, 800px\" \/><\/p>\n<p>&nbsp;<\/p>\n<p>\u201cEs este grupo el que cumpli\u00f3 con ese objetivo, es este grupo el que se comprometi\u00f3 al otro d\u00eda del incendio y sali\u00f3 a patear la calle para ver c\u00f3mo lo pod\u00eda reconstruir, es este grupo el que todos los d\u00edas dice c\u00f3mo podemos hacer una nueva actividad para juntar un peso m\u00e1s o se puso al hombro una gran cena que permiti\u00f3 recaudar fondos.<strong> Es una preocupaci\u00f3n que tenemos todos los d\u00edas, no ahora que hay una interna<\/strong>\u201d, enfatiz\u00f3 Vergel.<\/p>\n<p>&nbsp;<\/p>\n<p><strong>\u201cEl radicalismo tiene su propia identidad, tiene sus propios proyectos y su agenda\u201d<\/strong>, indic\u00f3 la candidata de la lista 118 respecto al trabajo con otros espacios pol\u00edticos. \u201cNuestro esp\u00edritu es el di\u00e1logo, el consenso, lo hacemos con cada uno de los espacios pol\u00edticos que estamos trabajando y m\u00e1s todav\u00eda con quienes integramos este gran frente en el cual tenemos muchos objetivos que son en com\u00fan y muchos principios y valores que compartimos\u201d, concluy\u00f3.<\/p>\n<p>&nbsp;<\/p>\n","protected":false},"excerpt":{"rendered":"<p>La candidata a presidenta de la UCR local resalt\u00f3 la importancia de las elecciones internas del 13 de noviembre. Los<\/p>\n","protected":false},"author":5,"featured_media":69368,"comment_status":"closed","ping_status":"closed","sticky":false,"template":"","format":"standard","meta":{"_jetpack_memberships_contains_paid_content":false,"footnotes":""},"categories":[4,1],"tags":[],"class_list":["post-69383","post","type-post","status-publish","format-standard","has-post-thumbnail","hentry","category-politica","category-portada"],"jetpack_featured_media_url":"https:\/\/i0.wp.com\/cdnoticias.com\/wp-content\/uploads\/2022\/11\/vergel-entre2-scaled.jpg?fit=2560%2C1536&ssl=1","jetpack_sharing_enabled":true,"_links":{"self":[{"href":"https:\/\/cdnoticias.com\/index.php\/wp-json\/wp\/v2\/posts\/69383","targetHints":{"allow":["GET"]}}],"collection":[{"href":"https:\/\/cdnoticias.com\/index.php\/wp-json\/wp\/v2\/posts"}],"about":[{"href":"https:\/\/cdnoticias.com\/index.php\/wp-json\/wp\/v2\/types\/post"}],"author":[{"embeddable":true,"href":"https:\/\/cdnoticias.com\/index.php\/wp-json\/wp\/v2\/users\/5"}],"replies":[{"embeddable":true,"href":"https:\/\/cdnoticias.com\/index.php\/wp-json\/wp\/v2\/comments?post=69383"}],"version-history":[{"count":0,"href":"https:\/\/cdnoticias.com\/index.php\/wp-json\/wp\/v2\/posts\/69383\/revisions"}],"wp:featuredmedia":[{"embeddable":true,"href":"https:\/\/cdnoticias.com\/index.php\/wp-json\/wp\/v2\/media\/69368"}],"wp:attachment":[{"href":"https:\/\/cdnoticias.com\/index.php\/wp-json\/wp\/v2\/media?parent=69383"}],"wp:term":[{"taxonomy":"category","embeddable":true,"href":"https:\/\/cdnoticias.com\/index.php\/wp-json\/wp\/v2\/categories?post=69383"},{"taxonomy":"post_tag","embeddable":true,"href":"https:\/\/cdnoticias.com\/index.php\/wp-json\/wp\/v2\/tags?post=69383"}],"curies":[{"name":"wp","href":"https:\/\/api.w.org\/{rel}","templated":true}]}}