{"id":69379,"date":"2022-11-08T08:22:21","date_gmt":"2022-11-08T11:22:21","guid":{"rendered":"https:\/\/www.centraldenoticias.com.ar\/?p=69379"},"modified":"2022-11-08T08:55:17","modified_gmt":"2022-11-08T11:55:17","slug":"paro-nacional-de-trenes-en-reclamo-de-un-bono-para-jubilados-ferroviarios","status":"publish","type":"post","link":"https:\/\/cdnoticias.com\/index.php\/2022\/11\/08\/paro-nacional-de-trenes-en-reclamo-de-un-bono-para-jubilados-ferroviarios\/","title":{"rendered":"Paro nacional de trenes en reclamo de un bono para jubilados ferroviarios"},"content":{"rendered":"<p>Desde la Uni\u00f3n Ferroviaria aseguran que no fueron notificados de la conciliaci\u00f3n obligatoria, que dict\u00f3 el Gobierno.<!--more--><\/p>\n<hr \/>\n<p>Pese a que el Ministerio de Trabajo dict\u00f3 la conciliaci\u00f3n obligatoria, este martes amaneci\u00f3 con los trenes paralizados <strong>en todo el pa\u00eds<\/strong> por una medida de fuerza en <strong>reclamo de un bono de 50 mil pesos para los jubilados del sector ferroviario.<\/strong><\/p>\n<p>&nbsp;<\/p>\n<p>Los servicios ferroviarios se encuentran paralizados desde la medianoche por una <strong>medida de fuerza del gremio de La Fraternidad,<\/strong> que desoy\u00f3 la conciliaci\u00f3n obligatoria dictada por el Gobierno nacional en el marco de un conflicto por el reclamo del pago del bono.<\/p>\n<p>&nbsp;<\/p>\n<p>El paro, planteado por la Uni\u00f3n General de Asociaciones de Trabajadores del Transporte (Ugatt) que tambi\u00e9n conduce el l\u00edder de La Fraternidad, Omar Maturano, abarca adem\u00e1s a remiseros, camioneros de Santa Fe, personal de carga y descarga y los recolectores de residuos de C\u00f3rdoba. Asimismo, <strong>se suma a la huelga la seccional Oeste del Ferrocarril Sarmiento que lidera Rub\u00e9n \u201cPollo\u201d Sobrero.<\/strong><\/p>\n<p>&nbsp;<\/p>\n<p>Al respecto, Sobrero asegur\u00f3 que su sector gremial no fue notificado sobre la conciliaci\u00f3n. \u201cTodo paro perjudica a la gente, pero la pregunta es por qu\u00e9 llegamos hasta ac\u00e1\u201d, plante\u00f3 el dirigente.<\/p>\n<p>&nbsp;<\/p>\n<blockquote><p>\u201cPedimos un bono para los jubilados porque no queremos dejar a los viejos solos\u201d, precis\u00f3 Sobrero.<\/p><\/blockquote>\n<p>&nbsp;<\/p>\n<p>En cambio, <strong>el transporte de pasajeros en colectivos funcionar\u00e1 normalmente<\/strong> debido a que la Uni\u00f3n Tranviarios Automotor (UTA), el gremio que conduce Roberto Fern\u00e1ndez, inform\u00f3 que \u201cmoment\u00e1neamente queda suspendida la medida de fuerza\u201d que hab\u00eda sido anunciada inicialmente para este martes.<\/p>\n<p>&nbsp;<\/p>\n<blockquote class=\"twitter-tweet\" data-width=\"550\" data-dnt=\"true\">\n<p lang=\"es\" dir=\"ltr\">Trenes Argentinos comunica que desde las 00.00 de hoy, martes 8\/11, no circulan trenes en el \u00e1rea metropolitana, ni regionales y ni de larga distancia por una medida de fuerza del gremio La Fraternidad.<\/p>\n<p>&mdash; Trenes Argentinos (@TrenesArg) <a href=\"https:\/\/twitter.com\/TrenesArg\/status\/1589890761306570752?ref_src=twsrc%5Etfw\">November 8, 2022<\/a><\/p><\/blockquote>\n<p><script async src=\"https:\/\/platform.twitter.com\/widgets.js\" charset=\"utf-8\"><\/script><\/p>\n<p>&nbsp;<\/p>\n<p>En Twitter, Trenes Argentinos inform\u00f3 a los usuarios que \u201cdesde las 00.00 de hoy, martes 8\/11, no circulan trenes en el \u00e1rea metropolitana, ni regionales y ni de larga distancia por una medida de fuerza del gremio La Fraternidad\u201d.<\/p>\n<p>&nbsp;<\/p>\n<p>Fuente: DIB<\/p>\n","protected":false},"excerpt":{"rendered":"<p>Desde la Uni\u00f3n Ferroviaria aseguran que no fueron notificados de la conciliaci\u00f3n obligatoria, que dict\u00f3 el Gobierno.<\/p>\n","protected":false},"author":5,"featured_media":66765,"comment_status":"closed","ping_status":"closed","sticky":false,"template":"","format":"standard","meta":{"_jetpack_memberships_contains_paid_content":false,"footnotes":""},"categories":[6,1],"tags":[],"class_list":["post-69379","post","type-post","status-publish","format-standard","has-post-thumbnail","hentry","category-nacionales","category-portada"],"jetpack_featured_media_url":"https:\/\/i0.wp.com\/cdnoticias.com\/wp-content\/uploads\/2022\/10\/trenes-argentinos-0.jpg?fit=800%2C445&ssl=1","jetpack_sharing_enabled":true,"_links":{"self":[{"href":"https:\/\/cdnoticias.com\/index.php\/wp-json\/wp\/v2\/posts\/69379","targetHints":{"allow":["GET"]}}],"collection":[{"href":"https:\/\/cdnoticias.com\/index.php\/wp-json\/wp\/v2\/posts"}],"about":[{"href":"https:\/\/cdnoticias.com\/index.php\/wp-json\/wp\/v2\/types\/post"}],"author":[{"embeddable":true,"href":"https:\/\/cdnoticias.com\/index.php\/wp-json\/wp\/v2\/users\/5"}],"replies":[{"embeddable":true,"href":"https:\/\/cdnoticias.com\/index.php\/wp-json\/wp\/v2\/comments?post=69379"}],"version-history":[{"count":0,"href":"https:\/\/cdnoticias.com\/index.php\/wp-json\/wp\/v2\/posts\/69379\/revisions"}],"wp:featuredmedia":[{"embeddable":true,"href":"https:\/\/cdnoticias.com\/index.php\/wp-json\/wp\/v2\/media\/66765"}],"wp:attachment":[{"href":"https:\/\/cdnoticias.com\/index.php\/wp-json\/wp\/v2\/media?parent=69379"}],"wp:term":[{"taxonomy":"category","embeddable":true,"href":"https:\/\/cdnoticias.com\/index.php\/wp-json\/wp\/v2\/categories?post=69379"},{"taxonomy":"post_tag","embeddable":true,"href":"https:\/\/cdnoticias.com\/index.php\/wp-json\/wp\/v2\/tags?post=69379"}],"curies":[{"name":"wp","href":"https:\/\/api.w.org\/{rel}","templated":true}]}}