{"id":69365,"date":"2022-11-07T21:01:19","date_gmt":"2022-11-08T00:01:19","guid":{"rendered":"https:\/\/www.centraldenoticias.com.ar\/?p=69365"},"modified":"2022-11-08T08:22:12","modified_gmt":"2022-11-08T11:22:12","slug":"caso-cordero-uno-de-los-acusados-fue-declarado-psicotico-y-no-sera-juzgado","status":"publish","type":"post","link":"https:\/\/cdnoticias.com\/index.php\/2022\/11\/07\/caso-cordero-uno-de-los-acusados-fue-declarado-psicotico-y-no-sera-juzgado\/","title":{"rendered":"Caso Cordero: uno de los acusados fue declarado \u201cpsic\u00f3tico\u201d y no ser\u00e1 juzgado"},"content":{"rendered":"<p>Solo ser\u00e1 juzgada, por el momento, la otra acusada, Anabella Mar\u00eda Jos\u00e9 Landalde, en el mes de diciembre. Se esperaba el inicio del juicio este lunes.<!--more--><\/p>\n<hr \/>\n<p>Confirmado por fuentes judiciales a <strong>Central de Noticias, uno de los acusados del <a href=\"https:\/\/cdnoticias.com\/index.php\/2022\/11\/07\/comienza-el-juicio-por-el-asesinato-de-carlos-cordero\/\" target=\"_blank\" rel=\"noopener\">juicio por el crimen de Carlos Cordero, Daniel \u201cChaco\u201d Ibarra Arrieta<\/a>, fue declarado psic\u00f3tico y ello deriv\u00f3 en que el juicio tendr\u00e1 una sola acusada y fue postergado para el mes de diciembre.<\/strong><\/p>\n<p>&nbsp;<\/p>\n<p>Seg\u00fan se logr\u00f3 saber, as\u00ed fue confirmado en la jornada de este lunes. <strong>Ibarra Arrieta, en este sentido, ser\u00e1 sometido a pruebas con periodicidad para evaluar su situaci\u00f3n y realizarle un seguimiento.<\/strong><\/p>\n<p>&nbsp;<\/p>\n<p>En paralelo, <strong>quien s\u00ed ser\u00e1 juzgada es Anabella Mar\u00eda Jos\u00e9 Landalde, pero no ser\u00e1 desde este lunes sino que el juicio fue postergado para diciembre, en la sede del Tribunal Oral en lo Criminal Penal N\u00b02 de la ciudad de Azul.<\/strong><\/p>\n<p>&nbsp;<\/p>\n<p>La causa est\u00e1 caratulada como <strong><em>\u201chomicidio doblemente agravado por uso de arma de fuego y alevos\u00eda\u201d<\/em><\/strong> por el crimen cometido a finales de junio de 2019 en un caso que estremeci\u00f3 a la ciudad: tras 10 d\u00edas de b\u00fasqueda, movilizaciones e importantes operativos policiales,<strong> el cuerpo de Cordero fue hallado desmembrado y quemado en el santuario del Gauchito Gil. Es en una especie de parque ubicado a la vera de la ruta 226 en la extensi\u00f3n norte de la avenida Ituzaing\u00f3.<\/strong><\/p>\n<p>&nbsp;<\/p>\n<p><img data-recalc-dims=\"1\" loading=\"lazy\" decoding=\"async\" class=\"alignnone size-full wp-image-69276\" src=\"https:\/\/i0.wp.com\/cdnoticias.com\/wp-content\/uploads\/2022\/11\/caso-cordero-ibarra-arrieta-detenido.jpg?resize=800%2C445&#038;ssl=1\" alt=\"\" width=\"800\" height=\"445\" srcset=\"https:\/\/i0.wp.com\/cdnoticias.com\/wp-content\/uploads\/2022\/11\/caso-cordero-ibarra-arrieta-detenido.jpg?w=800&amp;ssl=1 800w, https:\/\/i0.wp.com\/cdnoticias.com\/wp-content\/uploads\/2022\/11\/caso-cordero-ibarra-arrieta-detenido.jpg?resize=300%2C167&amp;ssl=1 300w, https:\/\/i0.wp.com\/cdnoticias.com\/wp-content\/uploads\/2022\/11\/caso-cordero-ibarra-arrieta-detenido.jpg?resize=768%2C427&amp;ssl=1 768w\" sizes=\"auto, (max-width: 800px) 100vw, 800px\" \/><\/p>\n<p>&nbsp;<\/p>\n<p>El cuerpo estaba irreconocible. Se estim\u00f3 que hab\u00eda fallecido el mismo d\u00eda de la desaparici\u00f3n producto de un disparo que recibi\u00f3 mientras estaba maniatado. <strong>Dos meses despu\u00e9s se constat\u00f3 la veracidad del hallazgo mediante el resultado de la pericia de ADN.<\/strong><\/p>\n<p>&nbsp;<\/p>\n<p>El mismo d\u00eda del hallazgo del cuerpo qued\u00f3 apuntado el principal sindicado: <strong>Ibarra Arrieta fue detenido en su vivienda de Pourtal\u00e9 al 2300. El hombre contaba ya con numerosos antecedentes penales.<\/strong> Fue acusado de ser quien le dispar\u00f3, quien mantuvo oculto el cuerpo y quien lo traslad\u00f3 hasta el lugar donde fue hallado.<\/p>\n<p>&nbsp;<\/p>\n<p>La principal hip\u00f3tesis es que el homicidio se cometi\u00f3 en la vivienda de Pourtal\u00e9 al 2200, donde habitaba la segunda acusada. <strong>El 6 de agosto se orden\u00f3 la detenci\u00f3n de Landalde, imputada como part\u00edcipe primaria.<\/strong><\/p>\n<p>&nbsp;<\/p>\n<p>Al juicio se llega con el relato reconstruido sobre una \u201ctrampa\u201d en la que<strong> la joven, quien en ese momento ten\u00eda 22 a\u00f1os y estaba embarazada de ocho meses, ejerc\u00eda la prostituci\u00f3n y habr\u00eda convocado a Cordero a una cita sexual en su casa de calle Portual\u00e9.<\/strong><\/p>\n<p>&nbsp;<\/p>\n<p>Una vez all\u00ed, <strong>el militar fue maniatado y, en ese estado de indefensi\u00f3n, fue asesinado de un disparo en la cabeza por Ibarra Arrieta.<\/strong><\/p>\n","protected":false},"excerpt":{"rendered":"<p>Solo ser\u00e1 juzgada, por el momento, la otra acusada, Anabella Mar\u00eda Jos\u00e9 Landalde, en el mes de diciembre. Se esperaba<\/p>\n","protected":false},"author":2,"featured_media":69275,"comment_status":"closed","ping_status":"closed","sticky":false,"template":"","format":"standard","meta":{"_jetpack_memberships_contains_paid_content":false,"footnotes":""},"categories":[14,1],"tags":[],"class_list":["post-69365","post","type-post","status-publish","format-standard","has-post-thumbnail","hentry","category-policiales","category-portada"],"jetpack_featured_media_url":"https:\/\/i0.wp.com\/cdnoticias.com\/wp-content\/uploads\/2022\/11\/caso-cordero-anabella-maria-jose-landalde.jpg?fit=800%2C445&ssl=1","jetpack_sharing_enabled":true,"_links":{"self":[{"href":"https:\/\/cdnoticias.com\/index.php\/wp-json\/wp\/v2\/posts\/69365","targetHints":{"allow":["GET"]}}],"collection":[{"href":"https:\/\/cdnoticias.com\/index.php\/wp-json\/wp\/v2\/posts"}],"about":[{"href":"https:\/\/cdnoticias.com\/index.php\/wp-json\/wp\/v2\/types\/post"}],"author":[{"embeddable":true,"href":"https:\/\/cdnoticias.com\/index.php\/wp-json\/wp\/v2\/users\/2"}],"replies":[{"embeddable":true,"href":"https:\/\/cdnoticias.com\/index.php\/wp-json\/wp\/v2\/comments?post=69365"}],"version-history":[{"count":0,"href":"https:\/\/cdnoticias.com\/index.php\/wp-json\/wp\/v2\/posts\/69365\/revisions"}],"wp:featuredmedia":[{"embeddable":true,"href":"https:\/\/cdnoticias.com\/index.php\/wp-json\/wp\/v2\/media\/69275"}],"wp:attachment":[{"href":"https:\/\/cdnoticias.com\/index.php\/wp-json\/wp\/v2\/media?parent=69365"}],"wp:term":[{"taxonomy":"category","embeddable":true,"href":"https:\/\/cdnoticias.com\/index.php\/wp-json\/wp\/v2\/categories?post=69365"},{"taxonomy":"post_tag","embeddable":true,"href":"https:\/\/cdnoticias.com\/index.php\/wp-json\/wp\/v2\/tags?post=69365"}],"curies":[{"name":"wp","href":"https:\/\/api.w.org\/{rel}","templated":true}]}}