{"id":69361,"date":"2022-11-07T20:12:50","date_gmt":"2022-11-07T23:12:50","guid":{"rendered":"https:\/\/www.centraldenoticias.com.ar\/?p=69361"},"modified":"2022-11-08T07:54:33","modified_gmt":"2022-11-08T10:54:33","slug":"colector-cloacal-norte-entre-los-convenios-es-una-inversion-de-mas-de-500-millones-de-pesos","status":"publish","type":"post","link":"https:\/\/cdnoticias.com\/index.php\/2022\/11\/07\/colector-cloacal-norte-entre-los-convenios-es-una-inversion-de-mas-de-500-millones-de-pesos\/","title":{"rendered":"Colector Cloacal Norte: \u201centre los convenios es una inversi\u00f3n de m\u00e1s de 500 millones de pesos\u201d"},"content":{"rendered":"<p>Tras la firma de los convenios, Ezequiel Galli, C\u00e9sar Valicenti y N\u00e9stor \u00c1lvarez dialogaron sobre los trabajos y los tiempos que demandar\u00e1n las obra. Se prev\u00e9 que se inicie en el primer trimestre de 2023. Tambi\u00e9n sobre el \u201ctono\u201d de la campa\u00f1a para el pr\u00f3ximo a\u00f1o. <!--more--><\/p>\n<hr \/>\n<p><strong>Literalmente despu\u00e9s de <a href=\"https:\/\/cdnoticias.com\/index.php\/2022\/11\/07\/colector-cloacal-norte-una-decision-politica-de-un-gobierno-nacional-provincial-y-municipal\/\" target=\"_blank\" rel=\"noopener\">firmar los convenios<\/a> para tres importantes obras<\/strong> con eje en la construcci\u00f3n del Colector Cloacal Norte \u2013llev\u00f3 20 minutos la firma de toda la documentaci\u00f3n- en una peque\u00f1a conferencia de prensa <strong>tanto el Intendente Galli, como el diputado Valicenti y el titular del Enohsa, N\u00e9stor \u00c1lvarez, dieron detalles de los trabajos y opinaron sobre la buena relaci\u00f3n institucional en este tipo de actividades.<\/strong><\/p>\n<p>&nbsp;<\/p>\n<p><strong>Galli<\/strong> indic\u00f3 que en 15 o 20 d\u00edas <em>\u201cestaremos en condiciones de licitar, de todas maneras, ya hoy mismo vamos a trabajar sobre los pliegos, despu\u00e9s definiremos los montos cuando venga la no objeci\u00f3n con los montos a licitar\u201d<\/em> y una vez que se licite, estim\u00f3 el Intendente,<strong><em> \u201cel primer trimestre del a\u00f1o que viene deber\u00edamos abrir sobres y comenzando con las tareas de la zona\u201d.<\/em><\/strong><\/p>\n<p>&nbsp;<\/p>\n<p><img data-recalc-dims=\"1\" loading=\"lazy\" decoding=\"async\" class=\"alignnone size-large wp-image-69316\" src=\"https:\/\/i0.wp.com\/cdnoticias.com\/wp-content\/uploads\/2022\/11\/colector-cloacal-norte-enohsa-02.jpg?resize=800%2C480&#038;ssl=1\" alt=\"\" width=\"800\" height=\"480\" srcset=\"https:\/\/i0.wp.com\/cdnoticias.com\/wp-content\/uploads\/2022\/11\/colector-cloacal-norte-enohsa-02-scaled.jpg?resize=1024%2C614&amp;ssl=1 1024w, https:\/\/i0.wp.com\/cdnoticias.com\/wp-content\/uploads\/2022\/11\/colector-cloacal-norte-enohsa-02-scaled.jpg?resize=300%2C180&amp;ssl=1 300w, https:\/\/i0.wp.com\/cdnoticias.com\/wp-content\/uploads\/2022\/11\/colector-cloacal-norte-enohsa-02-scaled.jpg?resize=768%2C461&amp;ssl=1 768w, https:\/\/i0.wp.com\/cdnoticias.com\/wp-content\/uploads\/2022\/11\/colector-cloacal-norte-enohsa-02-scaled.jpg?resize=1536%2C922&amp;ssl=1 1536w, https:\/\/i0.wp.com\/cdnoticias.com\/wp-content\/uploads\/2022\/11\/colector-cloacal-norte-enohsa-02-scaled.jpg?resize=2048%2C1229&amp;ssl=1 2048w, https:\/\/i0.wp.com\/cdnoticias.com\/wp-content\/uploads\/2022\/11\/colector-cloacal-norte-enohsa-02-scaled.jpg?w=1600&amp;ssl=1 1600w, https:\/\/i0.wp.com\/cdnoticias.com\/wp-content\/uploads\/2022\/11\/colector-cloacal-norte-enohsa-02-scaled.jpg?w=2400&amp;ssl=1 2400w\" sizes=\"auto, (max-width: 800px) 100vw, 800px\" \/><\/p>\n<p>&nbsp;<\/p>\n<p>Si bien<em> \u201cBarrio Belgrano y Villa Floresta es ampliaci\u00f3n de la red por lo que hay un trabajo realizado\u201d<\/em>, <strong>diferenci\u00f3 este trabajo del Colector Norte a la que catalog\u00f3 como<em> \u201cuna obra important\u00edsima no s\u00f3lo en valores sino en la magnitud, va desde el arroyo y Trabajadores hasta Alberdi, de ah\u00ed hasta Avellaneda y vuelve hasta Ituzaing\u00f3\u201d.<\/em><\/strong><\/p>\n<p>&nbsp;<\/p>\n<blockquote><p>\u201cEs una obra que tiene un plazo importante tambi\u00e9n pero en la repavimentaci\u00f3n de Alberdi hicimos el separador m\u00e1s ancho para hacer la obra y no tener que romper pavimento. Ya nos ven\u00edamos preparando para lo que se viene\u201d agreg\u00f3.<\/p><\/blockquote>\n<p>&nbsp;<\/p>\n<p>Adem\u00e1s, <strong>valor\u00f3 la ampliaci\u00f3n de la red de agua en barrio Bel\u00e9n<\/strong> y coment\u00f3 que con fondos municipales<em> \u201cya hab\u00edamos hecho una parte<\/em>\u201d. Ahora,<em> \u201clo vamos a hacer con el Enohsa y es una alegr\u00eda enorme porque es un barrio en donde las napas est\u00e1n complejas, contaminadas por la actividad que tuvo el Matadero en su momento, que no ten\u00eda un tratamiento de los efluentes, por lo cual beneficiar\u00e1 a la Salud a los vecinos\u201d.<\/em><\/p>\n<p>&nbsp;<\/p>\n<p>Si bien en un principio N\u00e9stor \u00c1lvarez se\u00f1al\u00f3 que \u201ces muy dif\u00edcil precisar un monto\u201d destac\u00f3 a continuaci\u00f3n que<strong><em> \u201centre todos los convenios hablamos de una inversi\u00f3n de 500 millones de pesos. Despu\u00e9s si uno suma las redeterminaciones de precios, vamos a estar en 700 millones de pesos c\u00f3modo. Pero es finito hablar de n\u00fameros, los presupuestos son de hace unos meses\u201d.<\/em><\/strong><\/p>\n<p>&nbsp;<\/p>\n<p>Galli, a su vez, dijo que<strong> hay empresas en Olavarr\u00eda que est\u00e1n en condiciones de afrontar las obras, incluida la del Colector Norte<\/strong>: <em>\u201ccapacidad operativa hay en muchas empresas, despu\u00e9s ser\u00e1 cuesti\u00f3n de la empresa contratar un ingeniero con expertiz en el tema y seguramente vendr\u00e1n empresas de afuera\u201d.<\/em><\/p>\n<p>&nbsp;<\/p>\n<blockquote><p>M\u00e1s all\u00e1 de que la licitaci\u00f3n<em> \u201cser\u00e1 transparente, p\u00fablica\u201d<\/em> dese\u00f3 que <em>\u201cla empresa que tome los trabajos sean de Olavarr\u00eda as\u00ed los recursos quedan en la ciudad\u201d.<\/em><\/p><\/blockquote>\n<p>&nbsp;<\/p>\n<p>Aclar\u00f3, a su vez, que la comuna tiene la potestad de,<strong><em> \u201cen caso de que la empresa de Olavarr\u00eda pierde por un porcentaje m\u00ednimo, adjudic\u00e1rsela por ser local. Lo importante ac\u00e1 es que la obra se haga y podamos afrontarla con los fondos del gobierno nacional y con el trabajo que tendr\u00e1 que hacer la Municipalidad\u201d.<\/em><\/strong><\/p>\n<p>&nbsp;<\/p>\n<p><span style=\"text-decoration: underline;\"><strong>El tono de la campa\u00f1a<\/strong><\/span><\/p>\n<p>&nbsp;<\/p>\n<p><img data-recalc-dims=\"1\" loading=\"lazy\" decoding=\"async\" class=\"alignnone size-large wp-image-69317\" src=\"https:\/\/i0.wp.com\/cdnoticias.com\/wp-content\/uploads\/2022\/11\/colector-cloacal-norte-enohsa-03.jpg?resize=800%2C480&#038;ssl=1\" alt=\"\" width=\"800\" height=\"480\" srcset=\"https:\/\/i0.wp.com\/cdnoticias.com\/wp-content\/uploads\/2022\/11\/colector-cloacal-norte-enohsa-03-scaled.jpg?resize=1024%2C614&amp;ssl=1 1024w, https:\/\/i0.wp.com\/cdnoticias.com\/wp-content\/uploads\/2022\/11\/colector-cloacal-norte-enohsa-03-scaled.jpg?resize=300%2C180&amp;ssl=1 300w, https:\/\/i0.wp.com\/cdnoticias.com\/wp-content\/uploads\/2022\/11\/colector-cloacal-norte-enohsa-03-scaled.jpg?resize=768%2C461&amp;ssl=1 768w, https:\/\/i0.wp.com\/cdnoticias.com\/wp-content\/uploads\/2022\/11\/colector-cloacal-norte-enohsa-03-scaled.jpg?resize=1536%2C921&amp;ssl=1 1536w, https:\/\/i0.wp.com\/cdnoticias.com\/wp-content\/uploads\/2022\/11\/colector-cloacal-norte-enohsa-03-scaled.jpg?resize=2048%2C1228&amp;ssl=1 2048w, https:\/\/i0.wp.com\/cdnoticias.com\/wp-content\/uploads\/2022\/11\/colector-cloacal-norte-enohsa-03-scaled.jpg?w=1600&amp;ssl=1 1600w, https:\/\/i0.wp.com\/cdnoticias.com\/wp-content\/uploads\/2022\/11\/colector-cloacal-norte-enohsa-03-scaled.jpg?w=2400&amp;ssl=1 2400w\" sizes=\"auto, (max-width: 800px) 100vw, 800px\" \/><\/p>\n<p>&nbsp;<\/p>\n<p>Con risas luego de la concordia en el acto, <strong>la consulta estuvo en si esa concordia se mantendr\u00e1 en la campa\u00f1a<\/strong>: Ezequiel Galli dijo que <em>\u201c<strong>con el tono de campa\u00f1a es importante que no haya violencia.<\/strong> N\u00e9stor (\u00c1lvarez) fue intendente y ha pasado varias campa\u00f1as, le toc\u00f3 ganar, perder, pero esto es algo que venimos hablando mucho con C\u00e9sar (Valicenti), y me parece que los vecinos merecen que haya di\u00e1logo institucional como el que tenemos hoy, a C\u00e9sar le toca ser diputado de la Provincia, a mi Intendente, el d\u00eda de ma\u00f1ana puede ser al rev\u00e9s, en pol\u00edtica el di\u00e1logo a veces es mayor, otras menor, y tratamos de ir congeniando\u2026\u201d.<\/em><\/p>\n<p>&nbsp;<\/p>\n<blockquote><p>\u201cMientras sea con propuestas, y que cada uno pueda mostrar lo que tiene para ofrecer a los vecinos, creo que est\u00e1 garantizada una campa\u00f1a tranquila que derivar\u00e1 en que los que tienen que elegir, finalmente, ser\u00e1n los vecinos\u201d cerr\u00f3.<\/p><\/blockquote>\n<p>&nbsp;<\/p>\n<p>\u00c1lvarez, en tanto, destac\u00f3<em> \u201cuna diferencia que siempre me gusta hacer\u201d<\/em> acerca de <strong>aquellos que viven en el territorio y la gente saben d\u00f3nde vive y, en contrapartida, los que les toca \u2013o no- gobernar y la gente no sabe d\u00f3nde vive<\/strong>: <em>\u201cC\u00e9sar (Valicenti) me dijo hoy pas\u00e1 por casa a tomar unos mates, como pod\u00eda haber ido al despacho del Intendente, y la gente puede tocarle la puerta al vecino y sabe qui\u00e9nes son\u201d.<\/em><\/p>\n<p>&nbsp;<\/p>\n<blockquote><p>\u201cLos que tenemos responsabilidad de gobierno sabemos que la violencia verbal de una campa\u00f1a no lleva a nada. El d\u00eda que termina la campa\u00f1a, vos te ten\u00e9s que seguir viendo con el vecino o el adversario. A veces los fuegos de artificio los hacen quienes no tienen esas responsabilidades, o de gobernar, o de estar cara a cara con el vecino\u201d.<\/p><\/blockquote>\n<p>&nbsp;<\/p>\n<p><span style=\"text-decoration: underline;\"><strong>Funcionarios que fueron intendentes<\/strong><\/span><\/p>\n<p>&nbsp;<\/p>\n<p><strong>Valicenti valor\u00f3 la \u201cfacilitad\u201d con la que se trabaja con ministros o funcionarios que tuvieron un pasado como intendentes<\/strong>: <em>\u201cSaben de qu\u00e9 est\u00e1s hablando y tienen la experiencia de haber trasladado todo ese conocimiento, ese saber, a la ejecuci\u00f3n de una responsabilidad que est\u00e1 llevando a cabo ahora. Nos pasa con N\u00e9stor, con Gabriel Katopodis, con Leonardo Nardini, Martin Insaurralde. No solamente entienden las demandas habituales que tienen intendentes, como cloacas, viviendas, aguas, que aparecen y c\u00f3mo se ejecutan, adem\u00e1s de la necesidad de transmitirlas\u201d.<\/em><\/p>\n<p>&nbsp;<\/p>\n<p>En este sentido <strong>halag\u00f3 a N\u00e9stor \u00c1lvarez (quien fuera intendente de Guamin\u00ed) que con su presencia \u201cpuso el valor el acto y adem\u00e1s encontrando herramientas de articulaci\u00f3n y coordinaci\u00f3n\u201d.<\/strong><\/p>\n<p>&nbsp;<\/p>\n<p>Volviendo al tema de los tonos de campa\u00f1a y de la coyuntura, Valicenti dijo que <em>\u201cdefendemos proyectos pol\u00edticos, tenemos que hacer un esfuerzo de erradicar la violencia en el discurso pol\u00edtico. Estamos en un momento muy complejo en Argentina, la gente viene de atravesar una pandemia, una situaci\u00f3n compleja en lo econ\u00f3mico a nivel nacional, incertidumbre en la vida de las personas, y desde la pol\u00edtica no podemos aportarle violencia a eso, tenemos que aportar soluciones y certezas desde el lugar que nos toca a cada uno de nosotros\u201d<\/em> cerr\u00f3.<\/p>\n","protected":false},"excerpt":{"rendered":"<p>Tras la firma de los convenios, Ezequiel Galli, C\u00e9sar Valicenti y N\u00e9stor \u00c1lvarez dialogaron sobre los trabajos y los tiempos<\/p>\n","protected":false},"author":2,"featured_media":69315,"comment_status":"closed","ping_status":"closed","sticky":false,"template":"","format":"standard","meta":{"_jetpack_memberships_contains_paid_content":false,"footnotes":""},"categories":[5,1],"tags":[],"class_list":["post-69361","post","type-post","status-publish","format-standard","has-post-thumbnail","hentry","category-informacion-general","category-portada"],"jetpack_featured_media_url":"https:\/\/i0.wp.com\/cdnoticias.com\/wp-content\/uploads\/2022\/11\/colector-cloacal-norte-enohsa-01-scaled.jpg?fit=2560%2C1536&ssl=1","jetpack_sharing_enabled":true,"_links":{"self":[{"href":"https:\/\/cdnoticias.com\/index.php\/wp-json\/wp\/v2\/posts\/69361","targetHints":{"allow":["GET"]}}],"collection":[{"href":"https:\/\/cdnoticias.com\/index.php\/wp-json\/wp\/v2\/posts"}],"about":[{"href":"https:\/\/cdnoticias.com\/index.php\/wp-json\/wp\/v2\/types\/post"}],"author":[{"embeddable":true,"href":"https:\/\/cdnoticias.com\/index.php\/wp-json\/wp\/v2\/users\/2"}],"replies":[{"embeddable":true,"href":"https:\/\/cdnoticias.com\/index.php\/wp-json\/wp\/v2\/comments?post=69361"}],"version-history":[{"count":0,"href":"https:\/\/cdnoticias.com\/index.php\/wp-json\/wp\/v2\/posts\/69361\/revisions"}],"wp:featuredmedia":[{"embeddable":true,"href":"https:\/\/cdnoticias.com\/index.php\/wp-json\/wp\/v2\/media\/69315"}],"wp:attachment":[{"href":"https:\/\/cdnoticias.com\/index.php\/wp-json\/wp\/v2\/media?parent=69361"}],"wp:term":[{"taxonomy":"category","embeddable":true,"href":"https:\/\/cdnoticias.com\/index.php\/wp-json\/wp\/v2\/categories?post=69361"},{"taxonomy":"post_tag","embeddable":true,"href":"https:\/\/cdnoticias.com\/index.php\/wp-json\/wp\/v2\/tags?post=69361"}],"curies":[{"name":"wp","href":"https:\/\/api.w.org\/{rel}","templated":true}]}}