{"id":69356,"date":"2022-11-07T19:57:51","date_gmt":"2022-11-07T22:57:51","guid":{"rendered":"https:\/\/www.centraldenoticias.com.ar\/?p=69356"},"modified":"2022-11-07T19:57:51","modified_gmt":"2022-11-07T22:57:51","slug":"felipe-roberto-presutto-el-cordobes-q-e-p-d","status":"publish","type":"post","link":"https:\/\/cdnoticias.com\/index.php\/2022\/11\/07\/felipe-roberto-presutto-el-cordobes-q-e-p-d\/","title":{"rendered":"Felipe Roberto Presutto &#8220;El cordob\u00e9s&#8221; (Q.E.P.D.)"},"content":{"rendered":"<p>Falleci\u00f3 en Olavarr\u00eda el d\u00eda 7 de noviembre de 2022 a los 77 a\u00f1os. Su esposa, sus hijos, sus nietos y dem\u00e1s deudos participan de su fallecimiento.<\/p>\n<p>&nbsp;<\/p>\n<p>Velatorio: Espa\u00f1a 2942 departamento &#8221;C&#8221; 8 de noviembre a las 7:00. Inhumaci\u00f3n: Cementerio Loma de Paz, martes 8 de noviembre a las 11:30. Servicio adherido a Coopelectric.<\/p>\n<p>&nbsp;<\/p>\n<p>Barrio en el que viv\u00eda: Centro<\/p>\n<p>Lugar de nacimiento: C\u00f3rdoba<\/p>\n<p>Actividad que desarrollaba: Jubilado<\/p>\n","protected":false},"excerpt":{"rendered":"<p>Falleci\u00f3 en Olavarr\u00eda el d\u00eda 7 de noviembre de 2022 a los 77 a\u00f1os. Su esposa, sus hijos, sus nietos<\/p>\n","protected":false},"author":6,"featured_media":67646,"comment_status":"closed","ping_status":"closed","sticky":false,"template":"","format":"standard","meta":{"_jetpack_memberships_contains_paid_content":false,"footnotes":""},"categories":[10],"tags":[],"class_list":["post-69356","post","type-post","status-publish","format-standard","has-post-thumbnail","hentry","category-necrologicas"],"jetpack_featured_media_url":"https:\/\/i0.wp.com\/cdnoticias.com\/wp-content\/uploads\/2022\/10\/necrologicas-390-x-240.jpg?fit=390%2C240&ssl=1","jetpack_sharing_enabled":true,"_links":{"self":[{"href":"https:\/\/cdnoticias.com\/index.php\/wp-json\/wp\/v2\/posts\/69356","targetHints":{"allow":["GET"]}}],"collection":[{"href":"https:\/\/cdnoticias.com\/index.php\/wp-json\/wp\/v2\/posts"}],"about":[{"href":"https:\/\/cdnoticias.com\/index.php\/wp-json\/wp\/v2\/types\/post"}],"author":[{"embeddable":true,"href":"https:\/\/cdnoticias.com\/index.php\/wp-json\/wp\/v2\/users\/6"}],"replies":[{"embeddable":true,"href":"https:\/\/cdnoticias.com\/index.php\/wp-json\/wp\/v2\/comments?post=69356"}],"version-history":[{"count":0,"href":"https:\/\/cdnoticias.com\/index.php\/wp-json\/wp\/v2\/posts\/69356\/revisions"}],"wp:featuredmedia":[{"embeddable":true,"href":"https:\/\/cdnoticias.com\/index.php\/wp-json\/wp\/v2\/media\/67646"}],"wp:attachment":[{"href":"https:\/\/cdnoticias.com\/index.php\/wp-json\/wp\/v2\/media?parent=69356"}],"wp:term":[{"taxonomy":"category","embeddable":true,"href":"https:\/\/cdnoticias.com\/index.php\/wp-json\/wp\/v2\/categories?post=69356"},{"taxonomy":"post_tag","embeddable":true,"href":"https:\/\/cdnoticias.com\/index.php\/wp-json\/wp\/v2\/tags?post=69356"}],"curies":[{"name":"wp","href":"https:\/\/api.w.org\/{rel}","templated":true}]}}