{"id":69312,"date":"2022-11-07T16:54:59","date_gmt":"2022-11-07T19:54:59","guid":{"rendered":"https:\/\/www.centraldenoticias.com.ar\/?p=69312"},"modified":"2022-11-07T16:54:59","modified_gmt":"2022-11-07T19:54:59","slug":"el-asueto-por-el-dia-del-trabajador-municipal-sera-el-proximo-lunes","status":"publish","type":"post","link":"https:\/\/cdnoticias.com\/index.php\/2022\/11\/07\/el-asueto-por-el-dia-del-trabajador-municipal-sera-el-proximo-lunes\/","title":{"rendered":"El asueto por el D\u00eda del Trabajador Municipal ser\u00e1 el pr\u00f3ximo lunes"},"content":{"rendered":"<p>La fecha conmemorativa tiene los alcances de un feriado nacional no laborable.<!--more--><\/p>\n<hr \/>\n<p>Como sucede a\u00f1o a a\u00f1o, <strong>el 8 de noviembre se conmemora el D\u00eda del Trabajador Municipal<\/strong>, fecha en la que se recuerda la creaci\u00f3n de la Confederaci\u00f3n de Obreros y Empleados Municipales de la Argentina, ocurrida en el a\u00f1o 1959.<\/p>\n<p>&nbsp;<\/p>\n<p>En ese sentido, se recuerda que la fecha conmemorativa tiene los alcances de un<strong> feriado nacional no laborable.<\/strong><\/p>\n<p>&nbsp;<\/p>\n<p>En esta ocasi\u00f3n, haciendo uso de las facultades que posee el Departamento Ejecutivo a fin de establecer las modalidades de la celebraci\u00f3n, se resolvi\u00f3 por Decreto Municipal 4993\/22<strong> trasladar el asueto al lunes 14 de noviembre.<\/strong><\/p>\n<p>&nbsp;<\/p>\n<p>Se aclar\u00f3, por \u00faltimo, que se arbitrar\u00e1n los medios necesarios para garantizar el mantenimiento de los <strong>servicios esenciales<\/strong> del Municipio.<\/p>\n","protected":false},"excerpt":{"rendered":"<p>La fecha conmemorativa tiene los alcances de un feriado nacional no laborable.<\/p>\n","protected":false},"author":5,"featured_media":50372,"comment_status":"closed","ping_status":"closed","sticky":false,"template":"","format":"standard","meta":{"_jetpack_memberships_contains_paid_content":false,"footnotes":""},"categories":[1],"tags":[],"class_list":["post-69312","post","type-post","status-publish","format-standard","has-post-thumbnail","hentry","category-portada"],"jetpack_featured_media_url":"https:\/\/i0.wp.com\/cdnoticias.com\/wp-content\/uploads\/2022\/03\/Palacio-Municipal-San-Martin-drone-Olavarria-Municipalidad.jpg?fit=800%2C445&ssl=1","jetpack_sharing_enabled":true,"_links":{"self":[{"href":"https:\/\/cdnoticias.com\/index.php\/wp-json\/wp\/v2\/posts\/69312","targetHints":{"allow":["GET"]}}],"collection":[{"href":"https:\/\/cdnoticias.com\/index.php\/wp-json\/wp\/v2\/posts"}],"about":[{"href":"https:\/\/cdnoticias.com\/index.php\/wp-json\/wp\/v2\/types\/post"}],"author":[{"embeddable":true,"href":"https:\/\/cdnoticias.com\/index.php\/wp-json\/wp\/v2\/users\/5"}],"replies":[{"embeddable":true,"href":"https:\/\/cdnoticias.com\/index.php\/wp-json\/wp\/v2\/comments?post=69312"}],"version-history":[{"count":0,"href":"https:\/\/cdnoticias.com\/index.php\/wp-json\/wp\/v2\/posts\/69312\/revisions"}],"wp:featuredmedia":[{"embeddable":true,"href":"https:\/\/cdnoticias.com\/index.php\/wp-json\/wp\/v2\/media\/50372"}],"wp:attachment":[{"href":"https:\/\/cdnoticias.com\/index.php\/wp-json\/wp\/v2\/media?parent=69312"}],"wp:term":[{"taxonomy":"category","embeddable":true,"href":"https:\/\/cdnoticias.com\/index.php\/wp-json\/wp\/v2\/categories?post=69312"},{"taxonomy":"post_tag","embeddable":true,"href":"https:\/\/cdnoticias.com\/index.php\/wp-json\/wp\/v2\/tags?post=69312"}],"curies":[{"name":"wp","href":"https:\/\/api.w.org\/{rel}","templated":true}]}}