{"id":69306,"date":"2022-11-07T15:01:42","date_gmt":"2022-11-07T18:01:42","guid":{"rendered":"https:\/\/www.centraldenoticias.com.ar\/?p=69306"},"modified":"2022-11-07T15:01:42","modified_gmt":"2022-11-07T18:01:42","slug":"el-presidente-de-la-convencion-nacional-de-la-ucr-llegara-a-olavarria","status":"publish","type":"post","link":"https:\/\/cdnoticias.com\/index.php\/2022\/11\/07\/el-presidente-de-la-convencion-nacional-de-la-ucr-llegara-a-olavarria\/","title":{"rendered":"El presidente de la Convenci\u00f3n Nacional de la UCR llegar\u00e1 a Olavarr\u00eda"},"content":{"rendered":"<p>Se trata de Gast\u00f3n Manes, cuya visita se enmarca en la interna del radicalismo local. La charla es organizada por \u201cAdelante Radicales\u201d.<!--more--><\/p>\n<hr \/>\n<p><strong>El presidente de la Convenci\u00f3n Nacional de la UCR, Gast\u00f3n Manes, llegar\u00e1 a Olavarr\u00eda<\/strong> este martes para brindar una charla y expresar su<strong> apoyo a la Lista 123, que encabeza Fabi\u00e1n Irassar<\/strong>, en v\u00edsperas a lo que ser\u00e1 la elecci\u00f3n interna del radicalismo local el pr\u00f3ximo domingo 13 de noviembre.<\/p>\n<p>&nbsp;<\/p>\n<p>La cita con el hermano del m\u00e9dico neurocient\u00edfico, Facundo Manes, ser\u00e1 este <strong>martes 8 de noviembre a las 19 en el local partidario de Adelante Radicales Olavarr\u00eda<\/strong>, situado en Moreno 3261 (entre Sargento Cabral y \u00c1lvaro Barros).<\/p>\n<p>&nbsp;<\/p>\n<p>Est\u00e1n invitados todos los afiliados a la Uni\u00f3n C\u00edvica Radical y p\u00fablico en general a asistir al evento.<\/p>\n<p>&nbsp;<\/p>\n<p><img data-recalc-dims=\"1\" loading=\"lazy\" decoding=\"async\" class=\"size-full wp-image-69308 aligncenter\" src=\"https:\/\/i0.wp.com\/cdnoticias.com\/wp-content\/uploads\/2022\/11\/UCR-manes-2.jpg?resize=500%2C500&#038;ssl=1\" alt=\"\" width=\"500\" height=\"500\" srcset=\"https:\/\/i0.wp.com\/cdnoticias.com\/wp-content\/uploads\/2022\/11\/UCR-manes-2.jpg?w=500&amp;ssl=1 500w, https:\/\/i0.wp.com\/cdnoticias.com\/wp-content\/uploads\/2022\/11\/UCR-manes-2.jpg?resize=300%2C300&amp;ssl=1 300w, https:\/\/i0.wp.com\/cdnoticias.com\/wp-content\/uploads\/2022\/11\/UCR-manes-2.jpg?resize=150%2C150&amp;ssl=1 150w\" sizes=\"auto, (max-width: 500px) 100vw, 500px\" \/><\/p>\n<p>&nbsp;<\/p>\n","protected":false},"excerpt":{"rendered":"<p>Se trata de Gast\u00f3n Manes, cuya visita se enmarca en la interna del radicalismo local. La charla es organizada por<\/p>\n","protected":false},"author":4,"featured_media":69307,"comment_status":"closed","ping_status":"closed","sticky":false,"template":"","format":"standard","meta":{"_jetpack_memberships_contains_paid_content":false,"footnotes":""},"categories":[4,1],"tags":[],"class_list":["post-69306","post","type-post","status-publish","format-standard","has-post-thumbnail","hentry","category-politica","category-portada"],"jetpack_featured_media_url":"https:\/\/i0.wp.com\/cdnoticias.com\/wp-content\/uploads\/2022\/11\/UCR-manes-1.jpg?fit=800%2C446&ssl=1","jetpack_sharing_enabled":true,"_links":{"self":[{"href":"https:\/\/cdnoticias.com\/index.php\/wp-json\/wp\/v2\/posts\/69306","targetHints":{"allow":["GET"]}}],"collection":[{"href":"https:\/\/cdnoticias.com\/index.php\/wp-json\/wp\/v2\/posts"}],"about":[{"href":"https:\/\/cdnoticias.com\/index.php\/wp-json\/wp\/v2\/types\/post"}],"author":[{"embeddable":true,"href":"https:\/\/cdnoticias.com\/index.php\/wp-json\/wp\/v2\/users\/4"}],"replies":[{"embeddable":true,"href":"https:\/\/cdnoticias.com\/index.php\/wp-json\/wp\/v2\/comments?post=69306"}],"version-history":[{"count":0,"href":"https:\/\/cdnoticias.com\/index.php\/wp-json\/wp\/v2\/posts\/69306\/revisions"}],"wp:featuredmedia":[{"embeddable":true,"href":"https:\/\/cdnoticias.com\/index.php\/wp-json\/wp\/v2\/media\/69307"}],"wp:attachment":[{"href":"https:\/\/cdnoticias.com\/index.php\/wp-json\/wp\/v2\/media?parent=69306"}],"wp:term":[{"taxonomy":"category","embeddable":true,"href":"https:\/\/cdnoticias.com\/index.php\/wp-json\/wp\/v2\/categories?post=69306"},{"taxonomy":"post_tag","embeddable":true,"href":"https:\/\/cdnoticias.com\/index.php\/wp-json\/wp\/v2\/tags?post=69306"}],"curies":[{"name":"wp","href":"https:\/\/api.w.org\/{rel}","templated":true}]}}