{"id":69273,"date":"2022-11-07T08:08:32","date_gmt":"2022-11-07T11:08:32","guid":{"rendered":"https:\/\/www.centraldenoticias.com.ar\/?p=69273"},"modified":"2022-11-07T13:10:05","modified_gmt":"2022-11-07T16:10:05","slug":"comienza-el-juicio-por-el-asesinato-de-carlos-cordero","status":"publish","type":"post","link":"https:\/\/cdnoticias.com\/index.php\/2022\/11\/07\/comienza-el-juicio-por-el-asesinato-de-carlos-cordero\/","title":{"rendered":"Comienza el juicio por el asesinato de Carlos Cordero"},"content":{"rendered":"<p>En el Tribunal Oral N\u00ba 2 de Azul se llevar\u00e1n adelante las audiencias hasta el mi\u00e9rcoles. Los dos imputados por &#8220;homicidio doblemente agravado por uso de arma de fuego y alevos\u00eda&#8221; llegan presos al juicio.<!--more--><\/p>\n<hr \/>\n<p><strong>Este lunes comenzar\u00e1 en la ciudad de Azul el juicio oral por el asesinato de Carlos Roberto Cordero<\/strong>, cometido en junio de 2019 y que evidenci\u00f3 una trama macabra en la que actuaron dos acusados.<\/p>\n<p>&nbsp;<\/p>\n<p>El <strong>Tribunal Oral en lo Criminal Penal N\u00ba 2 de Azul<\/strong> llevar\u00e1 adelante el proceso y actuar\u00e1 como <strong>fiscal el doctor Gustavo Morey<\/strong> de Tandil. Se programaron <strong>tres audiencias<\/strong> para los d\u00edas lunes, martes y mi\u00e9rcoles.<\/p>\n<p>&nbsp;<\/p>\n<p>Los dos imputados por <strong>&#8220;homicidio doblemente agravado por uso de arma de fuego y alevos\u00eda&#8221;<\/strong> son <strong>Claudio Daniel \u201cChaco\u201d Ibarra Arrieta<\/strong> y <strong>Anabella Mar\u00eda Jos\u00e9 Landalde<\/strong>. Llegan al juicio detenidos.<\/p>\n<p>&nbsp;<\/p>\n<p>El homicidio de Cordero caus\u00f3 conmoci\u00f3n en la ciudad hace tres a\u00f1os. <strong>Fueron diez d\u00edas los que separaron el crimen del hallazgo del cuerpo<\/strong> en los que su familia y allegados encabezaron manifestaciones para visibilizar la b\u00fasqueda. Adem\u00e1s, el personal policial hizo amplios operativos para dar con el hombre.<\/p>\n<p>&nbsp;<\/p>\n<p><strong>Carlos Cordero, un militar retirado de 60 a\u00f1os, desapareci\u00f3 el 26 de junio de 2019<\/strong>. Al d\u00eda siguiente <strong>su auto Ford Fiesta Max apareci\u00f3 incendiado<\/strong> en Calle 5 y Col\u00f3n. La investigaci\u00f3n del caso fue conducida por la <strong>fiscal Mar\u00eda Paula Serrano de la UFI N\u00ba 4<\/strong>. Entre los numerosos elementos probatorios recogidos, las c\u00e1maras de seguridad registraron que Ibarra Arrieta condujo el veh\u00edculo hasta el predio donde apareci\u00f3.<\/p>\n<p>&nbsp;<\/p>\n<figure id=\"attachment_69276\" aria-describedby=\"caption-attachment-69276\" style=\"width: 800px\" class=\"wp-caption aligncenter\"><img data-recalc-dims=\"1\" loading=\"lazy\" decoding=\"async\" class=\"wp-image-69276 size-full\" src=\"https:\/\/i0.wp.com\/cdnoticias.com\/wp-content\/uploads\/2022\/11\/caso-cordero-ibarra-arrieta-detenido.jpg?resize=800%2C445&#038;ssl=1\" alt=\"\" width=\"800\" height=\"445\" srcset=\"https:\/\/i0.wp.com\/cdnoticias.com\/wp-content\/uploads\/2022\/11\/caso-cordero-ibarra-arrieta-detenido.jpg?w=800&amp;ssl=1 800w, https:\/\/i0.wp.com\/cdnoticias.com\/wp-content\/uploads\/2022\/11\/caso-cordero-ibarra-arrieta-detenido.jpg?resize=300%2C167&amp;ssl=1 300w, https:\/\/i0.wp.com\/cdnoticias.com\/wp-content\/uploads\/2022\/11\/caso-cordero-ibarra-arrieta-detenido.jpg?resize=768%2C427&amp;ssl=1 768w\" sizes=\"auto, (max-width: 800px) 100vw, 800px\" \/><figcaption id=\"caption-attachment-69276\" class=\"wp-caption-text\">Ibarra Arrieta fue detenido a principios de julio de 2019.<\/figcaption><\/figure>\n<p>&nbsp;<\/p>\n<p><strong>El s\u00e1bado 6 de julio su cuerpo fue hallado desmembrado y quemado<\/strong> en el santuario del Gauchito Gil. Es en una especie de parque ubicado a la vera de la ruta 226 en la extensi\u00f3n norte de la avenida Ituzaing\u00f3.<\/p>\n<p>&nbsp;<\/p>\n<p>El cuerpo estaba irreconocible. Se estim\u00f3 que <strong>hab\u00eda fallecido el mismo d\u00eda de la desaparici\u00f3n producto de un disparo<\/strong> que recibi\u00f3 mientras estaba maniatado. Dos meses despu\u00e9s se constat\u00f3 la veracidad del hallazgo mediante el resultado de la pericia de ADN.<\/p>\n<p>&nbsp;<\/p>\n<p>El mismo d\u00eda del hallazgo del cuerpo qued\u00f3 apuntado<strong> el principal sindicado: Ibarra Arrieta fue detenido en su vivienda de Pourtal\u00e9 al 2300<\/strong>. El hombre contaba ya con numerosos antecedentes penales. Fue acusado de ser quien le dispar\u00f3, quien mantuvo oculto el cuerpo y quien lo traslad\u00f3 hasta el lugar donde fue hallado.<\/p>\n<p>&nbsp;<\/p>\n<p>La principal hip\u00f3tesis es que <strong>el homicidio se cometi\u00f3 en la vivienda de Pourtal\u00e9 al 2200<\/strong>, donde habitaba la segunda acusada.<\/p>\n<p>&nbsp;<\/p>\n<p><strong>El 6 de agosto se orden\u00f3 la detenci\u00f3n de Landalde<\/strong>, imputada como part\u00edcipe primaria.<\/p>\n<p>&nbsp;<\/p>\n<figure id=\"attachment_69275\" aria-describedby=\"caption-attachment-69275\" style=\"width: 800px\" class=\"wp-caption aligncenter\"><img data-recalc-dims=\"1\" loading=\"lazy\" decoding=\"async\" class=\"wp-image-69275 size-full\" src=\"https:\/\/i0.wp.com\/cdnoticias.com\/wp-content\/uploads\/2022\/11\/caso-cordero-anabella-maria-jose-landalde.jpg?resize=800%2C445&#038;ssl=1\" alt=\"\" width=\"800\" height=\"445\" srcset=\"https:\/\/i0.wp.com\/cdnoticias.com\/wp-content\/uploads\/2022\/11\/caso-cordero-anabella-maria-jose-landalde.jpg?w=800&amp;ssl=1 800w, https:\/\/i0.wp.com\/cdnoticias.com\/wp-content\/uploads\/2022\/11\/caso-cordero-anabella-maria-jose-landalde.jpg?resize=300%2C167&amp;ssl=1 300w, https:\/\/i0.wp.com\/cdnoticias.com\/wp-content\/uploads\/2022\/11\/caso-cordero-anabella-maria-jose-landalde.jpg?resize=768%2C427&amp;ssl=1 768w\" sizes=\"auto, (max-width: 800px) 100vw, 800px\" \/><figcaption id=\"caption-attachment-69275\" class=\"wp-caption-text\">Landalde, fue detenida a principios de agosto,<\/figcaption><\/figure>\n<p>&nbsp;<\/p>\n<p><span style=\"text-decoration: underline;\"><strong>Una trampa<\/strong><\/span><\/p>\n<p>&nbsp;<\/p>\n<p>De acuerdo a informaci\u00f3n que los investigadores dejaron saber, la joven, quien en ese momento ten\u00eda 22 a\u00f1os y estaba embarazada de ocho meses,<strong> ejerc\u00eda la prostituci\u00f3n y habr\u00eda convocado a Cordero a una cita sexual<\/strong> en su casa de calle Portual\u00e9.<\/p>\n<p>&nbsp;<\/p>\n<p><strong>Una vez all\u00ed, el militar fue maniatado<\/strong> y, en ese estado de indefensi\u00f3n, fue asesinado de un disparo en la cabeza por Ibarra Arrieta.<\/p>\n<p>&nbsp;<\/p>\n<p>En base a los testimonios, se estableci\u00f3 en la causa penal que <strong>la joven sol\u00eda concretar este tipo de encuentros en los que luego Ibarra Arrieta irrump\u00eda para golpear a las v\u00edctimas y robarles<\/strong>.<\/p>\n<p>&nbsp;<\/p>\n<p>Por este motivo, para los pesquisas, la principal hip\u00f3tesis fue que <strong>Cordero fue asesinado en el marco de un robo.<\/strong><\/p>\n","protected":false},"excerpt":{"rendered":"<p>En el Tribunal Oral N\u00ba 2 de Azul se llevar\u00e1n adelante las audiencias hasta el mi\u00e9rcoles. Los dos imputados por<\/p>\n","protected":false},"author":4,"featured_media":69274,"comment_status":"closed","ping_status":"closed","sticky":false,"template":"","format":"standard","meta":{"_jetpack_memberships_contains_paid_content":false,"footnotes":""},"categories":[14,1],"tags":[],"class_list":["post-69273","post","type-post","status-publish","format-standard","has-post-thumbnail","hentry","category-policiales","category-portada"],"jetpack_featured_media_url":"https:\/\/i0.wp.com\/cdnoticias.com\/wp-content\/uploads\/2022\/11\/caso-cordero-0.jpg?fit=800%2C445&ssl=1","jetpack_sharing_enabled":true,"_links":{"self":[{"href":"https:\/\/cdnoticias.com\/index.php\/wp-json\/wp\/v2\/posts\/69273","targetHints":{"allow":["GET"]}}],"collection":[{"href":"https:\/\/cdnoticias.com\/index.php\/wp-json\/wp\/v2\/posts"}],"about":[{"href":"https:\/\/cdnoticias.com\/index.php\/wp-json\/wp\/v2\/types\/post"}],"author":[{"embeddable":true,"href":"https:\/\/cdnoticias.com\/index.php\/wp-json\/wp\/v2\/users\/4"}],"replies":[{"embeddable":true,"href":"https:\/\/cdnoticias.com\/index.php\/wp-json\/wp\/v2\/comments?post=69273"}],"version-history":[{"count":0,"href":"https:\/\/cdnoticias.com\/index.php\/wp-json\/wp\/v2\/posts\/69273\/revisions"}],"wp:featuredmedia":[{"embeddable":true,"href":"https:\/\/cdnoticias.com\/index.php\/wp-json\/wp\/v2\/media\/69274"}],"wp:attachment":[{"href":"https:\/\/cdnoticias.com\/index.php\/wp-json\/wp\/v2\/media?parent=69273"}],"wp:term":[{"taxonomy":"category","embeddable":true,"href":"https:\/\/cdnoticias.com\/index.php\/wp-json\/wp\/v2\/categories?post=69273"},{"taxonomy":"post_tag","embeddable":true,"href":"https:\/\/cdnoticias.com\/index.php\/wp-json\/wp\/v2\/tags?post=69273"}],"curies":[{"name":"wp","href":"https:\/\/api.w.org\/{rel}","templated":true}]}}