{"id":69242,"date":"2022-11-06T19:30:50","date_gmt":"2022-11-06T22:30:50","guid":{"rendered":"https:\/\/www.centraldenoticias.com.ar\/?p=69242"},"modified":"2022-11-07T08:18:58","modified_gmt":"2022-11-07T11:18:58","slug":"todas-las-fotos-son-parte-de-mi-memoria-lo-que-vamos-a-ver-es-super-impactante","status":"publish","type":"post","link":"https:\/\/cdnoticias.com\/index.php\/2022\/11\/06\/todas-las-fotos-son-parte-de-mi-memoria-lo-que-vamos-a-ver-es-super-impactante\/","title":{"rendered":"&#8220;Todas las fotos son parte de mi memoria, lo que vamos a ver es s\u00faper impactante&#8221;"},"content":{"rendered":"<p>As\u00ed lo remarc\u00f3 la fot\u00f3grafa Andy Cherniavsky en el marco de su inauguraci\u00f3n <em>\u201cLa m\u00e1quina de mirar<\/em>&#8221; que cont\u00f3 con una gran convocatoria de personas. <!--more--><\/p>\n<hr \/>\n<p>Este s\u00e1bado 5 de noviembre se realiz\u00f3 la inauguraci\u00f3n de la muestra <em><strong>&#8220;La m\u00e1quina de mirar: Fotograf\u00edas del Rock Argentino&#8221;<\/strong> <\/em>de la<strong> fot\u00f3grafa Andy Cherniavsky<\/strong> en el Centro Cultural San Jos\u00e9.<\/p>\n<p>&nbsp;<\/p>\n<p>Con gran convocatoria de personas que se empezaron a reunir a partir de las 19:30,<strong> la m\u00fasica del rock argentino son\u00f3 en la calles de la ciudad<\/strong> invitando al p\u00fablico a participar de la inauguraci\u00f3n.<\/p>\n<p>&nbsp;<\/p>\n<p><img data-recalc-dims=\"1\" loading=\"lazy\" decoding=\"async\" class=\"alignnone size-full wp-image-69259\" src=\"https:\/\/i0.wp.com\/cdnoticias.com\/wp-content\/uploads\/2022\/11\/WhatsApp-Image-2022-11-06-at-17.18.24.jpeg?resize=800%2C600&#038;ssl=1\" alt=\"\" width=\"800\" height=\"600\" srcset=\"https:\/\/i0.wp.com\/cdnoticias.com\/wp-content\/uploads\/2022\/11\/WhatsApp-Image-2022-11-06-at-17.18.24.jpeg?w=1600&amp;ssl=1 1600w, https:\/\/i0.wp.com\/cdnoticias.com\/wp-content\/uploads\/2022\/11\/WhatsApp-Image-2022-11-06-at-17.18.24.jpeg?resize=300%2C225&amp;ssl=1 300w, https:\/\/i0.wp.com\/cdnoticias.com\/wp-content\/uploads\/2022\/11\/WhatsApp-Image-2022-11-06-at-17.18.24.jpeg?resize=1024%2C768&amp;ssl=1 1024w, https:\/\/i0.wp.com\/cdnoticias.com\/wp-content\/uploads\/2022\/11\/WhatsApp-Image-2022-11-06-at-17.18.24.jpeg?resize=768%2C576&amp;ssl=1 768w, https:\/\/i0.wp.com\/cdnoticias.com\/wp-content\/uploads\/2022\/11\/WhatsApp-Image-2022-11-06-at-17.18.24.jpeg?resize=1536%2C1152&amp;ssl=1 1536w\" sizes=\"auto, (max-width: 800px) 100vw, 800px\" \/><\/p>\n<p>&nbsp;<\/p>\n<p>A partir de las 20:00 <strong>comenz\u00f3 a transmitirse un <em>mapping<\/em><\/strong> (proyecci\u00f3n de im\u00e1genes sobre superficies reales) donde se <strong>visualizaron im\u00e1genes de la d\u00e9cada de los 80&#8242;\u00a0 junto a frases de m\u00fasicos y m\u00fasicas de nuestro pa\u00eds.<\/strong><\/p>\n<p>&nbsp;<\/p>\n<p><img data-recalc-dims=\"1\" loading=\"lazy\" decoding=\"async\" class=\"alignnone size-full wp-image-69254\" src=\"https:\/\/i0.wp.com\/cdnoticias.com\/wp-content\/uploads\/2022\/11\/WhatsApp-Image-2022-11-05-at-22.16.35-1.jpeg?resize=800%2C533&#038;ssl=1\" alt=\"\" width=\"800\" height=\"533\" srcset=\"https:\/\/i0.wp.com\/cdnoticias.com\/wp-content\/uploads\/2022\/11\/WhatsApp-Image-2022-11-05-at-22.16.35-1.jpeg?w=1500&amp;ssl=1 1500w, https:\/\/i0.wp.com\/cdnoticias.com\/wp-content\/uploads\/2022\/11\/WhatsApp-Image-2022-11-05-at-22.16.35-1.jpeg?resize=300%2C200&amp;ssl=1 300w, https:\/\/i0.wp.com\/cdnoticias.com\/wp-content\/uploads\/2022\/11\/WhatsApp-Image-2022-11-05-at-22.16.35-1.jpeg?resize=1024%2C683&amp;ssl=1 1024w, https:\/\/i0.wp.com\/cdnoticias.com\/wp-content\/uploads\/2022\/11\/WhatsApp-Image-2022-11-05-at-22.16.35-1.jpeg?resize=768%2C512&amp;ssl=1 768w, https:\/\/i0.wp.com\/cdnoticias.com\/wp-content\/uploads\/2022\/11\/WhatsApp-Image-2022-11-05-at-22.16.35-1.jpeg?resize=272%2C182&amp;ssl=1 272w\" sizes=\"auto, (max-width: 800px) 100vw, 800px\" \/><\/p>\n<p>&nbsp;<\/p>\n<p>Adem\u00e1s se escucharon varias frases de <strong>Charly Garc\u00eda<\/strong>, entre ellas: &#8220;<em><strong>el que se anima, tiene la chance de darse un buen golpazo, pero tambi\u00e9n tiene la chance de mirar desde arriba&#8221;.<\/strong><\/em><\/p>\n<p>&nbsp;<\/p>\n<p>Luego de la proyecci\u00f3n se hicieron presentes el intendente <strong>Ezequiel Galli,<\/strong> la directora de Gesti\u00f3n Cultural del Municipio, <strong>Agustina Marino<\/strong>, el subsecretario de Cultura, <strong>Bruzo Cenizo,<\/strong> el secretario de Desarrollo Humano y Calidad de Vida, <strong>Diego Robbiani<\/strong>, y la fot\u00f3grafa <strong>Andy Cherniavsky.<\/strong><\/p>\n<p>&nbsp;<\/p>\n<p><img data-recalc-dims=\"1\" loading=\"lazy\" decoding=\"async\" class=\"alignnone size-full wp-image-69256\" src=\"https:\/\/i0.wp.com\/cdnoticias.com\/wp-content\/uploads\/2022\/11\/WhatsApp-Image-2022-11-05-at-22.16.36-1.jpeg?resize=800%2C533&#038;ssl=1\" alt=\"\" width=\"800\" height=\"533\" srcset=\"https:\/\/i0.wp.com\/cdnoticias.com\/wp-content\/uploads\/2022\/11\/WhatsApp-Image-2022-11-05-at-22.16.36-1.jpeg?w=1500&amp;ssl=1 1500w, https:\/\/i0.wp.com\/cdnoticias.com\/wp-content\/uploads\/2022\/11\/WhatsApp-Image-2022-11-05-at-22.16.36-1.jpeg?resize=300%2C200&amp;ssl=1 300w, https:\/\/i0.wp.com\/cdnoticias.com\/wp-content\/uploads\/2022\/11\/WhatsApp-Image-2022-11-05-at-22.16.36-1.jpeg?resize=1024%2C683&amp;ssl=1 1024w, https:\/\/i0.wp.com\/cdnoticias.com\/wp-content\/uploads\/2022\/11\/WhatsApp-Image-2022-11-05-at-22.16.36-1.jpeg?resize=768%2C512&amp;ssl=1 768w, https:\/\/i0.wp.com\/cdnoticias.com\/wp-content\/uploads\/2022\/11\/WhatsApp-Image-2022-11-05-at-22.16.36-1.jpeg?resize=272%2C182&amp;ssl=1 272w\" sizes=\"auto, (max-width: 800px) 100vw, 800px\" \/><\/p>\n<p>&nbsp;<\/p>\n<p>\u201cSimplemente agradecer a Andy por estar ac\u00e1, agradecer a Fernando y su productora <em>Saltamont<\/em>e por la propuesta que acerc\u00f3 a la ciudad. Como siempre agradecer a Ezequiel, a Diego y a Bruno por <strong>apoyar todos los proyectos que sabemos que tienen este impacto en la ciudad<\/strong> y fundamentalmente al equipo de trabajo. <strong>Esto ha sido fruto y producto de much\u00edsimo trabajo de much\u00edsimas \u00e1reas<\/strong>, agradecer a todos los que est\u00e1n ac\u00e1 y a disfrutar de esta maravillosa muestra\u201d expres\u00f3 Marino.<\/p>\n<p>&nbsp;<\/p>\n<p><img data-recalc-dims=\"1\" loading=\"lazy\" decoding=\"async\" class=\"alignnone size-full wp-image-69257\" src=\"https:\/\/i0.wp.com\/cdnoticias.com\/wp-content\/uploads\/2022\/11\/WhatsApp-Image-2022-11-05-at-22.16.36.jpeg?resize=800%2C533&#038;ssl=1\" alt=\"\" width=\"800\" height=\"533\" srcset=\"https:\/\/i0.wp.com\/cdnoticias.com\/wp-content\/uploads\/2022\/11\/WhatsApp-Image-2022-11-05-at-22.16.36.jpeg?w=1500&amp;ssl=1 1500w, https:\/\/i0.wp.com\/cdnoticias.com\/wp-content\/uploads\/2022\/11\/WhatsApp-Image-2022-11-05-at-22.16.36.jpeg?resize=300%2C200&amp;ssl=1 300w, https:\/\/i0.wp.com\/cdnoticias.com\/wp-content\/uploads\/2022\/11\/WhatsApp-Image-2022-11-05-at-22.16.36.jpeg?resize=1024%2C683&amp;ssl=1 1024w, https:\/\/i0.wp.com\/cdnoticias.com\/wp-content\/uploads\/2022\/11\/WhatsApp-Image-2022-11-05-at-22.16.36.jpeg?resize=768%2C512&amp;ssl=1 768w, https:\/\/i0.wp.com\/cdnoticias.com\/wp-content\/uploads\/2022\/11\/WhatsApp-Image-2022-11-05-at-22.16.36.jpeg?resize=272%2C182&amp;ssl=1 272w\" sizes=\"auto, (max-width: 800px) 100vw, 800px\" \/><\/p>\n<p>&nbsp;<\/p>\n<p>Por su parte, la <strong>fot\u00f3grafa Cherniavsky<\/strong> tambi\u00e9n expres\u00f3 algunas palabras:\u00a0 <em><strong>\u201cEs un placer estar ac\u00e1. Quiero agradecer a toda la gente que trabaj\u00f3 para montar esta muestra con un amor, dedicaci\u00f3n y cari\u00f1o que realmente me emociona. Todas las fotos son parte de mi memoria, lo que vamos a ver es s\u00faper impactante<\/strong><\/em>. Van a poder disfrutar de momentos incre\u00edbles e \u00edntimos con Charly. Tambi\u00e9n est\u00e1n las \u00faltimas fotos que se sacaron en vida conmigo tanto de Luca Prodan como de Federico Moura&#8221;.<\/p>\n<p>&nbsp;<\/p>\n<p><img data-recalc-dims=\"1\" loading=\"lazy\" decoding=\"async\" class=\"alignnone size-full wp-image-69249\" src=\"https:\/\/i0.wp.com\/cdnoticias.com\/wp-content\/uploads\/2022\/11\/WhatsApp-Image-2022-11-05-at-22.16.33-1.jpeg?resize=800%2C533&#038;ssl=1\" alt=\"\" width=\"800\" height=\"533\" srcset=\"https:\/\/i0.wp.com\/cdnoticias.com\/wp-content\/uploads\/2022\/11\/WhatsApp-Image-2022-11-05-at-22.16.33-1.jpeg?w=1500&amp;ssl=1 1500w, https:\/\/i0.wp.com\/cdnoticias.com\/wp-content\/uploads\/2022\/11\/WhatsApp-Image-2022-11-05-at-22.16.33-1.jpeg?resize=300%2C200&amp;ssl=1 300w, https:\/\/i0.wp.com\/cdnoticias.com\/wp-content\/uploads\/2022\/11\/WhatsApp-Image-2022-11-05-at-22.16.33-1.jpeg?resize=1024%2C683&amp;ssl=1 1024w, https:\/\/i0.wp.com\/cdnoticias.com\/wp-content\/uploads\/2022\/11\/WhatsApp-Image-2022-11-05-at-22.16.33-1.jpeg?resize=768%2C512&amp;ssl=1 768w, https:\/\/i0.wp.com\/cdnoticias.com\/wp-content\/uploads\/2022\/11\/WhatsApp-Image-2022-11-05-at-22.16.33-1.jpeg?resize=272%2C182&amp;ssl=1 272w\" sizes=\"auto, (max-width: 800px) 100vw, 800px\" \/><\/p>\n<p>&nbsp;<\/p>\n<p>El Centro Cultural San Jos\u00e9 se colm\u00f3 de personas que fueron a disfrutar de la muestra. Fotograf\u00edas de <em>Los Twist, Babas\u00f3nicos, Soda Stereo, Hilda Lizarazu, Gustavo Santaolalla, Fabiana Cantilo, Fito P\u00e1ez, Miguel Abuelo, Gustavo Cerati, el Indio Solari, Federico Moura, Sumo, Luca Prodan, Ser\u00fa Gir\u00e1n, Andr\u00e9s Calamaro, Le\u00f3n Gieco, Skay Beilinson, Charly Garc\u00eda, Dante Spinetta, Virus,<\/em> entre otros <strong>se encontrar\u00e1n hasta el 4 de diciembre en las salas del Centro Cultural.\u00a0<\/strong><\/p>\n<p>&nbsp;<\/p>\n<p><img data-recalc-dims=\"1\" loading=\"lazy\" decoding=\"async\" class=\"alignnone size-full wp-image-69258\" src=\"https:\/\/i0.wp.com\/cdnoticias.com\/wp-content\/uploads\/2022\/11\/WhatsApp-Image-2022-11-06-at-17.18.24-1.jpeg?resize=800%2C600&#038;ssl=1\" alt=\"\" width=\"800\" height=\"600\" srcset=\"https:\/\/i0.wp.com\/cdnoticias.com\/wp-content\/uploads\/2022\/11\/WhatsApp-Image-2022-11-06-at-17.18.24-1.jpeg?w=1600&amp;ssl=1 1600w, https:\/\/i0.wp.com\/cdnoticias.com\/wp-content\/uploads\/2022\/11\/WhatsApp-Image-2022-11-06-at-17.18.24-1.jpeg?resize=300%2C225&amp;ssl=1 300w, https:\/\/i0.wp.com\/cdnoticias.com\/wp-content\/uploads\/2022\/11\/WhatsApp-Image-2022-11-06-at-17.18.24-1.jpeg?resize=1024%2C768&amp;ssl=1 1024w, https:\/\/i0.wp.com\/cdnoticias.com\/wp-content\/uploads\/2022\/11\/WhatsApp-Image-2022-11-06-at-17.18.24-1.jpeg?resize=768%2C576&amp;ssl=1 768w, https:\/\/i0.wp.com\/cdnoticias.com\/wp-content\/uploads\/2022\/11\/WhatsApp-Image-2022-11-06-at-17.18.24-1.jpeg?resize=1536%2C1152&amp;ssl=1 1536w\" sizes=\"auto, (max-width: 800px) 100vw, 800px\" \/><\/p>\n<p>&nbsp;<\/p>\n<p><img data-recalc-dims=\"1\" loading=\"lazy\" decoding=\"async\" class=\"alignnone size-full wp-image-69261\" src=\"https:\/\/i0.wp.com\/cdnoticias.com\/wp-content\/uploads\/2022\/11\/WhatsApp-Image-2022-11-06-at-17.18.25.jpeg?resize=800%2C600&#038;ssl=1\" alt=\"\" width=\"800\" height=\"600\" srcset=\"https:\/\/i0.wp.com\/cdnoticias.com\/wp-content\/uploads\/2022\/11\/WhatsApp-Image-2022-11-06-at-17.18.25.jpeg?w=1600&amp;ssl=1 1600w, https:\/\/i0.wp.com\/cdnoticias.com\/wp-content\/uploads\/2022\/11\/WhatsApp-Image-2022-11-06-at-17.18.25.jpeg?resize=300%2C225&amp;ssl=1 300w, https:\/\/i0.wp.com\/cdnoticias.com\/wp-content\/uploads\/2022\/11\/WhatsApp-Image-2022-11-06-at-17.18.25.jpeg?resize=1024%2C768&amp;ssl=1 1024w, https:\/\/i0.wp.com\/cdnoticias.com\/wp-content\/uploads\/2022\/11\/WhatsApp-Image-2022-11-06-at-17.18.25.jpeg?resize=768%2C576&amp;ssl=1 768w, https:\/\/i0.wp.com\/cdnoticias.com\/wp-content\/uploads\/2022\/11\/WhatsApp-Image-2022-11-06-at-17.18.25.jpeg?resize=1536%2C1152&amp;ssl=1 1536w\" sizes=\"auto, (max-width: 800px) 100vw, 800px\" \/><\/p>\n<p>&nbsp;<\/p>\n<p>No faltaron las <strong>frases ic\u00f3nicas del rock argentino seleccionadas por Andy<\/strong> que tambi\u00e9n se encuentran en las salas: <em>&#8220;Violencia es mentir&#8221; ;&#8221;Los genios son buenos servidores pero malos amos&#8221; ;&#8221;Los carceleros de la humanidad no me atraparan dos veces con la misma red&#8221;; &#8220;No creo en casi nada que no salga del coraz\u00f3n&#8221;<\/em> entre otras.<\/p>\n<p>&nbsp;<\/p>\n<p><img data-recalc-dims=\"1\" loading=\"lazy\" decoding=\"async\" class=\"alignnone size-full wp-image-69247\" src=\"https:\/\/i0.wp.com\/cdnoticias.com\/wp-content\/uploads\/2022\/11\/WhatsApp-Image-2022-11-05-at-20.23.47.jpeg?resize=800%2C450&#038;ssl=1\" alt=\"\" width=\"800\" height=\"450\" srcset=\"https:\/\/i0.wp.com\/cdnoticias.com\/wp-content\/uploads\/2022\/11\/WhatsApp-Image-2022-11-05-at-20.23.47.jpeg?w=1599&amp;ssl=1 1599w, https:\/\/i0.wp.com\/cdnoticias.com\/wp-content\/uploads\/2022\/11\/WhatsApp-Image-2022-11-05-at-20.23.47.jpeg?resize=300%2C169&amp;ssl=1 300w, https:\/\/i0.wp.com\/cdnoticias.com\/wp-content\/uploads\/2022\/11\/WhatsApp-Image-2022-11-05-at-20.23.47.jpeg?resize=1024%2C576&amp;ssl=1 1024w, https:\/\/i0.wp.com\/cdnoticias.com\/wp-content\/uploads\/2022\/11\/WhatsApp-Image-2022-11-05-at-20.23.47.jpeg?resize=768%2C432&amp;ssl=1 768w, https:\/\/i0.wp.com\/cdnoticias.com\/wp-content\/uploads\/2022\/11\/WhatsApp-Image-2022-11-05-at-20.23.47.jpeg?resize=1536%2C864&amp;ssl=1 1536w\" sizes=\"auto, (max-width: 800px) 100vw, 800px\" \/><\/p>\n<p>&nbsp;<\/p>\n<p>De la inauguraci\u00f3n tambi\u00e9n<strong> particip\u00f3 un DJ que hizo sonar las canciones de la d\u00e9cada de los 80&#8242; <\/strong>junto a foodtrucks con varias opciones de comidas para los presentes.<\/p>\n<p>&nbsp;<\/p>\n<p><img data-recalc-dims=\"1\" loading=\"lazy\" decoding=\"async\" class=\"alignnone size-full wp-image-69248\" src=\"https:\/\/i0.wp.com\/cdnoticias.com\/wp-content\/uploads\/2022\/11\/WhatsApp-Image-2022-11-05-at-21.04.41.jpeg?resize=800%2C450&#038;ssl=1\" alt=\"\" width=\"800\" height=\"450\" srcset=\"https:\/\/i0.wp.com\/cdnoticias.com\/wp-content\/uploads\/2022\/11\/WhatsApp-Image-2022-11-05-at-21.04.41.jpeg?w=1599&amp;ssl=1 1599w, https:\/\/i0.wp.com\/cdnoticias.com\/wp-content\/uploads\/2022\/11\/WhatsApp-Image-2022-11-05-at-21.04.41.jpeg?resize=300%2C169&amp;ssl=1 300w, https:\/\/i0.wp.com\/cdnoticias.com\/wp-content\/uploads\/2022\/11\/WhatsApp-Image-2022-11-05-at-21.04.41.jpeg?resize=1024%2C576&amp;ssl=1 1024w, https:\/\/i0.wp.com\/cdnoticias.com\/wp-content\/uploads\/2022\/11\/WhatsApp-Image-2022-11-05-at-21.04.41.jpeg?resize=768%2C432&amp;ssl=1 768w, https:\/\/i0.wp.com\/cdnoticias.com\/wp-content\/uploads\/2022\/11\/WhatsApp-Image-2022-11-05-at-21.04.41.jpeg?resize=1536%2C864&amp;ssl=1 1536w\" sizes=\"auto, (max-width: 800px) 100vw, 800px\" \/><\/p>\n<p>&nbsp;<\/p>\n<p><strong>Charly Garc\u00eda tuvo dos salas completamente dedicadas a \u00e9l<\/strong>: &#8220;<em><strong>Con Andy realmente me enganch\u00e9 como pareja fotal<\/strong><\/em>&#8221; dice una de las paredes de la sala junto a sus fotograf\u00edas enmarcadas en cuadros.<\/p>\n<p>&nbsp;<\/p>\n<p><img data-recalc-dims=\"1\" loading=\"lazy\" decoding=\"async\" class=\"alignnone size-full wp-image-69260\" src=\"https:\/\/i0.wp.com\/cdnoticias.com\/wp-content\/uploads\/2022\/11\/WhatsApp-Image-2022-11-06-at-17.18.25-1.jpeg?resize=800%2C600&#038;ssl=1\" alt=\"\" width=\"800\" height=\"600\" srcset=\"https:\/\/i0.wp.com\/cdnoticias.com\/wp-content\/uploads\/2022\/11\/WhatsApp-Image-2022-11-06-at-17.18.25-1.jpeg?w=1600&amp;ssl=1 1600w, https:\/\/i0.wp.com\/cdnoticias.com\/wp-content\/uploads\/2022\/11\/WhatsApp-Image-2022-11-06-at-17.18.25-1.jpeg?resize=300%2C225&amp;ssl=1 300w, https:\/\/i0.wp.com\/cdnoticias.com\/wp-content\/uploads\/2022\/11\/WhatsApp-Image-2022-11-06-at-17.18.25-1.jpeg?resize=1024%2C768&amp;ssl=1 1024w, https:\/\/i0.wp.com\/cdnoticias.com\/wp-content\/uploads\/2022\/11\/WhatsApp-Image-2022-11-06-at-17.18.25-1.jpeg?resize=768%2C576&amp;ssl=1 768w, https:\/\/i0.wp.com\/cdnoticias.com\/wp-content\/uploads\/2022\/11\/WhatsApp-Image-2022-11-06-at-17.18.25-1.jpeg?resize=1536%2C1152&amp;ssl=1 1536w\" sizes=\"auto, (max-width: 800px) 100vw, 800px\" \/><\/p>\n<p>&nbsp;<\/p>\n<p><strong>Un t\u00fanel se hace presente en el medio de la muestra<\/strong>. La experiencia <em><strong>&#8220;Say No More&#8221;<\/strong> <\/em>donde las personas pueden ver<strong> paredes grafiteadas a lo Charly Garc\u00eda<\/strong>: <em>&#8220;Yendo de la cama al living&#8221;, &#8220;Modern Clix&#8221;; &#8220;Yo no eleg\u00ed este mundo pero aprend\u00ed a querer&#8221;; &#8220;Cada cual tiene un trip en el bocho&#8221;<\/em> pueden leerse de manera fluorescente mientras el t\u00fanel se <strong>musicaliza con canciones de Charly.<\/strong><\/p>\n<p>&nbsp;<\/p>\n<p><img data-recalc-dims=\"1\" loading=\"lazy\" decoding=\"async\" class=\"alignnone size-full wp-image-69262\" src=\"https:\/\/i0.wp.com\/cdnoticias.com\/wp-content\/uploads\/2022\/11\/WhatsApp-Image-2022-11-06-at-17.18.26.jpeg?resize=800%2C600&#038;ssl=1\" alt=\"\" width=\"800\" height=\"600\" srcset=\"https:\/\/i0.wp.com\/cdnoticias.com\/wp-content\/uploads\/2022\/11\/WhatsApp-Image-2022-11-06-at-17.18.26.jpeg?w=1600&amp;ssl=1 1600w, https:\/\/i0.wp.com\/cdnoticias.com\/wp-content\/uploads\/2022\/11\/WhatsApp-Image-2022-11-06-at-17.18.26.jpeg?resize=300%2C225&amp;ssl=1 300w, https:\/\/i0.wp.com\/cdnoticias.com\/wp-content\/uploads\/2022\/11\/WhatsApp-Image-2022-11-06-at-17.18.26.jpeg?resize=1024%2C768&amp;ssl=1 1024w, https:\/\/i0.wp.com\/cdnoticias.com\/wp-content\/uploads\/2022\/11\/WhatsApp-Image-2022-11-06-at-17.18.26.jpeg?resize=768%2C576&amp;ssl=1 768w, https:\/\/i0.wp.com\/cdnoticias.com\/wp-content\/uploads\/2022\/11\/WhatsApp-Image-2022-11-06-at-17.18.26.jpeg?resize=1536%2C1152&amp;ssl=1 1536w\" sizes=\"auto, (max-width: 800px) 100vw, 800px\" \/><\/p>\n<p>&nbsp;<\/p>\n<p><strong><em>&#8220;La entrada es gratis, la salida vemos&#8221;<\/em> <\/strong>es la frase de Charly en la pared del <strong>final de este recorrido que nos hace volver un ratito al pasado <\/strong>pero que tambi\u00e9n <strong>reafirma que el rock argentino, no morir\u00e1 jam\u00e1s.<\/strong><\/p>\n<p>&nbsp;<\/p>\n","protected":false},"excerpt":{"rendered":"<p>As\u00ed lo remarc\u00f3 la fot\u00f3grafa Andy Cherniavsky en el marco de su inauguraci\u00f3n \u201cLa m\u00e1quina de mirar&#8221; que cont\u00f3 con<\/p>\n","protected":false},"author":6,"featured_media":69245,"comment_status":"closed","ping_status":"closed","sticky":false,"template":"","format":"standard","meta":{"_jetpack_memberships_contains_paid_content":false,"footnotes":""},"categories":[9,1],"tags":[],"class_list":["post-69242","post","type-post","status-publish","format-standard","has-post-thumbnail","hentry","category-cultura","category-portada"],"jetpack_featured_media_url":"https:\/\/i0.wp.com\/cdnoticias.com\/wp-content\/uploads\/2022\/11\/WhatsApp-Image-2022-11-05-at-22.16.33.jpeg?fit=1500%2C1000&ssl=1","jetpack_sharing_enabled":true,"_links":{"self":[{"href":"https:\/\/cdnoticias.com\/index.php\/wp-json\/wp\/v2\/posts\/69242","targetHints":{"allow":["GET"]}}],"collection":[{"href":"https:\/\/cdnoticias.com\/index.php\/wp-json\/wp\/v2\/posts"}],"about":[{"href":"https:\/\/cdnoticias.com\/index.php\/wp-json\/wp\/v2\/types\/post"}],"author":[{"embeddable":true,"href":"https:\/\/cdnoticias.com\/index.php\/wp-json\/wp\/v2\/users\/6"}],"replies":[{"embeddable":true,"href":"https:\/\/cdnoticias.com\/index.php\/wp-json\/wp\/v2\/comments?post=69242"}],"version-history":[{"count":0,"href":"https:\/\/cdnoticias.com\/index.php\/wp-json\/wp\/v2\/posts\/69242\/revisions"}],"wp:featuredmedia":[{"embeddable":true,"href":"https:\/\/cdnoticias.com\/index.php\/wp-json\/wp\/v2\/media\/69245"}],"wp:attachment":[{"href":"https:\/\/cdnoticias.com\/index.php\/wp-json\/wp\/v2\/media?parent=69242"}],"wp:term":[{"taxonomy":"category","embeddable":true,"href":"https:\/\/cdnoticias.com\/index.php\/wp-json\/wp\/v2\/categories?post=69242"},{"taxonomy":"post_tag","embeddable":true,"href":"https:\/\/cdnoticias.com\/index.php\/wp-json\/wp\/v2\/tags?post=69242"}],"curies":[{"name":"wp","href":"https:\/\/api.w.org\/{rel}","templated":true}]}}