{"id":69213,"date":"2022-11-06T11:59:40","date_gmt":"2022-11-06T14:59:40","guid":{"rendered":"https:\/\/www.centraldenoticias.com.ar\/?p=69213"},"modified":"2022-11-06T11:59:56","modified_gmt":"2022-11-06T14:59:56","slug":"lucia-pereira-este-espacio-y-esta-lista-representan-la-renovacion-la-pluralidad","status":"publish","type":"post","link":"https:\/\/cdnoticias.com\/index.php\/2022\/11\/06\/lucia-pereira-este-espacio-y-esta-lista-representan-la-renovacion-la-pluralidad\/","title":{"rendered":"Luc\u00eda Pereira: \u201cEste espacio y esta lista representan la renovaci\u00f3n, la pluralidad y el di\u00e1logo\u201d"},"content":{"rendered":"<p>As\u00ed lo indic\u00f3 con contundencia la candidata a secretaria general por Evoluci\u00f3n + Empat\u00eda de cara a las elecciones internas de la UCR de Olavarr\u00eda del 13 de noviembre.<!--more--><\/p>\n<hr \/>\n<p><strong>Luc\u00eda Pereira, candidata a Secretaria General por la lista Evoluci\u00f3n + Empat\u00eda<\/strong> y actual Tesorera de la UCR, habl\u00f3 sobre los comienzos en la militancia y su inserci\u00f3n en la pol\u00edtica, los motivos que la llevaron a formar parte de este espacio y las expectativas con las que ve al radicalismo de cara al futuro.<\/p>\n<p>&nbsp;<\/p>\n<p><strong>Su militancia comenz\u00f3 en la Franja Morada<\/strong>, mientras estudiaba la carrera de Antropolog\u00eda en la Facultad de Ciencias Sociales. \u201cEse fue mi primer acercamiento a lo que es la militancia y la pol\u00edtica. A\u00f1os m\u00e1s tarde me invitaron a sumarme y formar parte del Comit\u00e9 y ah\u00ed fue cuando decid\u00ed afiliarme en el 2010\u201d.<\/p>\n<p>&nbsp;<\/p>\n<blockquote><p>Adem\u00e1s, a\u00f1adi\u00f3 que \u201cinvolucrarse es la \u00fanica manera en la que podemos cambiar y transformar la realidad\u201d y que \u201cno tiene sentido quedarnos solamente en la queja\u201d.<\/p><\/blockquote>\n<p>&nbsp;<\/p>\n<p><img data-recalc-dims=\"1\" loading=\"lazy\" decoding=\"async\" class=\"size-full wp-image-69214 aligncenter\" src=\"https:\/\/i0.wp.com\/cdnoticias.com\/wp-content\/uploads\/2022\/11\/UCR-evolucion-lucia-pereira-00.jpg?resize=800%2C445&#038;ssl=1\" alt=\"\" width=\"800\" height=\"445\" srcset=\"https:\/\/i0.wp.com\/cdnoticias.com\/wp-content\/uploads\/2022\/11\/UCR-evolucion-lucia-pereira-00.jpg?w=800&amp;ssl=1 800w, https:\/\/i0.wp.com\/cdnoticias.com\/wp-content\/uploads\/2022\/11\/UCR-evolucion-lucia-pereira-00.jpg?resize=300%2C167&amp;ssl=1 300w, https:\/\/i0.wp.com\/cdnoticias.com\/wp-content\/uploads\/2022\/11\/UCR-evolucion-lucia-pereira-00.jpg?resize=768%2C427&amp;ssl=1 768w\" sizes=\"auto, (max-width: 800px) 100vw, 800px\" \/><\/p>\n<p>&nbsp;<\/p>\n<p>En relaci\u00f3n a los motivos que la llevaron a involucrarse y formar parte de Evoluci\u00f3n + Empat\u00eda, manifest\u00f3 que <strong>\u201ceste espacio y esta lista para m\u00ed hoy representan la renovaci\u00f3n, la pluralidad y el di\u00e1logo. Es por eso que reafirmo mi pertenencia\u201d<\/strong>. \u201cEs el espacio que hace ya varios a\u00f1os lleva adelante la conducci\u00f3n del partido y la reconstrucci\u00f3n de nuestra casa, sin dudas, una parte important\u00edsima de nuestra identidad radical\u201d, se\u00f1al\u00f3.<\/p>\n<p>&nbsp;<\/p>\n<p>Con respecto a las perspectivas y expectativas con las que ve al radicalismo de cara al futuro, dijo: \u201cha demostrado en el \u00faltimo tiempo que est\u00e1 de pie y en marcha. Estamos ante <strong>la posibilidad de competir con candidatos fuertes y con decisi\u00f3n para gobernar\u201d<\/strong>.<\/p>\n<p>&nbsp;<\/p>\n<p>La<strong> lista Evoluci\u00f3n+Empat\u00eda<\/strong> lleva como <strong>candidata a presidenta de la UCR de Olavarr\u00eda a Bel\u00e9n Vergel<\/strong>. Las elecciones tendr\u00e1n lugar el pr\u00f3ximo domingo 13 de noviembre.<\/p>\n","protected":false},"excerpt":{"rendered":"<p>As\u00ed lo indic\u00f3 con contundencia la candidata a secretaria general por Evoluci\u00f3n + Empat\u00eda de cara a las elecciones internas<\/p>\n","protected":false},"author":4,"featured_media":69215,"comment_status":"closed","ping_status":"closed","sticky":false,"template":"","format":"standard","meta":{"_jetpack_memberships_contains_paid_content":false,"footnotes":""},"categories":[4,1],"tags":[],"class_list":["post-69213","post","type-post","status-publish","format-standard","has-post-thumbnail","hentry","category-politica","category-portada"],"jetpack_featured_media_url":"https:\/\/i0.wp.com\/cdnoticias.com\/wp-content\/uploads\/2022\/11\/UCR-evolucion-lucia-pereira-01.jpg?fit=800%2C445&ssl=1","jetpack_sharing_enabled":true,"_links":{"self":[{"href":"https:\/\/cdnoticias.com\/index.php\/wp-json\/wp\/v2\/posts\/69213","targetHints":{"allow":["GET"]}}],"collection":[{"href":"https:\/\/cdnoticias.com\/index.php\/wp-json\/wp\/v2\/posts"}],"about":[{"href":"https:\/\/cdnoticias.com\/index.php\/wp-json\/wp\/v2\/types\/post"}],"author":[{"embeddable":true,"href":"https:\/\/cdnoticias.com\/index.php\/wp-json\/wp\/v2\/users\/4"}],"replies":[{"embeddable":true,"href":"https:\/\/cdnoticias.com\/index.php\/wp-json\/wp\/v2\/comments?post=69213"}],"version-history":[{"count":0,"href":"https:\/\/cdnoticias.com\/index.php\/wp-json\/wp\/v2\/posts\/69213\/revisions"}],"wp:featuredmedia":[{"embeddable":true,"href":"https:\/\/cdnoticias.com\/index.php\/wp-json\/wp\/v2\/media\/69215"}],"wp:attachment":[{"href":"https:\/\/cdnoticias.com\/index.php\/wp-json\/wp\/v2\/media?parent=69213"}],"wp:term":[{"taxonomy":"category","embeddable":true,"href":"https:\/\/cdnoticias.com\/index.php\/wp-json\/wp\/v2\/categories?post=69213"},{"taxonomy":"post_tag","embeddable":true,"href":"https:\/\/cdnoticias.com\/index.php\/wp-json\/wp\/v2\/tags?post=69213"}],"curies":[{"name":"wp","href":"https:\/\/api.w.org\/{rel}","templated":true}]}}