{"id":69194,"date":"2022-11-06T10:34:56","date_gmt":"2022-11-06T13:34:56","guid":{"rendered":"https:\/\/www.centraldenoticias.com.ar\/?p=69194"},"modified":"2022-11-06T11:17:18","modified_gmt":"2022-11-06T14:17:18","slug":"jornada-de-cierre-del-festival-del-libro","status":"publish","type":"post","link":"https:\/\/cdnoticias.com\/index.php\/2022\/11\/06\/jornada-de-cierre-del-festival-del-libro\/","title":{"rendered":"Jornada de cierre del Festival del Libro"},"content":{"rendered":"<p>Desde las 16 hay propuestas en Mariano Moreno. \u201dUn viaje por el universo bonaerense\u201d con Pedro Saborido y la actuaci\u00f3n de la banda \u201cBinomio\u201d.\u00a0La segunda jornada cerr\u00f3 a la sala llena.<\/p>\n<p><!--more--><\/p>\n<hr \/>\n<p><strong>El festival del libro cerr\u00f3 su segunda jornada a sala llena<\/strong>: gran cantidad de personas se acerc\u00f3 a Mariano Moreno a disfrutar de la propuesta. Tute fue uno de los m\u00e1s elegidos.<\/p>\n<p>&nbsp;<\/p>\n<p>El segundo d\u00eda del festival continu\u00f3 con un amplio cronograma para grandes y chicos. Desde las 16 horas que abri\u00f3 sus puertas, se brindaron <em>charlas, talleres, hubo presentaciones de libros, shows infantiles y el cierre musical estuvo a cargo de Pink noise.<\/em><\/p>\n<p>&nbsp;<\/p>\n<p><img data-recalc-dims=\"1\" loading=\"lazy\" decoding=\"async\" class=\"size-full wp-image-69200 aligncenter\" src=\"https:\/\/i0.wp.com\/cdnoticias.com\/wp-content\/uploads\/2022\/11\/festival-del-libro-00.jpg?resize=800%2C445&#038;ssl=1\" alt=\"\" width=\"800\" height=\"445\" srcset=\"https:\/\/i0.wp.com\/cdnoticias.com\/wp-content\/uploads\/2022\/11\/festival-del-libro-00.jpg?w=800&amp;ssl=1 800w, https:\/\/i0.wp.com\/cdnoticias.com\/wp-content\/uploads\/2022\/11\/festival-del-libro-00.jpg?resize=300%2C167&amp;ssl=1 300w, https:\/\/i0.wp.com\/cdnoticias.com\/wp-content\/uploads\/2022\/11\/festival-del-libro-00.jpg?resize=768%2C427&amp;ssl=1 768w\" sizes=\"auto, (max-width: 800px) 100vw, 800px\" \/><\/p>\n<p>&nbsp;<\/p>\n<p><strong>El humorista gr\u00e1fico Tute fue uno de los favoritos de la jornada<\/strong>, qui\u00e9n por m\u00e1s de una hora present\u00f3 su libro \u201cMabel y Rub\u00e9n\u201d a sala llena.<\/p>\n<p>&nbsp;<\/p>\n<p>En simult\u00e1neo, el sal\u00f3n principal recibi\u00f3 a una multitud a lo largo de toda la tarde que lleg\u00f3 para disfrutar lo que ofrec\u00edan las diferentes librer\u00edas, bibliotecas populares, editoriales y stands tem\u00e1ticos.<\/p>\n<p>&nbsp;<\/p>\n<p><img data-recalc-dims=\"1\" loading=\"lazy\" decoding=\"async\" class=\"size-full wp-image-69202 aligncenter\" src=\"https:\/\/i0.wp.com\/cdnoticias.com\/wp-content\/uploads\/2022\/11\/festival-del-libro-02.jpg?resize=800%2C445&#038;ssl=1\" alt=\"\" width=\"800\" height=\"445\" srcset=\"https:\/\/i0.wp.com\/cdnoticias.com\/wp-content\/uploads\/2022\/11\/festival-del-libro-02.jpg?w=800&amp;ssl=1 800w, https:\/\/i0.wp.com\/cdnoticias.com\/wp-content\/uploads\/2022\/11\/festival-del-libro-02.jpg?resize=300%2C167&amp;ssl=1 300w, https:\/\/i0.wp.com\/cdnoticias.com\/wp-content\/uploads\/2022\/11\/festival-del-libro-02.jpg?resize=768%2C427&amp;ssl=1 768w\" sizes=\"auto, (max-width: 800px) 100vw, 800px\" \/><\/p>\n<p>&nbsp;<\/p>\n<p>Este domingo la jornada se extender\u00e1 de 16 a 22 y continuar\u00e1 con una amplia grilla, acceso libre y gratuito. <strong>El gran cierre ser\u00e1 con Pedro Saborido y la banda Binomio.<\/strong><\/p>\n<p>&nbsp;<\/p>\n<p>Cabe remarcar que el festival cuenta con el <strong>apoyo del Instituto Cultural de la Provincia de Buenos Aires<\/strong>, que viene impulsado distintas acciones culturales en nuestra ciudad con el objetivo de construir una oferta art\u00edstica p\u00fablica y gratuita para garantizar el acceso universal.<\/p>\n<p>&nbsp;<\/p>\n<p><img data-recalc-dims=\"1\" loading=\"lazy\" decoding=\"async\" class=\"size-full wp-image-69203 aligncenter\" src=\"https:\/\/i0.wp.com\/cdnoticias.com\/wp-content\/uploads\/2022\/11\/festival-del-libro-03.jpg?resize=800%2C445&#038;ssl=1\" alt=\"\" width=\"800\" height=\"445\" srcset=\"https:\/\/i0.wp.com\/cdnoticias.com\/wp-content\/uploads\/2022\/11\/festival-del-libro-03.jpg?w=800&amp;ssl=1 800w, https:\/\/i0.wp.com\/cdnoticias.com\/wp-content\/uploads\/2022\/11\/festival-del-libro-03.jpg?resize=300%2C167&amp;ssl=1 300w, https:\/\/i0.wp.com\/cdnoticias.com\/wp-content\/uploads\/2022\/11\/festival-del-libro-03.jpg?resize=768%2C427&amp;ssl=1 768w\" sizes=\"auto, (max-width: 800px) 100vw, 800px\" \/><\/p>\n<p>&nbsp;<\/p>\n<p>Est\u00e1n presentes las<strong> librer\u00edas Aladino, El Puente, Fidias, El Faro, La Popular y La Violeta Libros, m\u00e1s las editoriales Del Altillo, Jaiban\u00e1, La Coop, Typeo y Editorial UNICEN.\u00a0<\/strong><\/p>\n<p>&nbsp;<\/p>\n<p>GRILLA COMPLETA:<\/p>\n<p><strong>DOMINGO 6\/11<\/strong><br \/>\n\u25cf 16:00 hs Sebasti\u00e1n Fazio. Presentaci\u00f3n del Libro \u201cLa sonrisa de Aneley\u201d (Sala A)<br \/>\n\u25cf 16:30 hs: Show de Marionetas \u201cDon Demetrio\u201d (sala Ni\u00f1eces)<br \/>\n\u25cf 17:00 hs: Narrativa de cuentos infantiles \u2013 \u201cNarradadores Olavarrienses\u201d (sala Ni\u00f1eces).<br \/>\n\u25cf 17:00 hs: Presentaci\u00f3n libro: \u201cMi vida en el campo de la Educaci\u00f3n f\u00edsica y la Formaci\u00f3n de Profesores\u201d Remo Juan Calahorrano- Editorial Jaiban\u00e1 (Sala A)<br \/>\n\u25cf 17:30 hs: Show de Burbujas (show Infantil ) (Sala Ni\u00f1eces)<br \/>\n\u25cf 18:00 hs: Daniel Rosso- Charla Taller: \u201cEstrategias para comunicar en el mundo digital, fakes news y trolls\u201d (Sala A)<br \/>\n\u25cf 18:30 hs: Actividad Recreativa en la Juegoteca. (Sala Ni\u00f1eces)<br \/>\n\u25cf 19:00 hs: Narrativa para adultos \u2013 \u201cNarradadores Olavarrienses\u201d (Sala Feria)<br \/>\n\u25cf 19:00 hs Power poes\u00eda: lectura de poes\u00eda. Cuatro poetas leen lo m\u00e1s vibrante de su obra po\u00e9tica. (Sala Anexa)<br \/>\n\u25cf 20:00 hs:\u201dUn viaje por el universo bonaerense\u201d Pedro Saborido (Sala A)<br \/>\n\u25cf 21:00 hs: Cierre Musical \u201cBinomio\u201d<\/p>\n<p>&nbsp;<\/p>\n<p><img data-recalc-dims=\"1\" loading=\"lazy\" decoding=\"async\" class=\"size-full wp-image-69204 aligncenter\" src=\"https:\/\/i0.wp.com\/cdnoticias.com\/wp-content\/uploads\/2022\/11\/festival-del-libro-04.jpg?resize=800%2C445&#038;ssl=1\" alt=\"\" width=\"800\" height=\"445\" srcset=\"https:\/\/i0.wp.com\/cdnoticias.com\/wp-content\/uploads\/2022\/11\/festival-del-libro-04.jpg?w=800&amp;ssl=1 800w, https:\/\/i0.wp.com\/cdnoticias.com\/wp-content\/uploads\/2022\/11\/festival-del-libro-04.jpg?resize=300%2C167&amp;ssl=1 300w, https:\/\/i0.wp.com\/cdnoticias.com\/wp-content\/uploads\/2022\/11\/festival-del-libro-04.jpg?resize=768%2C427&amp;ssl=1 768w\" sizes=\"auto, (max-width: 800px) 100vw, 800px\" \/><\/p>\n<p>&nbsp;<\/p>\n","protected":false},"excerpt":{"rendered":"<p>Desde las 16 hay propuestas en Mariano Moreno. \u201dUn viaje por el universo bonaerense\u201d con Pedro Saborido y la actuaci\u00f3n<\/p>\n","protected":false},"author":4,"featured_media":69201,"comment_status":"closed","ping_status":"closed","sticky":false,"template":"","format":"standard","meta":{"_jetpack_memberships_contains_paid_content":false,"footnotes":""},"categories":[9,1],"tags":[],"class_list":["post-69194","post","type-post","status-publish","format-standard","has-post-thumbnail","hentry","category-cultura","category-portada"],"jetpack_featured_media_url":"https:\/\/i0.wp.com\/cdnoticias.com\/wp-content\/uploads\/2022\/11\/festival-del-libro-01.jpg?fit=800%2C445&ssl=1","jetpack_sharing_enabled":true,"_links":{"self":[{"href":"https:\/\/cdnoticias.com\/index.php\/wp-json\/wp\/v2\/posts\/69194","targetHints":{"allow":["GET"]}}],"collection":[{"href":"https:\/\/cdnoticias.com\/index.php\/wp-json\/wp\/v2\/posts"}],"about":[{"href":"https:\/\/cdnoticias.com\/index.php\/wp-json\/wp\/v2\/types\/post"}],"author":[{"embeddable":true,"href":"https:\/\/cdnoticias.com\/index.php\/wp-json\/wp\/v2\/users\/4"}],"replies":[{"embeddable":true,"href":"https:\/\/cdnoticias.com\/index.php\/wp-json\/wp\/v2\/comments?post=69194"}],"version-history":[{"count":0,"href":"https:\/\/cdnoticias.com\/index.php\/wp-json\/wp\/v2\/posts\/69194\/revisions"}],"wp:featuredmedia":[{"embeddable":true,"href":"https:\/\/cdnoticias.com\/index.php\/wp-json\/wp\/v2\/media\/69201"}],"wp:attachment":[{"href":"https:\/\/cdnoticias.com\/index.php\/wp-json\/wp\/v2\/media?parent=69194"}],"wp:term":[{"taxonomy":"category","embeddable":true,"href":"https:\/\/cdnoticias.com\/index.php\/wp-json\/wp\/v2\/categories?post=69194"},{"taxonomy":"post_tag","embeddable":true,"href":"https:\/\/cdnoticias.com\/index.php\/wp-json\/wp\/v2\/tags?post=69194"}],"curies":[{"name":"wp","href":"https:\/\/api.w.org\/{rel}","templated":true}]}}