{"id":69158,"date":"2022-11-06T12:28:14","date_gmt":"2022-11-06T15:28:14","guid":{"rendered":"https:\/\/www.centraldenoticias.com.ar\/?p=69158"},"modified":"2022-11-06T12:28:14","modified_gmt":"2022-11-06T15:28:14","slug":"jornada-sobre-el-dia-del-respeto-a-la-diversidad-cultural-en-la-unidad-2","status":"publish","type":"post","link":"https:\/\/cdnoticias.com\/index.php\/2022\/11\/06\/jornada-sobre-el-dia-del-respeto-a-la-diversidad-cultural-en-la-unidad-2\/","title":{"rendered":"Jornada sobre el D\u00eda del Respeto a la Diversidad Cultural en la Unidad 2"},"content":{"rendered":"<p>Se llev\u00f3 a cabo en las instalaciones del CENS N 451 y de la Escuela Primaria N\u00b0701.<!--more--><\/p>\n<hr \/>\n<p>En el marco de las actividades educativas que se llevan a cabo en la <strong>Unidad Penal N\u00ba 2 de Sierra Chica<\/strong>, se desarroll\u00f3 una<strong> jornada sobre el D\u00eda del Respeto a la Diversidad Cultural<\/strong> en las instalaciones del CENS N 451 y de la Escuela Primaria N\u00b0701.<\/p>\n<p>&nbsp;<\/p>\n<p>Adem\u00e1s, en la modalidad de Educaci\u00f3n de Adultos en articulaci\u00f3n con el Centro de Investigaci\u00f3n e Innovaci\u00f3n Educativa (CIIE) se mostraron los trabajos escolares que realizaron los alumnos en las aulas, en el <strong>Paseo Jes\u00fas Mend\u00eda<\/strong>.<\/p>\n<p>&nbsp;<\/p>\n<p><img data-recalc-dims=\"1\" loading=\"lazy\" decoding=\"async\" class=\"aligncenter wp-image-69159 size-full\" src=\"https:\/\/i0.wp.com\/cdnoticias.com\/wp-content\/uploads\/2022\/11\/U2-Dia-del-respeto-a-la-diversidad-cultural-Octubre-2022a.jpg?resize=800%2C404&#038;ssl=1\" alt=\"\" width=\"800\" height=\"404\" srcset=\"https:\/\/i0.wp.com\/cdnoticias.com\/wp-content\/uploads\/2022\/11\/U2-Dia-del-respeto-a-la-diversidad-cultural-Octubre-2022a.jpg?w=1580&amp;ssl=1 1580w, https:\/\/i0.wp.com\/cdnoticias.com\/wp-content\/uploads\/2022\/11\/U2-Dia-del-respeto-a-la-diversidad-cultural-Octubre-2022a.jpg?resize=300%2C152&amp;ssl=1 300w, https:\/\/i0.wp.com\/cdnoticias.com\/wp-content\/uploads\/2022\/11\/U2-Dia-del-respeto-a-la-diversidad-cultural-Octubre-2022a.jpg?resize=1024%2C517&amp;ssl=1 1024w, https:\/\/i0.wp.com\/cdnoticias.com\/wp-content\/uploads\/2022\/11\/U2-Dia-del-respeto-a-la-diversidad-cultural-Octubre-2022a.jpg?resize=768%2C388&amp;ssl=1 768w, https:\/\/i0.wp.com\/cdnoticias.com\/wp-content\/uploads\/2022\/11\/U2-Dia-del-respeto-a-la-diversidad-cultural-Octubre-2022a.jpg?resize=1536%2C776&amp;ssl=1 1536w\" sizes=\"auto, (max-width: 800px) 100vw, 800px\" \/><\/p>\n<p>&nbsp;<\/p>\n<p>La iniciativa de reflexionar sobre la diversidad cultural, en el CENS N\u00b0451 contempl\u00f3 el an\u00e1lisis previo de un video del canal Encuentro, \u201cD\u00eda especial del Respeto a la Diversidad Cultural\u201d, escucharon <strong>el tema de Calle 13<em> \u201cLatinoam\u00e9rica\u201d <\/em><\/strong>y luego cada grupo con su docente a cargo debatieron y reflexionaron sobre la fecha. En el turno tarde, tuvieron la <strong>visita del antrop\u00f3logo Pablo Ormazabal y el historiador Gustavo Monforte.<\/strong><\/p>\n<p>&nbsp;<\/p>\n<p>Las reflexiones apuntaron a que el <strong>D\u00eda del Respeto a la Diversidad Cultural<\/strong> es una invitaci\u00f3n para &#8220;<strong>dejar de pensar nuestra historia con las lentes del conquistador y comprenderla desde la perspectiva de los pueblos americanos&#8221;<\/strong> se indic\u00f3.<\/p>\n<p>&nbsp;<\/p>\n<p>&#8220;La llegada de los europeos a Am\u00e9rica hacia fines del siglo XV produjo estragos en la historia de los pueblos nativos. Su brutal disminuci\u00f3n demogr\u00e1fica en este per\u00edodo es uno de los \u00edndices contundentes de un sistema de dominaci\u00f3n que provoc\u00f3 muertes masivas debido a las disputas por la ocupaci\u00f3n del territorio, por la implantaci\u00f3n de reg\u00edmenes de explotaci\u00f3n de la poblaci\u00f3n y por las enfermedades que llegaron desde el viejo continente&#8221; agregaron.<\/p>\n","protected":false},"excerpt":{"rendered":"<p>Se llev\u00f3 a cabo en las instalaciones del CENS N 451 y de la Escuela Primaria N\u00b0701.<\/p>\n","protected":false},"author":6,"featured_media":69160,"comment_status":"closed","ping_status":"closed","sticky":false,"template":"","format":"standard","meta":{"_jetpack_memberships_contains_paid_content":false,"footnotes":""},"categories":[5],"tags":[],"class_list":["post-69158","post","type-post","status-publish","format-standard","has-post-thumbnail","hentry","category-informacion-general"],"jetpack_featured_media_url":"https:\/\/i0.wp.com\/cdnoticias.com\/wp-content\/uploads\/2022\/11\/U2-Dia-del-respeto-a-la-diversidad-cultural-Octubre-2022b.jpg?fit=900%2C1600&ssl=1","jetpack_sharing_enabled":true,"_links":{"self":[{"href":"https:\/\/cdnoticias.com\/index.php\/wp-json\/wp\/v2\/posts\/69158","targetHints":{"allow":["GET"]}}],"collection":[{"href":"https:\/\/cdnoticias.com\/index.php\/wp-json\/wp\/v2\/posts"}],"about":[{"href":"https:\/\/cdnoticias.com\/index.php\/wp-json\/wp\/v2\/types\/post"}],"author":[{"embeddable":true,"href":"https:\/\/cdnoticias.com\/index.php\/wp-json\/wp\/v2\/users\/6"}],"replies":[{"embeddable":true,"href":"https:\/\/cdnoticias.com\/index.php\/wp-json\/wp\/v2\/comments?post=69158"}],"version-history":[{"count":0,"href":"https:\/\/cdnoticias.com\/index.php\/wp-json\/wp\/v2\/posts\/69158\/revisions"}],"wp:featuredmedia":[{"embeddable":true,"href":"https:\/\/cdnoticias.com\/index.php\/wp-json\/wp\/v2\/media\/69160"}],"wp:attachment":[{"href":"https:\/\/cdnoticias.com\/index.php\/wp-json\/wp\/v2\/media?parent=69158"}],"wp:term":[{"taxonomy":"category","embeddable":true,"href":"https:\/\/cdnoticias.com\/index.php\/wp-json\/wp\/v2\/categories?post=69158"},{"taxonomy":"post_tag","embeddable":true,"href":"https:\/\/cdnoticias.com\/index.php\/wp-json\/wp\/v2\/tags?post=69158"}],"curies":[{"name":"wp","href":"https:\/\/api.w.org\/{rel}","templated":true}]}}