{"id":69155,"date":"2022-11-05T19:19:11","date_gmt":"2022-11-05T22:19:11","guid":{"rendered":"https:\/\/www.centraldenoticias.com.ar\/?p=69155"},"modified":"2022-11-05T19:19:11","modified_gmt":"2022-11-05T22:19:11","slug":"desde-la-provincia-advierten-sobre-un-brote-de-gripe-b","status":"publish","type":"post","link":"https:\/\/cdnoticias.com\/index.php\/2022\/11\/05\/desde-la-provincia-advierten-sobre-un-brote-de-gripe-b\/","title":{"rendered":"Desde la Provincia advierten sobre un brote de gripe B"},"content":{"rendered":"<div class=\"td_block_wrap tdb_single_subtitle tdi_72 td-pb-border-top td_block_template_1\" data-td-block-uid=\"tdi_72\">\n<div class=\"tdb-block-inner td-fix-index\">\n<p>&#8220;Hay un brote y la mayor\u00eda ambulatoria&#8221; explic\u00f3 el ministro de Salud, Nicol\u00e1s Kreplak. Adem\u00e1s dijo que se espera una suba de casos de Covid para el verano.<\/p>\n<\/div>\n<\/div>\n<p><!--more--><\/p>\n<hr \/>\n<div class=\"td_block_wrap tdb_single_date tdi_73 td-pb-border-top td_block_template_1 tdb-post-meta\" data-td-block-uid=\"tdi_73\">\n<p>El ministro de Salud bonaerense,<strong> Nicol\u00e1s Kreplak<\/strong>, confirm\u00f3 este viernes que <strong>hay un brote de gripe mayormente B y ambulatoria en la provincia<\/strong> y destac\u00f3 que \u201c<em><strong>ya desde hace unas semanas hay m\u00e1s internaci\u00f3n por gripe que por Covid\u201d.<\/strong><\/em><\/p>\n<p>&nbsp;<\/p>\n<p>Tras asegurar que la gripe al haber circulado muy poco durante dos a\u00f1os y por eso ahora existe un sistema inmune que reacciona m\u00e1s \u201cfuertemente\u201d, Kreplak asegur\u00f3 que actualmente <strong>\u201chay un brote de gripe, mayormente gripe B y la mayor\u00eda ambulatoria\u201d.<\/strong><\/p>\n<p>&nbsp;<\/p>\n<p>\u201cEn general son ambulatorias (este tipo de gripe) si bien hay un poquito m\u00e1s de internaci\u00f3n en chiquitos, todav\u00eda el ecosistema de enfermedades va a estar un poco alterado\u201d, destac\u00f3 en declaraciones a radio El Destape.<\/p>\n<p>&nbsp;<\/p>\n<p>El ministro manifest\u00f3 que <strong>&#8220;hubo menos vacunaci\u00f3n para la gripe&#8221;<\/strong>, por eso se dan estos casos, y remarc\u00f3 que \u201c<strong>como hay un brote, estar\u00eda bueno vacunarse\u201d.<\/strong><\/p>\n<p>&nbsp;<\/p>\n<p>Sobre la continuidad del Covid 19, Kreplak asegur\u00f3 que \u201c<em><strong>es probable que para el verano tengamos un rebrote de Covid como se vio en todos los veranos en todos los lugares del mundo\u201d.<\/strong><\/em><\/p>\n<p>&nbsp;<\/p>\n<p>\u201cAhora es el momento de comenzar para mayores de 50 a\u00f1os, inmunocomprometidos y personal de salud una tercera dosis de refuerzo de la vacuna\u201d precis\u00f3.<\/p>\n<p>&nbsp;<\/p>\n<p>El funcionario de Axel Kicillof asegur\u00f3 que <strong>\u201cel objetivo,<\/strong> dado que es probable que para el verano tengamos alg\u00fan rebrote,<strong> es que todos est\u00e9n vacunados.<\/strong> Ya tenemos un esquema que contempla tres dosis de refuerzo para ellos\u201d y advirti\u00f3 que <strong>\u201cel virus muta mucho\u201d.<\/strong><\/p>\n<p>&nbsp;<\/p>\n<p>Respecto de la campa\u00f1a<strong><em> \u201cVamos a Vacunarnos<\/em>\u201d,<\/strong> que se extender\u00e1 hasta el 13 de noviembre, Kreplak expres\u00f3 que se busca mantener la <strong>eliminaci\u00f3n del sarampi\u00f3n, la rub\u00e9ola, el s\u00edndrome de rub\u00e9ola cong\u00e9nita y la poliomielitis,<\/strong> ya que se trata de<strong> enfermedades contagiosas y graves<\/strong>, que a\u00fan provocan brotes en otras partes del mundo, pero que son prevenibles con vacunas.<\/p>\n<p>&nbsp;<\/p>\n<p>\u201cEl Estado hace la campa\u00f1a, las pol\u00edticas sanitarias est\u00e1n a cargo del Estado\u201d, asever\u00f3 tras lo cual sostuvo que \u201ctambi\u00e9n hay una parte del sistema de salud, que son las prepagas\u201d que deber\u00edan colaborar y con las que se est\u00e1 trabajando \u201cmucho\u201d para que la vacunaci\u00f3n llegue a todos los sectores poblacionales.<\/p>\n<\/div>\n<p>&nbsp;<\/p>\n<p><em>Fuente: DIB\u00a0<\/em><\/p>\n<div data-td-block-uid=\"tdi_73\"><\/div>\n","protected":false},"excerpt":{"rendered":"<p>&#8220;Hay un brote y la mayor\u00eda ambulatoria&#8221; explic\u00f3 el ministro de Salud, Nicol\u00e1s Kreplak. Adem\u00e1s dijo que se espera una<\/p>\n","protected":false},"author":6,"featured_media":69156,"comment_status":"closed","ping_status":"closed","sticky":false,"template":"","format":"standard","meta":{"_jetpack_memberships_contains_paid_content":false,"footnotes":""},"categories":[6,1],"tags":[],"class_list":["post-69155","post","type-post","status-publish","format-standard","has-post-thumbnail","hentry","category-nacionales","category-portada"],"jetpack_featured_media_url":"https:\/\/i0.wp.com\/cdnoticias.com\/wp-content\/uploads\/2022\/11\/vacunacion.jpg?fit=1365%2C891&ssl=1","jetpack_sharing_enabled":true,"_links":{"self":[{"href":"https:\/\/cdnoticias.com\/index.php\/wp-json\/wp\/v2\/posts\/69155","targetHints":{"allow":["GET"]}}],"collection":[{"href":"https:\/\/cdnoticias.com\/index.php\/wp-json\/wp\/v2\/posts"}],"about":[{"href":"https:\/\/cdnoticias.com\/index.php\/wp-json\/wp\/v2\/types\/post"}],"author":[{"embeddable":true,"href":"https:\/\/cdnoticias.com\/index.php\/wp-json\/wp\/v2\/users\/6"}],"replies":[{"embeddable":true,"href":"https:\/\/cdnoticias.com\/index.php\/wp-json\/wp\/v2\/comments?post=69155"}],"version-history":[{"count":0,"href":"https:\/\/cdnoticias.com\/index.php\/wp-json\/wp\/v2\/posts\/69155\/revisions"}],"wp:featuredmedia":[{"embeddable":true,"href":"https:\/\/cdnoticias.com\/index.php\/wp-json\/wp\/v2\/media\/69156"}],"wp:attachment":[{"href":"https:\/\/cdnoticias.com\/index.php\/wp-json\/wp\/v2\/media?parent=69155"}],"wp:term":[{"taxonomy":"category","embeddable":true,"href":"https:\/\/cdnoticias.com\/index.php\/wp-json\/wp\/v2\/categories?post=69155"},{"taxonomy":"post_tag","embeddable":true,"href":"https:\/\/cdnoticias.com\/index.php\/wp-json\/wp\/v2\/tags?post=69155"}],"curies":[{"name":"wp","href":"https:\/\/api.w.org\/{rel}","templated":true}]}}