{"id":69057,"date":"2022-11-04T17:41:51","date_gmt":"2022-11-04T20:41:51","guid":{"rendered":"https:\/\/www.centraldenoticias.com.ar\/?p=69057"},"modified":"2022-11-04T17:41:51","modified_gmt":"2022-11-04T20:41:51","slug":"nuevo-aumento-del-pan-en-olavarria-7-desde-el-lunes","status":"publish","type":"post","link":"https:\/\/cdnoticias.com\/index.php\/2022\/11\/04\/nuevo-aumento-del-pan-en-olavarria-7-desde-el-lunes\/","title":{"rendered":"Nuevo aumento del pan en Olavarr\u00eda: 7% desde el lunes"},"content":{"rendered":"<p>El kilo se ubicar\u00e1 entre 400 a 420 pesos, seg\u00fan el precio sugerido del Centro de Industriales Panaderos de Olavarr\u00eda. La suba de la harina, clave para la definici\u00f3n.<!--more--><\/p>\n<hr \/>\n<p>El <strong>Centro de Industriales Panaderos de Olavarr\u00eda (CIPO)<\/strong> inform\u00f3 que se prev\u00e9 un <strong>nuevo aumento del precio del kilo de pan a partir del lunes.<\/strong><\/p>\n<p>&nbsp;<\/p>\n<blockquote><p>El incremento ser\u00e1 de alrededor de 7% para llevar el precio sugerido del producto de 400 a 420 pesos el kilo.<\/p><\/blockquote>\n<p>&nbsp;<\/p>\n<p>Seg\u00fan se explic\u00f3 a<strong> Central de Noticias<\/strong>, la suba de los costos es la determinante. Se se\u00f1al\u00f3 que<strong> la harina modific\u00f3 su precio en 30% hacia arriba<\/strong>, mientras que los sueldos en el sector lo hicieron en 7%. A ello, a\u00f1adieron el reciente <a href=\"https:\/\/cdnoticias.com\/index.php\/2022\/11\/03\/ypf-volvio-a-aumentar-sus-combustibles-en-olavarria-el-litro-de-super-cuesta-17160\/\" target=\"_blank\" rel=\"noopener\">aumento de los combustibles<\/a>.<\/p>\n<p>&nbsp;<\/p>\n<blockquote><p>Adem\u00e1s, dejaron planteado un escenario con un grave problema a futuro: la baja en la siembra de trigo y la sequ\u00eda hacen prever al sector panaderil que ser\u00e1 \u201ccomplicado\u201d conseguir harina en la pr\u00f3xima temporada.<\/p><\/blockquote>\n<p>&nbsp;<\/p>\n<p><strong>El precio del pan hab\u00eda tenido su \u00faltima suba en el mes de septiembre.<\/strong> En esa oportunidad <a href=\"https:\/\/cdnoticias.com\/index.php\/2022\/09\/07\/desde-la-semana-que-viene-el-pan-costara-380-pesos-el-kilo\/\" target=\"_blank\" rel=\"noopener\">el kilo subi\u00f3 10%<\/a> y fue la tercera suba consecutiva mensual del producto: <a href=\"https:\/\/cdnoticias.com\/index.php\/2022\/08\/09\/nuevo-aumento-del-pan-y-derivados-en-olavarria-el-kilo-llegaria-a-los-350-promedio\/\" target=\"_blank\" rel=\"noopener\">agosto<\/a> y <a href=\"https:\/\/cdnoticias.com\/index.php\/2022\/07\/23\/el-precio-del-pan-vuelve-a-subir-y-el-kilo-llegaria-a-400-promedio\/\" target=\"_blank\" rel=\"noopener\">julio<\/a> hab\u00edan mostrado incrementos en Olavarr\u00eda.<\/p>\n<p>&nbsp;<\/p>\n","protected":false},"excerpt":{"rendered":"<p>El kilo se ubicar\u00e1 entre 400 a 420 pesos, seg\u00fan el precio sugerido del Centro de Industriales Panaderos de Olavarr\u00eda.<\/p>\n","protected":false},"author":4,"featured_media":40395,"comment_status":"closed","ping_status":"closed","sticky":false,"template":"","format":"standard","meta":{"_jetpack_memberships_contains_paid_content":false,"footnotes":""},"categories":[5,1],"tags":[],"class_list":["post-69057","post","type-post","status-publish","format-standard","has-post-thumbnail","hentry","category-informacion-general","category-portada"],"jetpack_featured_media_url":"https:\/\/i0.wp.com\/cdnoticias.com\/wp-content\/uploads\/2021\/12\/DIB-precio-kilo-de-pan.jpg?fit=696%2C392&ssl=1","jetpack_sharing_enabled":true,"_links":{"self":[{"href":"https:\/\/cdnoticias.com\/index.php\/wp-json\/wp\/v2\/posts\/69057","targetHints":{"allow":["GET"]}}],"collection":[{"href":"https:\/\/cdnoticias.com\/index.php\/wp-json\/wp\/v2\/posts"}],"about":[{"href":"https:\/\/cdnoticias.com\/index.php\/wp-json\/wp\/v2\/types\/post"}],"author":[{"embeddable":true,"href":"https:\/\/cdnoticias.com\/index.php\/wp-json\/wp\/v2\/users\/4"}],"replies":[{"embeddable":true,"href":"https:\/\/cdnoticias.com\/index.php\/wp-json\/wp\/v2\/comments?post=69057"}],"version-history":[{"count":0,"href":"https:\/\/cdnoticias.com\/index.php\/wp-json\/wp\/v2\/posts\/69057\/revisions"}],"wp:featuredmedia":[{"embeddable":true,"href":"https:\/\/cdnoticias.com\/index.php\/wp-json\/wp\/v2\/media\/40395"}],"wp:attachment":[{"href":"https:\/\/cdnoticias.com\/index.php\/wp-json\/wp\/v2\/media?parent=69057"}],"wp:term":[{"taxonomy":"category","embeddable":true,"href":"https:\/\/cdnoticias.com\/index.php\/wp-json\/wp\/v2\/categories?post=69057"},{"taxonomy":"post_tag","embeddable":true,"href":"https:\/\/cdnoticias.com\/index.php\/wp-json\/wp\/v2\/tags?post=69057"}],"curies":[{"name":"wp","href":"https:\/\/api.w.org\/{rel}","templated":true}]}}