{"id":69046,"date":"2022-11-04T12:25:13","date_gmt":"2022-11-04T15:25:13","guid":{"rendered":"https:\/\/www.centraldenoticias.com.ar\/?p=69046"},"modified":"2022-11-04T15:04:59","modified_gmt":"2022-11-04T18:04:59","slug":"el-festival-del-libro-ya-se-vive-en-olavarria","status":"publish","type":"post","link":"https:\/\/cdnoticias.com\/index.php\/2022\/11\/04\/el-festival-del-libro-ya-se-vive-en-olavarria\/","title":{"rendered":"El Festival del Libro ya se vive en Olavarr\u00eda"},"content":{"rendered":"<p>Desde este viernes y hasta el domingo se desarrollar\u00e1 en el club Mariano Moreno. Durante la ma\u00f1ana hubo presentaciones infantiles y la apertura, a sala llena, estuvo a cargo del rapero Yenko.<!--more--><\/p>\n<hr \/>\n<p>El primer \u201cFestival del Libro\u201d en Olavarr\u00eda, con el acompa\u00f1amiento del Instituto Cultural de la Provincia, abri\u00f3 sus puertas al p\u00fablico desde la ma\u00f1ana de este viernes. <strong>Hasta el domingo 6 de noviembre se llevar\u00e1 a cabo en el club Mariano Moreno (avenida Sarmiento y Espa\u00f1a) con la ocupaci\u00f3n del sal\u00f3n principal, una sala m\u00e1s peque\u00f1a y el gimnasio.<\/strong><\/p>\n<p>&nbsp;<\/p>\n<p>Las tres jornadas tendr\u00e1n la participaci\u00f3n de autores locales y de la regi\u00f3n, librer\u00edas, bibliotecas populares, editoriales, se instalar\u00e1n stands tem\u00e1ticos y habr\u00e1 un sector exclusivo para las ni\u00f1eces y su vinculaci\u00f3n con la lectura.<\/p>\n<p>&nbsp;<\/p>\n<blockquote><p>Este viernes la jornada comenz\u00f3 a las 9:00 y se extender\u00e1 hasta las 22:00. En tanto, el s\u00e1bado y domingo el horario ser\u00e1 de 16:00 a 22:00. Los stands se encuentran ya instalados con una amplia variedad de g\u00e9neros y propuestas para los lectores y lectoras.<\/p><\/blockquote>\n<p>&nbsp;<\/p>\n<p><img data-recalc-dims=\"1\" loading=\"lazy\" decoding=\"async\" class=\"aligncenter size-full wp-image-69051\" src=\"https:\/\/i0.wp.com\/cdnoticias.com\/wp-content\/uploads\/2022\/11\/festival-libro-07-scaled.jpg?resize=800%2C480&#038;ssl=1\" alt=\"\" width=\"800\" height=\"480\" srcset=\"https:\/\/i0.wp.com\/cdnoticias.com\/wp-content\/uploads\/2022\/11\/festival-libro-07-scaled.jpg?w=2560&amp;ssl=1 2560w, https:\/\/i0.wp.com\/cdnoticias.com\/wp-content\/uploads\/2022\/11\/festival-libro-07-scaled.jpg?resize=300%2C180&amp;ssl=1 300w, https:\/\/i0.wp.com\/cdnoticias.com\/wp-content\/uploads\/2022\/11\/festival-libro-07-scaled.jpg?resize=1024%2C614&amp;ssl=1 1024w, https:\/\/i0.wp.com\/cdnoticias.com\/wp-content\/uploads\/2022\/11\/festival-libro-07-scaled.jpg?resize=768%2C461&amp;ssl=1 768w, https:\/\/i0.wp.com\/cdnoticias.com\/wp-content\/uploads\/2022\/11\/festival-libro-07-scaled.jpg?resize=1536%2C922&amp;ssl=1 1536w, https:\/\/i0.wp.com\/cdnoticias.com\/wp-content\/uploads\/2022\/11\/festival-libro-07-scaled.jpg?resize=2048%2C1229&amp;ssl=1 2048w, https:\/\/i0.wp.com\/cdnoticias.com\/wp-content\/uploads\/2022\/11\/festival-libro-07-scaled.jpg?w=1600&amp;ssl=1 1600w, https:\/\/i0.wp.com\/cdnoticias.com\/wp-content\/uploads\/2022\/11\/festival-libro-07-scaled.jpg?w=2400&amp;ssl=1 2400w\" sizes=\"auto, (max-width: 800px) 100vw, 800px\" \/><\/p>\n<p>&nbsp;<\/p>\n<p>Las librer\u00edas que participan son <strong>Aladino, El Puente, Fidias, El Faro, La Popular y La Violeta Libros, m\u00e1s las editoriales Del Altillo, Jaiban\u00e1, La Coop, Typeo y Editorial UNICEN.<\/strong><\/p>\n<p>&nbsp;<\/p>\n<p>El cronograma de actividades fue confeccionado con una <strong>fuerte apuesta a lo local<\/strong>, con presentaci\u00f3n de autores de la ciudad y la regi\u00f3n, editoriales de Olavarr\u00eda, talleres y propuestas musicales impulsadas por personas de la ciudad.<\/p>\n<p>&nbsp;<\/p>\n<p><img data-recalc-dims=\"1\" loading=\"lazy\" decoding=\"async\" class=\"aligncenter size-full wp-image-69050\" src=\"https:\/\/i0.wp.com\/cdnoticias.com\/wp-content\/uploads\/2022\/11\/festival-libro-06-scaled.jpg?resize=800%2C480&#038;ssl=1\" alt=\"\" width=\"800\" height=\"480\" srcset=\"https:\/\/i0.wp.com\/cdnoticias.com\/wp-content\/uploads\/2022\/11\/festival-libro-06-scaled.jpg?w=2560&amp;ssl=1 2560w, https:\/\/i0.wp.com\/cdnoticias.com\/wp-content\/uploads\/2022\/11\/festival-libro-06-scaled.jpg?resize=300%2C180&amp;ssl=1 300w, https:\/\/i0.wp.com\/cdnoticias.com\/wp-content\/uploads\/2022\/11\/festival-libro-06-scaled.jpg?resize=1024%2C614&amp;ssl=1 1024w, https:\/\/i0.wp.com\/cdnoticias.com\/wp-content\/uploads\/2022\/11\/festival-libro-06-scaled.jpg?resize=768%2C461&amp;ssl=1 768w, https:\/\/i0.wp.com\/cdnoticias.com\/wp-content\/uploads\/2022\/11\/festival-libro-06-scaled.jpg?resize=1536%2C921&amp;ssl=1 1536w, https:\/\/i0.wp.com\/cdnoticias.com\/wp-content\/uploads\/2022\/11\/festival-libro-06-scaled.jpg?resize=2048%2C1228&amp;ssl=1 2048w, https:\/\/i0.wp.com\/cdnoticias.com\/wp-content\/uploads\/2022\/11\/festival-libro-06-scaled.jpg?w=1600&amp;ssl=1 1600w, https:\/\/i0.wp.com\/cdnoticias.com\/wp-content\/uploads\/2022\/11\/festival-libro-06-scaled.jpg?w=2400&amp;ssl=1 2400w\" sizes=\"auto, (max-width: 800px) 100vw, 800px\" \/><\/p>\n<p>&nbsp;<\/p>\n<p><strong>La apertura estuvo a cargo de Yenko<\/strong>, qui\u00e9n ante una gran cantidad de j\u00f3venes habl\u00f3 sobre el arte urbano, RAP y freestyle. A la vez en otra sala el<strong> Noticiero Puro Cuento hizo re\u00edr a los m\u00e1s peque\u00f1os.<\/strong><\/p>\n<p>&nbsp;<\/p>\n<p>Todas las jornadas se complementar\u00e1\u00a0 con un cierre art\u00edstico y musical en cada una de las jornadas con las bandas \u201cLos Yipsis\u201d, \u201cPink Noise\u201d y \u201cBinomio\u201d.<\/p>\n<p>&nbsp;<\/p>\n<p><img data-recalc-dims=\"1\" loading=\"lazy\" decoding=\"async\" class=\"aligncenter size-full wp-image-69049\" src=\"https:\/\/i0.wp.com\/cdnoticias.com\/wp-content\/uploads\/2022\/11\/festival-libro-03.jpg?resize=800%2C480&#038;ssl=1\" alt=\"\" width=\"800\" height=\"480\" srcset=\"https:\/\/i0.wp.com\/cdnoticias.com\/wp-content\/uploads\/2022\/11\/festival-libro-03.jpg?w=1978&amp;ssl=1 1978w, https:\/\/i0.wp.com\/cdnoticias.com\/wp-content\/uploads\/2022\/11\/festival-libro-03.jpg?resize=300%2C180&amp;ssl=1 300w, https:\/\/i0.wp.com\/cdnoticias.com\/wp-content\/uploads\/2022\/11\/festival-libro-03.jpg?resize=1024%2C614&amp;ssl=1 1024w, https:\/\/i0.wp.com\/cdnoticias.com\/wp-content\/uploads\/2022\/11\/festival-libro-03.jpg?resize=768%2C460&amp;ssl=1 768w, https:\/\/i0.wp.com\/cdnoticias.com\/wp-content\/uploads\/2022\/11\/festival-libro-03.jpg?resize=1536%2C921&amp;ssl=1 1536w, https:\/\/i0.wp.com\/cdnoticias.com\/wp-content\/uploads\/2022\/11\/festival-libro-03.jpg?w=1600&amp;ssl=1 1600w\" sizes=\"auto, (max-width: 800px) 100vw, 800px\" \/><\/p>\n<p>&nbsp;<\/p>\n<p>Cabe remarcar que el festival cuenta con el apoyo del Instituto Cultural de la Provincia de Buenos Aires, que viene impulsado distintas acciones culturales en nuestra ciudad con el objetivo de construir una oferta art\u00edstica p\u00fablica y gratuita para garantizar el acceso universal.<\/p>\n<p>&nbsp;<\/p>\n<p>El cronograma completo de actividades:<\/p>\n<blockquote class=\"wp-embedded-content\" data-secret=\"uGqoGhARjW\"><p><a href=\"https:\/\/cdnoticias.com\/index.php\/2022\/10\/30\/el-proximo-viernes-comienza-el-festival-del-libro-conoce-la-grilla-completa\/\">El pr\u00f3ximo viernes comienza el \u201cFestival del Libro\u201d, conoc\u00e9 la grilla completa<\/a><\/p><\/blockquote>\n<p><iframe loading=\"lazy\" class=\"wp-embedded-content\" sandbox=\"allow-scripts\" security=\"restricted\" style=\"position: absolute; clip: rect(1px, 1px, 1px, 1px);\" title=\"&#8220;El pr\u00f3ximo viernes comienza el \u201cFestival del Libro\u201d, conoc\u00e9 la grilla completa&#8221; &#8212; Central de Noticias | Olavarr\u00eda\" src=\"https:\/\/cdnoticias.com\/index.php\/2022\/10\/30\/el-proximo-viernes-comienza-el-festival-del-libro-conoce-la-grilla-completa\/embed\/#?secret=O4j9bNITCh#?secret=uGqoGhARjW\" data-secret=\"uGqoGhARjW\" width=\"600\" height=\"338\" frameborder=\"0\" marginwidth=\"0\" marginheight=\"0\" scrolling=\"no\"><\/iframe><\/p>\n<p>&nbsp;<\/p>\n","protected":false},"excerpt":{"rendered":"<p>Desde este viernes y hasta el domingo se desarrollar\u00e1 en el club Mariano Moreno. Durante la ma\u00f1ana hubo presentaciones infantiles<\/p>\n","protected":false},"author":5,"featured_media":69047,"comment_status":"closed","ping_status":"closed","sticky":false,"template":"","format":"standard","meta":{"_jetpack_memberships_contains_paid_content":false,"footnotes":""},"categories":[9,1],"tags":[],"class_list":["post-69046","post","type-post","status-publish","format-standard","has-post-thumbnail","hentry","category-cultura","category-portada"],"jetpack_featured_media_url":"https:\/\/i0.wp.com\/cdnoticias.com\/wp-content\/uploads\/2022\/11\/festival-libro-00-scaled.jpg?fit=2560%2C1536&ssl=1","jetpack_sharing_enabled":true,"_links":{"self":[{"href":"https:\/\/cdnoticias.com\/index.php\/wp-json\/wp\/v2\/posts\/69046","targetHints":{"allow":["GET"]}}],"collection":[{"href":"https:\/\/cdnoticias.com\/index.php\/wp-json\/wp\/v2\/posts"}],"about":[{"href":"https:\/\/cdnoticias.com\/index.php\/wp-json\/wp\/v2\/types\/post"}],"author":[{"embeddable":true,"href":"https:\/\/cdnoticias.com\/index.php\/wp-json\/wp\/v2\/users\/5"}],"replies":[{"embeddable":true,"href":"https:\/\/cdnoticias.com\/index.php\/wp-json\/wp\/v2\/comments?post=69046"}],"version-history":[{"count":0,"href":"https:\/\/cdnoticias.com\/index.php\/wp-json\/wp\/v2\/posts\/69046\/revisions"}],"wp:featuredmedia":[{"embeddable":true,"href":"https:\/\/cdnoticias.com\/index.php\/wp-json\/wp\/v2\/media\/69047"}],"wp:attachment":[{"href":"https:\/\/cdnoticias.com\/index.php\/wp-json\/wp\/v2\/media?parent=69046"}],"wp:term":[{"taxonomy":"category","embeddable":true,"href":"https:\/\/cdnoticias.com\/index.php\/wp-json\/wp\/v2\/categories?post=69046"},{"taxonomy":"post_tag","embeddable":true,"href":"https:\/\/cdnoticias.com\/index.php\/wp-json\/wp\/v2\/tags?post=69046"}],"curies":[{"name":"wp","href":"https:\/\/api.w.org\/{rel}","templated":true}]}}