{"id":6903,"date":"2020-11-18T21:39:05","date_gmt":"2020-11-19T00:39:05","guid":{"rendered":"http:\/\/www.centraldenoticias.com.ar\/?p=6903"},"modified":"2020-11-19T08:13:33","modified_gmt":"2020-11-19T11:13:33","slug":"el-presidente-alberto-fernandez-visitaria-olavarria","status":"publish","type":"post","link":"https:\/\/cdnoticias.com\/index.php\/2020\/11\/18\/el-presidente-alberto-fernandez-visitaria-olavarria\/","title":{"rendered":"El presidente Alberto Fern\u00e1ndez visitar\u00eda Olavarr\u00eda"},"content":{"rendered":"<p>Seg\u00fan fuentes cercanas al gobierno nacional, en di\u00e1logo con Central de Noticias, la llegada est\u00e1 estimada para el pr\u00f3ximo martes. Llegar\u00eda acompa\u00f1ado del gobernador Axel Kicillof, y recorrer\u00edan obras.<!--more--><\/p>\n<hr \/>\n<p>En un rumor que se fue ratificando con el correr de las horas, <strong>el presidente Alberto Fern\u00e1ndez tendr\u00eda todo listo para visitar Olavarr\u00eda el pr\u00f3ximo martes, enmarcado en una recorrida por obras del Partido.<\/strong><\/p>\n<p>&nbsp;<\/p>\n<blockquote><p>Cabe se\u00f1alar que la visita hab\u00eda sido programada para la semana pasada, pero tras haber sido un contacto estrecho de un caso de COVID-19 se pospuso, en primera instancia, para el pr\u00f3ximo martes.<\/p><\/blockquote>\n<p>&nbsp;<\/p>\n<p>Adem\u00e1s del mandatario nacional,<strong> llegar\u00eda tambi\u00e9n el gobernador de la Provincia, Axel Kicillof, en una agenda que tendr\u00eda como objetivo mostrar obras, entre ellas los importantes avances de L&#8217;Amal\u00ed II<\/strong>, que se encuentra en su etapa de finalizaci\u00f3n.<\/p>\n<p>&nbsp;<\/p>\n<p><img data-recalc-dims=\"1\" loading=\"lazy\" decoding=\"async\" class=\"alignnone size-large wp-image-6900\" src=\"https:\/\/i0.wp.com\/cdnoticias.com\/wp-content\/uploads\/2020\/11\/ElW_8hdWoAcZzjD-e1605743928147-1024x620.jpg?resize=800%2C484&#038;ssl=1\" alt=\"\" width=\"800\" height=\"484\" srcset=\"https:\/\/i0.wp.com\/cdnoticias.com\/wp-content\/uploads\/2020\/11\/ElW_8hdWoAcZzjD-e1605743928147.jpg?resize=1024%2C620&amp;ssl=1 1024w, https:\/\/i0.wp.com\/cdnoticias.com\/wp-content\/uploads\/2020\/11\/ElW_8hdWoAcZzjD-e1605743928147.jpg?resize=300%2C182&amp;ssl=1 300w, https:\/\/i0.wp.com\/cdnoticias.com\/wp-content\/uploads\/2020\/11\/ElW_8hdWoAcZzjD-e1605743928147.jpg?resize=768%2C465&amp;ssl=1 768w, https:\/\/i0.wp.com\/cdnoticias.com\/wp-content\/uploads\/2020\/11\/ElW_8hdWoAcZzjD-e1605743928147.jpg?w=1600&amp;ssl=1 1600w, https:\/\/i0.wp.com\/cdnoticias.com\/wp-content\/uploads\/2020\/11\/ElW_8hdWoAcZzjD-e1605743928147.jpg?w=2400&amp;ssl=1 2400w\" sizes=\"auto, (max-width: 800px) 100vw, 800px\" \/><\/p>\n<p>&nbsp;<\/p>\n<p>Si bien todo se encuentra sujeto a diversas modificaciones -como la condici\u00f3n clim\u00e1tica, por ejemplo-<strong> la llegada de Fern\u00e1ndez ser\u00eda la primera como presidente de la Naci\u00f3n.<\/strong> Su \u00faltima visita fue a pocos d\u00edas de las elecciones generales de octubre, donde encabez\u00f3 un acto en el Club Pueblo Nuevo.<\/p>\n<p>&nbsp;<\/p>\n<p>Otro punto que hace muy cercana la llegada de Fern\u00e1ndez el martes es que en las pr\u00f3ximas horas<strong> equipos vinculados al gobierno nacional estar\u00e1n visitando la ciudad con el objetivo de diagramar los diversos operativos log\u00edsticos y de seguridad<\/strong> para garantizar la llegada segura del jefe de la Naci\u00f3n.<\/p>\n","protected":false},"excerpt":{"rendered":"<p>Seg\u00fan fuentes cercanas al gobierno nacional, en di\u00e1logo con Central de Noticias, la llegada est\u00e1 estimada para el pr\u00f3ximo martes.<\/p>\n","protected":false},"author":2,"featured_media":6898,"comment_status":"closed","ping_status":"closed","sticky":false,"template":"","format":"standard","meta":{"_jetpack_memberships_contains_paid_content":false,"footnotes":""},"categories":[4,1],"tags":[],"class_list":["post-6903","post","type-post","status-publish","format-standard","has-post-thumbnail","hentry","category-politica","category-portada"],"jetpack_featured_media_url":"https:\/\/i0.wp.com\/cdnoticias.com\/wp-content\/uploads\/2020\/11\/ElcEt9ZWMAU5KTd-e1605743841827.jpg?fit=1346%2C849&ssl=1","jetpack_sharing_enabled":true,"_links":{"self":[{"href":"https:\/\/cdnoticias.com\/index.php\/wp-json\/wp\/v2\/posts\/6903","targetHints":{"allow":["GET"]}}],"collection":[{"href":"https:\/\/cdnoticias.com\/index.php\/wp-json\/wp\/v2\/posts"}],"about":[{"href":"https:\/\/cdnoticias.com\/index.php\/wp-json\/wp\/v2\/types\/post"}],"author":[{"embeddable":true,"href":"https:\/\/cdnoticias.com\/index.php\/wp-json\/wp\/v2\/users\/2"}],"replies":[{"embeddable":true,"href":"https:\/\/cdnoticias.com\/index.php\/wp-json\/wp\/v2\/comments?post=6903"}],"version-history":[{"count":0,"href":"https:\/\/cdnoticias.com\/index.php\/wp-json\/wp\/v2\/posts\/6903\/revisions"}],"wp:featuredmedia":[{"embeddable":true,"href":"https:\/\/cdnoticias.com\/index.php\/wp-json\/wp\/v2\/media\/6898"}],"wp:attachment":[{"href":"https:\/\/cdnoticias.com\/index.php\/wp-json\/wp\/v2\/media?parent=6903"}],"wp:term":[{"taxonomy":"category","embeddable":true,"href":"https:\/\/cdnoticias.com\/index.php\/wp-json\/wp\/v2\/categories?post=6903"},{"taxonomy":"post_tag","embeddable":true,"href":"https:\/\/cdnoticias.com\/index.php\/wp-json\/wp\/v2\/tags?post=6903"}],"curies":[{"name":"wp","href":"https:\/\/api.w.org\/{rel}","templated":true}]}}