{"id":69020,"date":"2022-11-03T20:08:45","date_gmt":"2022-11-03T23:08:45","guid":{"rendered":"https:\/\/www.centraldenoticias.com.ar\/?p=69020"},"modified":"2022-11-03T20:08:45","modified_gmt":"2022-11-03T23:08:45","slug":"celeste-arouxet-llevo-varios-reclamos-de-vecinos-a-camuzzi","status":"publish","type":"post","link":"https:\/\/cdnoticias.com\/index.php\/2022\/11\/03\/celeste-arouxet-llevo-varios-reclamos-de-vecinos-a-camuzzi\/","title":{"rendered":"Celeste Arouxet llev\u00f3 varios reclamos de vecinos a Camuzzi"},"content":{"rendered":"<p>La concejal de Ahora Olavarr\u00eda se reuni\u00f3 con el Jefe Comercial de la firma para hablar de problem\u00e1ticas que acercaron los vecinos al Concejo Deliberante. <!--more--><\/p>\n<hr \/>\n<p>Este jueves, <strong>la concejal de Ahora Olavarr\u00eda Celeste Arouxet se reuni\u00f3 con Sebasti\u00e1n Bonetto, Jefe Comercial de la firma Camuzzi Gas Pampeano, para hablar de diferentes problem\u00e1ticas que acercaron los vecinos de Olavarr\u00eda al Concejo Deliberante.<\/strong><\/p>\n<p>&nbsp;<\/p>\n<p>En este sentido, se inform\u00f3 que <strong>la atenci\u00f3n al p\u00fablico se encuentra normalizada<\/strong> luego de dos a\u00f1os de pandemia que <em>\u201chizo restructurar el v\u00ednculo empresa \u2013 cliente, pero que hoy en d\u00eda se retom\u00f3 a la normalidad\u201d.<\/em><\/p>\n<p>&nbsp;<\/p>\n<p>Otra inquietud fue el reclamo de la gente mayor que <em>\u201cno est\u00e1 familiarizado con la virtualidad a la hora de hacerse de la factura\u201d<\/em>, lo cual <strong>desde Camuzzi se explic\u00f3 que \u201caquellos vecinos que no les llegue la boleta f\u00edsicamente, pueden acercarse hasta las oficinas y solicitarlo\u201d.<\/strong><\/p>\n<p>&nbsp;<\/p>\n<blockquote><p>Uno de los datos m\u00e1s importantes que brind\u00f3 el Jefe Comercial de la firma es que <strong><em>\u201cactualmente las pymes olavarrienses han recuperado el consumo en m3 previo a los niveles del 2019\u201d.<\/em><\/strong><\/p><\/blockquote>\n<p>&nbsp;<\/p>\n<p>La concejal solicit\u00f3, en este sentido, la posibilidad de que <strong>Camuzzi informe institucionalmente la nueva modalidad de atenci\u00f3n al p\u00fablico<\/strong> y agradeci\u00f3 la atenci\u00f3n recibida y la predisposici\u00f3n de las autoridades.<\/p>\n","protected":false},"excerpt":{"rendered":"<p>La concejal de Ahora Olavarr\u00eda se reuni\u00f3 con el Jefe Comercial de la firma para hablar de problem\u00e1ticas que acercaron<\/p>\n","protected":false},"author":2,"featured_media":69021,"comment_status":"closed","ping_status":"closed","sticky":false,"template":"","format":"standard","meta":{"_jetpack_memberships_contains_paid_content":false,"footnotes":""},"categories":[4,1],"tags":[],"class_list":["post-69020","post","type-post","status-publish","format-standard","has-post-thumbnail","hentry","category-politica","category-portada"],"jetpack_featured_media_url":"https:\/\/i0.wp.com\/cdnoticias.com\/wp-content\/uploads\/2022\/11\/WhatsApp-Image-2022-11-03-at-12.20.53.jpeg?fit=1280%2C960&ssl=1","jetpack_sharing_enabled":true,"_links":{"self":[{"href":"https:\/\/cdnoticias.com\/index.php\/wp-json\/wp\/v2\/posts\/69020","targetHints":{"allow":["GET"]}}],"collection":[{"href":"https:\/\/cdnoticias.com\/index.php\/wp-json\/wp\/v2\/posts"}],"about":[{"href":"https:\/\/cdnoticias.com\/index.php\/wp-json\/wp\/v2\/types\/post"}],"author":[{"embeddable":true,"href":"https:\/\/cdnoticias.com\/index.php\/wp-json\/wp\/v2\/users\/2"}],"replies":[{"embeddable":true,"href":"https:\/\/cdnoticias.com\/index.php\/wp-json\/wp\/v2\/comments?post=69020"}],"version-history":[{"count":0,"href":"https:\/\/cdnoticias.com\/index.php\/wp-json\/wp\/v2\/posts\/69020\/revisions"}],"wp:featuredmedia":[{"embeddable":true,"href":"https:\/\/cdnoticias.com\/index.php\/wp-json\/wp\/v2\/media\/69021"}],"wp:attachment":[{"href":"https:\/\/cdnoticias.com\/index.php\/wp-json\/wp\/v2\/media?parent=69020"}],"wp:term":[{"taxonomy":"category","embeddable":true,"href":"https:\/\/cdnoticias.com\/index.php\/wp-json\/wp\/v2\/categories?post=69020"},{"taxonomy":"post_tag","embeddable":true,"href":"https:\/\/cdnoticias.com\/index.php\/wp-json\/wp\/v2\/tags?post=69020"}],"curies":[{"name":"wp","href":"https:\/\/api.w.org\/{rel}","templated":true}]}}