{"id":69014,"date":"2022-11-03T19:51:02","date_gmt":"2022-11-03T22:51:02","guid":{"rendered":"https:\/\/www.centraldenoticias.com.ar\/?p=69014"},"modified":"2022-11-04T08:39:20","modified_gmt":"2022-11-04T11:39:20","slug":"polemica-por-terrenos-linderos-a-industrial-el-municipio-explico-la-propiedad-de-las-tierras","status":"publish","type":"post","link":"https:\/\/cdnoticias.com\/index.php\/2022\/11\/03\/polemica-por-terrenos-linderos-a-industrial-el-municipio-explico-la-propiedad-de-las-tierras\/","title":{"rendered":"Pol\u00e9mica por terrenos linderos a Industrial: el Municipio explic\u00f3 la propiedad de las tierras"},"content":{"rendered":"<p>Desde Catastro informaron que est\u00e1n realizando el proyecto de mensura de la Chacra N\u00b0571, ubicada sobre Del Valle y La Rioja. Una ordenanza en 2007 revocada dos a\u00f1os despu\u00e9s, la clave.<!--more--><\/p>\n<hr \/>\n<p>Tras la <a href=\"https:\/\/cdnoticias.com\/index.php\/2022\/11\/02\/integrantes-de-la-escuela-industrial-se-reuniran-para-tomar-postura-sobre-los-terrenos-linderos\/\" target=\"_blank\" rel=\"noopener\">convocatoria a una reuni\u00f3n en la sede de la Escuela Industrial por la pol\u00e9mica de los terrenos linderos al colegio<\/a>, <strong>el Municipio explic\u00f3 el procedimiento que lleva adelante desde Catastro que derivar\u00e1 en la creaci\u00f3n de un espacio verde y mencion\u00f3 otra ordenanza, de 2007, que es clave para entender la propiedad de las tierras.<\/strong><\/p>\n<p>&nbsp;<\/p>\n<p>Desde la <strong>Direcci\u00f3n de Catastro se inform\u00f3 que actualmente se trabaja en el proyecto de mensura para escriturar la Chacra N\u00b0571, ubicada sobre la avenida Del Valle y La Rioja del Partido de Olavarr\u00eda<\/strong>, que al finalizar el tratamiento con la correspondiente escrituraci\u00f3n, se avanzar\u00e1 con un parque lineal.<\/p>\n<p>&nbsp;<\/p>\n<p>En t\u00e9rminos de documentaci\u00f3n,<strong> explicaron que todo arranca en el a\u00f1o 1960<\/strong>, a trav\u00e9s de la ordenanza 19\/60, el Municipio don\u00f3 al Estado Nacional esa parcela y se estableci\u00f3 que el<strong> Sr. Alfredo Fortabat construir\u00eda el edificio de la Escuela Industrial y la Escuela de Capacitaci\u00f3n Obrera N\u00b0 66, que no se efectiviz\u00f3.<\/strong><\/p>\n<p>&nbsp;<\/p>\n<blockquote><p>Al no perfeccionarse la transmisi\u00f3n de dominio, y se detall\u00f3 que de los tres elementos (posesi\u00f3n, escritura y registro p\u00fablico) solo se llev\u00f3 a cabo la posesi\u00f3n.<\/p><\/blockquote>\n<p>&nbsp;<\/p>\n<p>En <strong>1984, a trav\u00e9s de la Ordenanza 210\/84, el Municipio<\/strong><em> \u201cdestina el mencionado sector para la generaci\u00f3n de un conglomerado educacional, cultural y deportivo\u201d.<\/em><\/p>\n<p>&nbsp;<\/p>\n<p>Sin avances, <strong>se lleg\u00f3 al a\u00f1o 2007 con reclamos, pedidos de edificios propios y avances en torno a cuestiones educativas: la Ordenanza N\u00b0 3057\/07 establece <em>\u201cla donaci\u00f3n a la Direcci\u00f3n General de Cultura y Educaci\u00f3n de la provincia de Buenos Aires para satisfacer las necesidades de infraestructura del Instituto Superior de Formaci\u00f3n Docente N\u00b0 22, la Escuela de Artes Visuales y el Centro de Formaci\u00f3n Laboral N\u00b0 1, debiendo iniciar la construcci\u00f3n en un plazo no mayor de dos a\u00f1os\u201d.<\/em><\/strong><\/p>\n<p>&nbsp;<\/p>\n<p>Justamente, <strong>el art\u00edculo 6 de esa ordenanza explicita que<em> \u201cel incumplimiento de las condiciones y cargos impuestos por la donataria, en los plazos fijados, determinar\u00e1 la revocaci\u00f3n autom\u00e1tica y de pleno derecho de las donaciones conferidas\u201d<\/em><\/strong> algo que finalmente sucedi\u00f3. En otras palabras,<strong> la donaci\u00f3n de tierras finalmente no se efectiviz\u00f3 y contin\u00faa siendo de la comuna.<\/strong><\/p>\n<p>&nbsp;<\/p>\n<p><em>\u201cPor lo expuesto es que el Gobierno Municipal est\u00e1 llevando a cabo la mensura y posterior escrituraci\u00f3n para la realizaci\u00f3n de un espacio p\u00fablico destinado a todos los vecinos de los barrios aleda\u00f1os a la zona mencionada con anterioridad\u201d<\/em> se\u00f1alaron en un comunicado emitido este jueves, y en la previa del encuentro que tendr\u00e1 la comunidad educativa este viernes en la Escuela Industrial.<\/p>\n","protected":false},"excerpt":{"rendered":"<p>Desde Catastro informaron que est\u00e1n realizando el proyecto de mensura de la Chacra N\u00b0571, ubicada sobre Del Valle y La<\/p>\n","protected":false},"author":2,"featured_media":69015,"comment_status":"closed","ping_status":"closed","sticky":false,"template":"","format":"standard","meta":{"_jetpack_memberships_contains_paid_content":false,"footnotes":""},"categories":[5,1],"tags":[],"class_list":["post-69014","post","type-post","status-publish","format-standard","has-post-thumbnail","hentry","category-informacion-general","category-portada"],"jetpack_featured_media_url":"https:\/\/i0.wp.com\/cdnoticias.com\/wp-content\/uploads\/2022\/11\/Obras-Chacra-571-1024x682-1.jpg?fit=1024%2C682&ssl=1","jetpack_sharing_enabled":true,"_links":{"self":[{"href":"https:\/\/cdnoticias.com\/index.php\/wp-json\/wp\/v2\/posts\/69014","targetHints":{"allow":["GET"]}}],"collection":[{"href":"https:\/\/cdnoticias.com\/index.php\/wp-json\/wp\/v2\/posts"}],"about":[{"href":"https:\/\/cdnoticias.com\/index.php\/wp-json\/wp\/v2\/types\/post"}],"author":[{"embeddable":true,"href":"https:\/\/cdnoticias.com\/index.php\/wp-json\/wp\/v2\/users\/2"}],"replies":[{"embeddable":true,"href":"https:\/\/cdnoticias.com\/index.php\/wp-json\/wp\/v2\/comments?post=69014"}],"version-history":[{"count":0,"href":"https:\/\/cdnoticias.com\/index.php\/wp-json\/wp\/v2\/posts\/69014\/revisions"}],"wp:featuredmedia":[{"embeddable":true,"href":"https:\/\/cdnoticias.com\/index.php\/wp-json\/wp\/v2\/media\/69015"}],"wp:attachment":[{"href":"https:\/\/cdnoticias.com\/index.php\/wp-json\/wp\/v2\/media?parent=69014"}],"wp:term":[{"taxonomy":"category","embeddable":true,"href":"https:\/\/cdnoticias.com\/index.php\/wp-json\/wp\/v2\/categories?post=69014"},{"taxonomy":"post_tag","embeddable":true,"href":"https:\/\/cdnoticias.com\/index.php\/wp-json\/wp\/v2\/tags?post=69014"}],"curies":[{"name":"wp","href":"https:\/\/api.w.org\/{rel}","templated":true}]}}