{"id":69004,"date":"2022-11-03T21:04:10","date_gmt":"2022-11-04T00:04:10","guid":{"rendered":"https:\/\/www.centraldenoticias.com.ar\/?p=69004"},"modified":"2022-11-04T08:38:20","modified_gmt":"2022-11-04T11:38:20","slug":"juan-d-fleitas-estoy-muy-contento-con-lo-que-esta-por-salir","status":"publish","type":"post","link":"https:\/\/cdnoticias.com\/index.php\/2022\/11\/03\/juan-d-fleitas-estoy-muy-contento-con-lo-que-esta-por-salir\/","title":{"rendered":"Juan D. Fleitas: &#8220;Estoy muy contento con lo que est\u00e1 por salir\u201d"},"content":{"rendered":"<p>As\u00ed lo expres\u00f3 el m\u00fasico local sobre su nuevo EP &#8220;Cerro Secreto&#8221; que se estrenar\u00e1 este viernes 4 de noviembre en todas las plataformas digitales. <!--more--><\/p>\n<hr \/>\n<p>Este <strong>viernes 4 de noviembre<\/strong> tendr\u00e1 su lanzamiento el nuevo EP del <strong>m\u00fasico local Juan D. Fleitas<\/strong>: &#8220;<em><strong>Cerro Secreto&#8221;<\/strong><\/em> estar\u00e1 disponible en <strong>todas las plataformas digitales.<\/strong><\/p>\n<p>&nbsp;<\/p>\n<p><em>Central de Noticias<\/em> dialog\u00f3 con el <strong>m\u00fasico Juan D. Fleitas<\/strong>, alguien que ha adquirido una variada y extensa carrera musical. <strong>&#8220;Arranqu\u00e9 con la m\u00fasica hace 12 a\u00f1os<\/strong>. El momento en el que empez\u00f3 a ponerse m\u00e1s en serio fue cuando <strong>empec\u00e9 a hacer mi propia m\u00fasica o de amigos.<\/strong> Esa relaci\u00f3n de empezar a conocer m\u00e1s m\u00fasicos me llev\u00f3 a dedicarme al 100%. Fue a los 18 a\u00f1os cuando termin\u00e9 la escuela, estudi\u00e9 m\u00fasica y <strong>en ese momento me di cuenta que pod\u00eda crear<\/strong>&#8221; explic\u00f3 Fleitas.<\/p>\n<p>&nbsp;<\/p>\n<p>&#8220;La primera banda que me marc\u00f3 fuerte fue<em><strong> \u201cMonstruos\u201d<\/strong><\/em>\u00a0 que era el proyecto de mi primo y el comienzo de todo. Despu\u00e9s de eso entr\u00e9 a la banda &#8216;<em><strong>Alfiler de gancho&#8217; <\/strong><\/em>que ya estaba constituida hace varios a\u00f1os. <strong>Fue una banda muy importante porque primero fui oyente y despu\u00e9s fui parte.<\/strong> Despu\u00e9s en proyectos personales surgi\u00f3 <strong><em>\u201cEl Proyecto<\/em><\/strong>\u00a0<em><strong>Deambulante\u201d<\/strong><\/em> y <em><strong>\u201cLes mares\u201d; <\/strong><\/em>con ellos editamos un disco, muchas canciones y fueron dos a\u00f1os donde no paramos&#8221; agreg\u00f3 el m\u00fasico local. Adem\u00e1s, lanz\u00f3 &#8220;<em><strong>Sentimientos Monocrom\u00e1ticos&#8221;<\/strong><\/em> (2017), <em><strong>&#8220;Del amor y otras vertientes<\/strong><\/em>&#8221; (2014) y el single <em><strong>&#8220;El Sentir&#8221;<\/strong> <\/em>(2021).<\/p>\n<p>&nbsp;<\/p>\n<p><img data-recalc-dims=\"1\" loading=\"lazy\" decoding=\"async\" class=\"alignnone size-full wp-image-69006\" src=\"https:\/\/i0.wp.com\/cdnoticias.com\/wp-content\/uploads\/2022\/11\/juan-flei2-scaled.jpg?resize=800%2C480&#038;ssl=1\" alt=\"\" width=\"800\" height=\"480\" srcset=\"https:\/\/i0.wp.com\/cdnoticias.com\/wp-content\/uploads\/2022\/11\/juan-flei2-scaled.jpg?w=2560&amp;ssl=1 2560w, https:\/\/i0.wp.com\/cdnoticias.com\/wp-content\/uploads\/2022\/11\/juan-flei2-scaled.jpg?resize=300%2C180&amp;ssl=1 300w, https:\/\/i0.wp.com\/cdnoticias.com\/wp-content\/uploads\/2022\/11\/juan-flei2-scaled.jpg?resize=1024%2C614&amp;ssl=1 1024w, https:\/\/i0.wp.com\/cdnoticias.com\/wp-content\/uploads\/2022\/11\/juan-flei2-scaled.jpg?resize=768%2C461&amp;ssl=1 768w, https:\/\/i0.wp.com\/cdnoticias.com\/wp-content\/uploads\/2022\/11\/juan-flei2-scaled.jpg?resize=1536%2C921&amp;ssl=1 1536w, https:\/\/i0.wp.com\/cdnoticias.com\/wp-content\/uploads\/2022\/11\/juan-flei2-scaled.jpg?resize=2048%2C1228&amp;ssl=1 2048w, https:\/\/i0.wp.com\/cdnoticias.com\/wp-content\/uploads\/2022\/11\/juan-flei2-scaled.jpg?w=1600&amp;ssl=1 1600w, https:\/\/i0.wp.com\/cdnoticias.com\/wp-content\/uploads\/2022\/11\/juan-flei2-scaled.jpg?w=2400&amp;ssl=1 2400w\" sizes=\"auto, (max-width: 800px) 100vw, 800px\" \/><\/p>\n<p>&nbsp;<\/p>\n<p>Sobre sus <strong>influencias musicales,<\/strong> Fleitas cont\u00f3 &#8220;siempre tuve contacto con la m\u00fasica. <strong>Consumo de todo y eso nutre much\u00edsimo el o\u00eddo, es como una ensalada de influencias.<\/strong> Desde muy chico en mi casa siempre se escuch\u00f3 m\u00fasica. Los primeros recuerdos musicales que tengo es mi vieja cocinando y poniendo vinilos de Sandro, y mi viejo escuchando mucho ch\u00e1mame. <strong>El primer contacto fuerte que tuve con la m\u00fasica fue a los 14 con &#8220;<em>The Beatles&#8221;, <\/em>fue muy clave<\/strong>&#8221; y agreg\u00f3 que &#8220;despu\u00e9s <strong>una gran influencia fue el rock de La Plata: El mat\u00f3, P\u00e9rez, Los reyes del Falsete<\/strong>. Siempre desde la parte m\u00e1s independiente. En su momento lo eran, ahora ya no&#8221;.<\/p>\n<p>&nbsp;<\/p>\n<p><img data-recalc-dims=\"1\" loading=\"lazy\" decoding=\"async\" class=\"alignnone size-full wp-image-69009\" src=\"https:\/\/i0.wp.com\/cdnoticias.com\/wp-content\/uploads\/2022\/11\/juan-flei5-scaled.jpg?resize=800%2C480&#038;ssl=1\" alt=\"\" width=\"800\" height=\"480\" srcset=\"https:\/\/i0.wp.com\/cdnoticias.com\/wp-content\/uploads\/2022\/11\/juan-flei5-scaled.jpg?w=2560&amp;ssl=1 2560w, https:\/\/i0.wp.com\/cdnoticias.com\/wp-content\/uploads\/2022\/11\/juan-flei5-scaled.jpg?resize=300%2C180&amp;ssl=1 300w, https:\/\/i0.wp.com\/cdnoticias.com\/wp-content\/uploads\/2022\/11\/juan-flei5-scaled.jpg?resize=1024%2C614&amp;ssl=1 1024w, https:\/\/i0.wp.com\/cdnoticias.com\/wp-content\/uploads\/2022\/11\/juan-flei5-scaled.jpg?resize=768%2C461&amp;ssl=1 768w, https:\/\/i0.wp.com\/cdnoticias.com\/wp-content\/uploads\/2022\/11\/juan-flei5-scaled.jpg?resize=1536%2C921&amp;ssl=1 1536w, https:\/\/i0.wp.com\/cdnoticias.com\/wp-content\/uploads\/2022\/11\/juan-flei5-scaled.jpg?resize=2048%2C1228&amp;ssl=1 2048w, https:\/\/i0.wp.com\/cdnoticias.com\/wp-content\/uploads\/2022\/11\/juan-flei5-scaled.jpg?w=1600&amp;ssl=1 1600w, https:\/\/i0.wp.com\/cdnoticias.com\/wp-content\/uploads\/2022\/11\/juan-flei5-scaled.jpg?w=2400&amp;ssl=1 2400w\" sizes=\"auto, (max-width: 800px) 100vw, 800px\" \/><\/p>\n<p>&nbsp;<\/p>\n<p><strong>Sobre su nuevo EP &#8220;Cerro Secreto&#8221;\u00a0<\/strong><\/p>\n<p>&nbsp;<\/p>\n<p>Su anterior trabajo publicado fue el single <em><strong>&#8220;El Sentir&#8221; (2021) <\/strong><\/em>producido por Santiago Fern\u00e1ndez, en diciembre del a\u00f1o pasado. &#8220;Santi me propuso seguir trabajando juntos entonces revis\u00e9 composiciones que ten\u00eda. <strong>De seis canciones estas dos que van a ser publicadas ma\u00f1ana se un\u00edan por el concepto musical<\/strong>. <strong>Un tema es con letra, el otro es instrumental y hay un hilo conductor<\/strong>&#8221; explic\u00f3 el m\u00fasico local.<\/p>\n<p>&nbsp;<\/p>\n<p>&#8220;La primera canci\u00f3n<em><strong> &#8216;Cerro secreto&#8217; <\/strong><\/em>fue un <strong>quiebre en como ven\u00eda trabajando con las composiciones<\/strong>. Generalmente laburo con la guitarra una idea y luego canto o al rev\u00e9s. Estas canciones surgieron m\u00e1s de la parte r\u00edtmica, m\u00e1s del juego con los sintetizadores y el material lo produje en mi casa. Es algo diferente a lo que pod\u00e9s encontrar de mi m\u00fasica ahora en las redes. <strong>Tiene otra sonoridad y otra instrumentaci\u00f3n&#8221;<\/strong> remarc\u00f3 Fleitas.<\/p>\n<p>&nbsp;<\/p>\n<p><em><strong>&#8220;Cerro Secreto <\/strong><\/em>tiene una historia puntualmente. Tiene que ver con un<strong> proceso de introspecci\u00f3n personal de cada uno de estar en alg\u00fan sentido mal o inc\u00f3modo y buscar sanar esa parte.<\/strong> Toda la primera canci\u00f3n cuenta la historia de este personaje que est\u00e1<strong> buscando su sanaci\u00f3n y justamente se escapa para encontrar ese sabor distinto.<\/strong> La segundo canci\u00f3n reflejar\u00eda<strong> ese momento de silencio<\/strong> en el sentido de la palabra y esa dualidad&#8221; expres\u00f3 el artista.<\/p>\n<p>&nbsp;<\/p>\n<p><img data-recalc-dims=\"1\" loading=\"lazy\" decoding=\"async\" class=\"alignnone size-full wp-image-69008\" src=\"https:\/\/i0.wp.com\/cdnoticias.com\/wp-content\/uploads\/2022\/11\/juan-flei4-scaled.jpg?resize=800%2C480&#038;ssl=1\" alt=\"\" width=\"800\" height=\"480\" srcset=\"https:\/\/i0.wp.com\/cdnoticias.com\/wp-content\/uploads\/2022\/11\/juan-flei4-scaled.jpg?w=2560&amp;ssl=1 2560w, https:\/\/i0.wp.com\/cdnoticias.com\/wp-content\/uploads\/2022\/11\/juan-flei4-scaled.jpg?resize=300%2C180&amp;ssl=1 300w, https:\/\/i0.wp.com\/cdnoticias.com\/wp-content\/uploads\/2022\/11\/juan-flei4-scaled.jpg?resize=1024%2C614&amp;ssl=1 1024w, https:\/\/i0.wp.com\/cdnoticias.com\/wp-content\/uploads\/2022\/11\/juan-flei4-scaled.jpg?resize=768%2C461&amp;ssl=1 768w, https:\/\/i0.wp.com\/cdnoticias.com\/wp-content\/uploads\/2022\/11\/juan-flei4-scaled.jpg?resize=1536%2C921&amp;ssl=1 1536w, https:\/\/i0.wp.com\/cdnoticias.com\/wp-content\/uploads\/2022\/11\/juan-flei4-scaled.jpg?resize=2048%2C1228&amp;ssl=1 2048w, https:\/\/i0.wp.com\/cdnoticias.com\/wp-content\/uploads\/2022\/11\/juan-flei4-scaled.jpg?w=1600&amp;ssl=1 1600w, https:\/\/i0.wp.com\/cdnoticias.com\/wp-content\/uploads\/2022\/11\/juan-flei4-scaled.jpg?w=2400&amp;ssl=1 2400w\" sizes=\"auto, (max-width: 800px) 100vw, 800px\" \/><\/p>\n<p>&nbsp;<\/p>\n<p>El proyecto <strong>se trabaj\u00f3 durante un a\u00f1o completo<\/strong> y cuenta con Santiago Bongiorno en coros, Chino Rodr\u00edguez en fotograf\u00eda y visual de video, Ail\u00e9n Suarez en portada y Santiago Fern\u00e1ndez en mezcla y m\u00e1ster. Adem\u00e1s las canciones vienen acompa\u00f1adas de un soporte visual que se traduce en un videoclip.<\/p>\n<p>&nbsp;<\/p>\n<blockquote><p>&#8220;Estoy muy contento con lo que est\u00e1 por salir. Respeto los tiempos de todos mis amigos y el compartir con ellos es muy importante, priorizo mucho eso. Adem\u00e1s la idea sigue convenciendo y eso es lo importante. Por ah\u00ed con el paso del tiempo capaz ya te no gusta, en este caso cada d\u00eda me gusta un poco m\u00e1s&#8221; cerr\u00f3 Fleitas.<\/p><\/blockquote>\n<p>&nbsp;<\/p>\n<p>&nbsp;<\/p>\n<blockquote class=\"instagram-media\" style=\"background: #FFF; border: 0; border-radius: 3px; box-shadow: 0 0 1px 0 rgba(0,0,0,0.5),0 1px 10px 0 rgba(0,0,0,0.15); margin: 1px; max-width: 540px; min-width: 326px; padding: 0; width: calc(100% - 2px);\" data-instgrm-captioned=\"\" data-instgrm-permalink=\"https:\/\/www.instagram.com\/p\/CkgEYI4uGrw\/?utm_source=ig_embed&amp;utm_campaign=loading\" data-instgrm-version=\"14\">\n<div style=\"padding: 16px;\">\n<p>&nbsp;<\/p>\n<div style=\"display: flex; flex-direction: row; align-items: center;\">\n<div style=\"background-color: #f4f4f4; border-radius: 50%; flex-grow: 0; height: 40px; margin-right: 14px; width: 40px;\"><\/div>\n<div style=\"display: flex; flex-direction: column; flex-grow: 1; justify-content: center;\">\n<div style=\"background-color: #f4f4f4; border-radius: 4px; flex-grow: 0; height: 14px; margin-bottom: 6px; width: 100px;\"><\/div>\n<div style=\"background-color: #f4f4f4; border-radius: 4px; flex-grow: 0; height: 14px; width: 60px;\"><\/div>\n<\/div>\n<\/div>\n<div style=\"padding: 19% 0;\"><\/div>\n<div style=\"display: block; height: 50px; margin: 0 auto 12px; width: 50px;\"><\/div>\n<div style=\"padding-top: 8px;\">\n<div style=\"color: #3897f0; font-family: Arial,sans-serif; font-size: 14px; font-style: normal; font-weight: 550; line-height: 18px;\">Ver esta publicaci\u00f3n en Instagram<\/div>\n<\/div>\n<div style=\"padding: 12.5% 0;\"><\/div>\n<div style=\"display: flex; flex-direction: row; margin-bottom: 14px; align-items: center;\">\n<div>\n<div style=\"background-color: #f4f4f4; border-radius: 50%; height: 12.5px; width: 12.5px; transform: translateX(0px) translateY(7px);\"><\/div>\n<div style=\"background-color: #f4f4f4; height: 12.5px; transform: rotate(-45deg) translateX(3px) translateY(1px); width: 12.5px; flex-grow: 0; margin-right: 14px; margin-left: 2px;\"><\/div>\n<div style=\"background-color: #f4f4f4; border-radius: 50%; height: 12.5px; width: 12.5px; transform: translateX(9px) translateY(-18px);\"><\/div>\n<\/div>\n<div style=\"margin-left: 8px;\">\n<div style=\"background-color: #f4f4f4; border-radius: 50%; flex-grow: 0; height: 20px; width: 20px;\"><\/div>\n<div style=\"width: 0; height: 0; border-top: 2px solid transparent; border-left: 6px solid #f4f4f4; border-bottom: 2px solid transparent; transform: translateX(16px) translateY(-4px) rotate(30deg);\"><\/div>\n<\/div>\n<div style=\"margin-left: auto;\">\n<div style=\"width: 0px; border-top: 8px solid #F4F4F4; border-right: 8px solid transparent; transform: translateY(16px);\"><\/div>\n<div style=\"background-color: #f4f4f4; flex-grow: 0; height: 12px; width: 16px; transform: translateY(-4px);\"><\/div>\n<div style=\"width: 0; height: 0; border-top: 8px solid #F4F4F4; border-left: 8px solid transparent; transform: translateY(-4px) translateX(8px);\"><\/div>\n<\/div>\n<\/div>\n<div style=\"display: flex; flex-direction: column; flex-grow: 1; justify-content: center; margin-bottom: 24px;\">\n<div style=\"background-color: #f4f4f4; border-radius: 4px; flex-grow: 0; height: 14px; margin-bottom: 6px; width: 224px;\"><\/div>\n<div style=\"background-color: #f4f4f4; border-radius: 4px; flex-grow: 0; height: 14px; width: 144px;\"><\/div>\n<\/div>\n<p>&nbsp;<\/p>\n<p style=\"color: #c9c8cd; font-family: Arial,sans-serif; font-size: 14px; line-height: 17px; margin-bottom: 0; margin-top: 8px; overflow: hidden; padding: 8px 0 7px; text-align: center; text-overflow: ellipsis; white-space: nowrap;\"><a style=\"color: #c9c8cd; font-family: Arial,sans-serif; font-size: 14px; font-style: normal; font-weight: normal; line-height: 17px; text-decoration: none;\" href=\"https:\/\/www.instagram.com\/p\/CkgEYI4uGrw\/?utm_source=ig_embed&amp;utm_campaign=loading\" target=\"_blank\" rel=\"noopener\">Una publicaci\u00f3n compartida por Juan D. Fleitas (@juan_d_fleitas)<\/a><\/p>\n<\/div>\n<\/blockquote>\n<p><script async src=\"\/\/www.instagram.com\/embed.js\"><\/script><\/p>\n<p>&nbsp;<\/p>\n<p>&nbsp;<\/p>\n<p>&nbsp;<\/p>\n","protected":false},"excerpt":{"rendered":"<p>As\u00ed lo expres\u00f3 el m\u00fasico local sobre su nuevo EP &#8220;Cerro Secreto&#8221; que se estrenar\u00e1 este viernes 4 de noviembre<\/p>\n","protected":false},"author":6,"featured_media":69007,"comment_status":"closed","ping_status":"closed","sticky":false,"template":"","format":"standard","meta":{"_jetpack_memberships_contains_paid_content":false,"footnotes":""},"categories":[9,1],"tags":[],"class_list":["post-69004","post","type-post","status-publish","format-standard","has-post-thumbnail","hentry","category-cultura","category-portada"],"jetpack_featured_media_url":"https:\/\/i0.wp.com\/cdnoticias.com\/wp-content\/uploads\/2022\/11\/juan-flei3-scaled.jpg?fit=2560%2C1536&ssl=1","jetpack_sharing_enabled":true,"_links":{"self":[{"href":"https:\/\/cdnoticias.com\/index.php\/wp-json\/wp\/v2\/posts\/69004","targetHints":{"allow":["GET"]}}],"collection":[{"href":"https:\/\/cdnoticias.com\/index.php\/wp-json\/wp\/v2\/posts"}],"about":[{"href":"https:\/\/cdnoticias.com\/index.php\/wp-json\/wp\/v2\/types\/post"}],"author":[{"embeddable":true,"href":"https:\/\/cdnoticias.com\/index.php\/wp-json\/wp\/v2\/users\/6"}],"replies":[{"embeddable":true,"href":"https:\/\/cdnoticias.com\/index.php\/wp-json\/wp\/v2\/comments?post=69004"}],"version-history":[{"count":0,"href":"https:\/\/cdnoticias.com\/index.php\/wp-json\/wp\/v2\/posts\/69004\/revisions"}],"wp:featuredmedia":[{"embeddable":true,"href":"https:\/\/cdnoticias.com\/index.php\/wp-json\/wp\/v2\/media\/69007"}],"wp:attachment":[{"href":"https:\/\/cdnoticias.com\/index.php\/wp-json\/wp\/v2\/media?parent=69004"}],"wp:term":[{"taxonomy":"category","embeddable":true,"href":"https:\/\/cdnoticias.com\/index.php\/wp-json\/wp\/v2\/categories?post=69004"},{"taxonomy":"post_tag","embeddable":true,"href":"https:\/\/cdnoticias.com\/index.php\/wp-json\/wp\/v2\/tags?post=69004"}],"curies":[{"name":"wp","href":"https:\/\/api.w.org\/{rel}","templated":true}]}}