{"id":68998,"date":"2022-11-03T19:59:48","date_gmt":"2022-11-03T22:59:48","guid":{"rendered":"https:\/\/www.centraldenoticias.com.ar\/?p=68998"},"modified":"2022-11-03T19:59:48","modified_gmt":"2022-11-03T22:59:48","slug":"olavarria-reconocida-a-nivel-internacional-en-materia-de-salud-sexual-y-reproductiva","status":"publish","type":"post","link":"https:\/\/cdnoticias.com\/index.php\/2022\/11\/03\/olavarria-reconocida-a-nivel-internacional-en-materia-de-salud-sexual-y-reproductiva\/","title":{"rendered":"Olavarr\u00eda reconocida a nivel internacional en materia de salud sexual y reproductiva"},"content":{"rendered":"<p>Referentes del Programa Municipal de Salud Sexual y Reproductiva participaron en el 40\u00ba Congreso de la Sociedad Espa\u00f1ola de Senolog\u00eda y Patolog\u00eda Mamaria.<!--more--><\/p>\n<hr \/>\n<p>Referentes del <strong>Programa Municipal de Salud Sexual y Reproductiva<\/strong> (PMSSyR) tuvieron una destacada participaci\u00f3n en el <strong>40\u00ba Congreso de la Sociedad Espa\u00f1ola de Senolog\u00eda y Patolog\u00eda Mamaria<\/strong>.<\/p>\n<p>&nbsp;<\/p>\n<p>El encuentro se llev\u00f3 a cabo d\u00edas pasados en el <strong>Palacio de Exposiciones y Congresos Ciudad de Oviedo, Asturias, Espa\u00f1a<\/strong>; los d\u00edas 20 al 22 del corriente mes. En esta ocasi\u00f3n, la<strong> Dra. Agustina Sal\u00edas<\/strong> present\u00f3 una investigaci\u00f3n junto al PMSSyR; en el que trabaja junto a<strong> Silvia Rodr\u00edguez, Yanina B\u00f3rmida y Griselda Astudillo<\/strong>.<\/p>\n<p>&nbsp;<\/p>\n<p>Dicho proyecto se denomina \u201c<em><strong>Hallazgos ecogr\u00e1ficos en estudios mamarios previos a la instauraci\u00f3n del tratamiento hormonal en mujeres trans\u201d.<\/strong><\/em> El objetivo del mismo es describir los hallazgos ecogr\u00e1ficos de los estudios mamarios de screening, previos a la instauraci\u00f3n del tratamiento hormonal en mujeres trans en el consultorio inclusivo del Programa.<\/p>\n<p>&nbsp;<\/p>\n<p><img data-recalc-dims=\"1\" loading=\"lazy\" decoding=\"async\" class=\"aligncenter wp-image-69001 size-full\" src=\"https:\/\/i0.wp.com\/cdnoticias.com\/wp-content\/uploads\/2022\/11\/Salud-Participacion-Congreso-Mama-1.jpg?resize=800%2C533&#038;ssl=1\" alt=\"\" width=\"800\" height=\"533\" srcset=\"https:\/\/i0.wp.com\/cdnoticias.com\/wp-content\/uploads\/2022\/11\/Salud-Participacion-Congreso-Mama-1.jpg?w=1772&amp;ssl=1 1772w, https:\/\/i0.wp.com\/cdnoticias.com\/wp-content\/uploads\/2022\/11\/Salud-Participacion-Congreso-Mama-1.jpg?resize=300%2C200&amp;ssl=1 300w, https:\/\/i0.wp.com\/cdnoticias.com\/wp-content\/uploads\/2022\/11\/Salud-Participacion-Congreso-Mama-1.jpg?resize=1024%2C682&amp;ssl=1 1024w, https:\/\/i0.wp.com\/cdnoticias.com\/wp-content\/uploads\/2022\/11\/Salud-Participacion-Congreso-Mama-1.jpg?resize=768%2C512&amp;ssl=1 768w, https:\/\/i0.wp.com\/cdnoticias.com\/wp-content\/uploads\/2022\/11\/Salud-Participacion-Congreso-Mama-1.jpg?resize=1536%2C1024&amp;ssl=1 1536w, https:\/\/i0.wp.com\/cdnoticias.com\/wp-content\/uploads\/2022\/11\/Salud-Participacion-Congreso-Mama-1.jpg?resize=272%2C182&amp;ssl=1 272w, https:\/\/i0.wp.com\/cdnoticias.com\/wp-content\/uploads\/2022\/11\/Salud-Participacion-Congreso-Mama-1.jpg?w=1600&amp;ssl=1 1600w\" sizes=\"auto, (max-width: 800px) 100vw, 800px\" \/><\/p>\n<p>&nbsp;<\/p>\n<p>Si bien existen leyes como la <strong>Ley de Identidad de G\u00e9nero en Argentina<\/strong> que garantizan el goce de la salud integral y el acceso a tratamientos integrales hormonales para adecuar el cuerpo a la identidad de g\u00e9nero autopercibida con el acompa\u00f1amiento m\u00e9dico,<strong> a\u00fan no hay pautas s\u00f3lidas para la detecci\u00f3n y existen barreras de atenci\u00f3n.<\/strong><\/p>\n<p>&nbsp;<\/p>\n<p>&#8220;Con el<strong> aumento de personas trans que deciden realizar tratamientos de hormonizaci\u00f3n,<\/strong> es cada vez m\u00e1s importante que los equipos de salud est\u00e9n al tanto de las consideraciones de im\u00e1genes de mama para esta poblaci\u00f3n, importantes para la detecci\u00f3n temprana y para la garant\u00eda de atenciones integrales en el marco de una perspectiva de g\u00e9nero y diversidad&#8221; se indic\u00f3.<\/p>\n<p>&nbsp;<\/p>\n<p>En este sentido, la Dra. Sal\u00edas explic\u00f3 que \u201cen el mes de julio mandamos un trabajo de investigaci\u00f3n al Congreso espa\u00f1ol de mama y se nos notific\u00f3 que esta comunicaci\u00f3n m\u00e9dica fue seleccionada; y comenzamos a organizarlo\u201d.<\/p>\n<p>&nbsp;<\/p>\n<p><img data-recalc-dims=\"1\" loading=\"lazy\" decoding=\"async\" class=\"aligncenter wp-image-69000 size-full\" src=\"https:\/\/i0.wp.com\/cdnoticias.com\/wp-content\/uploads\/2022\/11\/Salud-Participacion-Congreso-Mama-3.jpg?resize=800%2C533&#038;ssl=1\" alt=\"\" width=\"800\" height=\"533\" srcset=\"https:\/\/i0.wp.com\/cdnoticias.com\/wp-content\/uploads\/2022\/11\/Salud-Participacion-Congreso-Mama-3.jpg?w=1772&amp;ssl=1 1772w, https:\/\/i0.wp.com\/cdnoticias.com\/wp-content\/uploads\/2022\/11\/Salud-Participacion-Congreso-Mama-3.jpg?resize=300%2C200&amp;ssl=1 300w, https:\/\/i0.wp.com\/cdnoticias.com\/wp-content\/uploads\/2022\/11\/Salud-Participacion-Congreso-Mama-3.jpg?resize=1024%2C682&amp;ssl=1 1024w, https:\/\/i0.wp.com\/cdnoticias.com\/wp-content\/uploads\/2022\/11\/Salud-Participacion-Congreso-Mama-3.jpg?resize=768%2C512&amp;ssl=1 768w, https:\/\/i0.wp.com\/cdnoticias.com\/wp-content\/uploads\/2022\/11\/Salud-Participacion-Congreso-Mama-3.jpg?resize=1536%2C1024&amp;ssl=1 1536w, https:\/\/i0.wp.com\/cdnoticias.com\/wp-content\/uploads\/2022\/11\/Salud-Participacion-Congreso-Mama-3.jpg?resize=272%2C182&amp;ssl=1 272w, https:\/\/i0.wp.com\/cdnoticias.com\/wp-content\/uploads\/2022\/11\/Salud-Participacion-Congreso-Mama-3.jpg?w=1600&amp;ssl=1 1600w\" sizes=\"auto, (max-width: 800px) 100vw, 800px\" \/><\/p>\n<p>&nbsp;<\/p>\n<p>Durante el congreso, la profesional destac\u00f3 que <strong>\u201cse presentaron trabajos de todo el mundo. La experiencia del Congreso fue incre\u00edble, porque Octubre rosa es importante a nivel mundial, es el mes de la concientizaci\u00f3n del c\u00e1ncer de mama en todos los pa\u00edses.<\/strong> Est\u00e1 muy bueno tener la oportunidad de conocer c\u00f3mo abordan la patolog\u00eda mamaria en otros lugares. Fue una experiencia muy buena. <strong>Nos dieron una devoluci\u00f3n muy buena de nuestro trabajo en el Programa. Les pareci\u00f3 s\u00faper importante lo que hacemos en Olavarr\u00eda\u201d.<\/strong><\/p>\n<p>&nbsp;<\/p>\n<p>Sal\u00edas dio detalles de lo trabajado en el marco del Congreso: \u201cUnos de los ejes del Congreso fue mama trans, que nosotros hace ya varios a\u00f1os que lo venimos trabajando con las personas trans que est\u00e1n con hormonoterapia. Se habl\u00f3 mucho de indicaciones, protocolos que est\u00e1n hace menos de un a\u00f1o. Lo crearon el American College Of Radiology que queda en EE.UU\u201d.<\/p>\n<p>&nbsp;<\/p>\n<p>La profesional resalt\u00f3 que \u201c<strong>en mi experiencia, Estados Unidos y Espa\u00f1a son los pa\u00edses que cuentan con mejor tecnolog\u00eda en lo que es mama<\/strong>; por lo cual si a ellos les sorprende y gusta nuestro trabajo, es porque estamos bien encaminados. Saber que estamos haciendo las cosas bien es muy importante\u201d.<\/p>\n<p>&nbsp;<\/p>\n<p>\u201cLos controles mamarios para personas con terapia de modificaci\u00f3n corporal hormonal son situaciones nuevas y demandan nuestra atenci\u00f3n: una patolog\u00eda tan medi\u00e1tica como la mamaria o las personas transg\u00e9nero, es cada vez m\u00e1s frecuente en nuestras consultas\u201d, concluy\u00f3 Sal\u00edas.<\/p>\n","protected":false},"excerpt":{"rendered":"<p>Referentes del Programa Municipal de Salud Sexual y Reproductiva participaron en el 40\u00ba Congreso de la Sociedad Espa\u00f1ola de Senolog\u00eda<\/p>\n","protected":false},"author":6,"featured_media":68999,"comment_status":"closed","ping_status":"closed","sticky":false,"template":"","format":"standard","meta":{"_jetpack_memberships_contains_paid_content":false,"footnotes":""},"categories":[3,1],"tags":[],"class_list":["post-68998","post","type-post","status-publish","format-standard","has-post-thumbnail","hentry","category-genero","category-portada"],"jetpack_featured_media_url":"https:\/\/i0.wp.com\/cdnoticias.com\/wp-content\/uploads\/2022\/11\/Salud-Participacion-Congreso-Mama-2.jpg?fit=1772%2C1181&ssl=1","jetpack_sharing_enabled":true,"_links":{"self":[{"href":"https:\/\/cdnoticias.com\/index.php\/wp-json\/wp\/v2\/posts\/68998","targetHints":{"allow":["GET"]}}],"collection":[{"href":"https:\/\/cdnoticias.com\/index.php\/wp-json\/wp\/v2\/posts"}],"about":[{"href":"https:\/\/cdnoticias.com\/index.php\/wp-json\/wp\/v2\/types\/post"}],"author":[{"embeddable":true,"href":"https:\/\/cdnoticias.com\/index.php\/wp-json\/wp\/v2\/users\/6"}],"replies":[{"embeddable":true,"href":"https:\/\/cdnoticias.com\/index.php\/wp-json\/wp\/v2\/comments?post=68998"}],"version-history":[{"count":0,"href":"https:\/\/cdnoticias.com\/index.php\/wp-json\/wp\/v2\/posts\/68998\/revisions"}],"wp:featuredmedia":[{"embeddable":true,"href":"https:\/\/cdnoticias.com\/index.php\/wp-json\/wp\/v2\/media\/68999"}],"wp:attachment":[{"href":"https:\/\/cdnoticias.com\/index.php\/wp-json\/wp\/v2\/media?parent=68998"}],"wp:term":[{"taxonomy":"category","embeddable":true,"href":"https:\/\/cdnoticias.com\/index.php\/wp-json\/wp\/v2\/categories?post=68998"},{"taxonomy":"post_tag","embeddable":true,"href":"https:\/\/cdnoticias.com\/index.php\/wp-json\/wp\/v2\/tags?post=68998"}],"curies":[{"name":"wp","href":"https:\/\/api.w.org\/{rel}","templated":true}]}}