{"id":68991,"date":"2022-11-03T18:00:49","date_gmt":"2022-11-03T21:00:49","guid":{"rendered":"https:\/\/www.centraldenoticias.com.ar\/?p=68991"},"modified":"2022-11-03T18:00:49","modified_gmt":"2022-11-03T21:00:49","slug":"comenzo-la-segunda-edicion-de-24-horas-de-innovacion-fio","status":"publish","type":"post","link":"https:\/\/cdnoticias.com\/index.php\/2022\/11\/03\/comenzo-la-segunda-edicion-de-24-horas-de-innovacion-fio\/","title":{"rendered":"Comenz\u00f3 la segunda edici\u00f3n de \u201c24 horas de innovaci\u00f3n FIO\u201d"},"content":{"rendered":"<p>Se desarrollar\u00e1 en dos jornadas de 12 horas cada una y el cierre del evento ser\u00e1 este viernes a las 18 horas. <!--more--><\/p>\n<hr \/>\n<p>Alrededor de un<strong> centenar de estudiantes escuelas secundarias<\/strong> del partido de Olavarr\u00eda se sumaron a la<strong> segunda edici\u00f3n 2022<\/strong> del certamen de innovaci\u00f3n juvenil <strong>\u201c24 horas de innovaci\u00f3n FIO\u201d<\/strong>.<\/p>\n<p>&nbsp;<\/p>\n<p>A lo largo de <strong>dos jornadas y divididos en grupos,<\/strong> estudiantes deber\u00e1n<strong> dise\u00f1ar alternativas para problemas sociales, productivos, medioambientales y educativos<\/strong>, entre otros.<\/p>\n<p>&nbsp;<\/p>\n<p>La iniciativa es organizada por el Centro de Desarrollo Emprendedor e Innovaci\u00f3n (CDEI) de la Facultad de Ingenier\u00eda, la secretar\u00eda de Desarrollo Econ\u00f3mico de la Municipalidad de Olavarr\u00eda, y la Fundaci\u00f3n Loma Negra. Esta edici\u00f3n, adem\u00e1s, alcanz\u00f3 una presentaci\u00f3n r\u00e9cord de desaf\u00edos: <strong>44 problem\u00e1ticas planteadas de 11 instituciones locales.<\/strong><\/p>\n<p>&nbsp;<\/p>\n<p><img data-recalc-dims=\"1\" loading=\"lazy\" decoding=\"async\" class=\"aligncenter wp-image-68993 size-full\" src=\"https:\/\/i0.wp.com\/cdnoticias.com\/wp-content\/uploads\/2022\/11\/cdei.jpg?resize=800%2C334&#038;ssl=1\" alt=\"\" width=\"800\" height=\"334\" srcset=\"https:\/\/i0.wp.com\/cdnoticias.com\/wp-content\/uploads\/2022\/11\/cdei.jpg?w=1000&amp;ssl=1 1000w, https:\/\/i0.wp.com\/cdnoticias.com\/wp-content\/uploads\/2022\/11\/cdei.jpg?resize=300%2C125&amp;ssl=1 300w, https:\/\/i0.wp.com\/cdnoticias.com\/wp-content\/uploads\/2022\/11\/cdei.jpg?resize=768%2C320&amp;ssl=1 768w\" sizes=\"auto, (max-width: 800px) 100vw, 800px\" \/><\/p>\n<p>&nbsp;<\/p>\n<p>Esta versi\u00f3n del evento,<strong> \u00fanico en su tipo en toda Latinoam\u00e9rica<\/strong>, se desarrollar\u00e1 en<strong> dos jornadas de 12 horas cada una.<\/strong> Las soluciones propuestas por los diferentes equipos contar\u00e1n con apoyo para su puesta en pr\u00e1ctica.<\/p>\n<p>&nbsp;<\/p>\n<p>En la apertura del certamen estuvieron presentes estudiantes y docentes de las 13 escuelas de gesti\u00f3n p\u00fablica y privada participantes, autoridades e integrantes de la comunidad universitaria de la FIO, del Municipio, Loma Negra, e inspecciones de educaci\u00f3n. Tambi\u00e9n asistieron referentes de las instituciones que presentaron desaf\u00edos a resolver, entre ellas, Coopelectric y Cementos Avellaneda.<\/p>\n<p>&nbsp;<\/p>\n<p>Le dieron la bienvenida a los\/as participantes la decana de la FIO, Ing. Mar\u00eda Peralta; el director del CDEI, Ing. Joaqu\u00edn Domato; la subsecretaria de Empresas e Inversiones, Emilia D\u00edaz; el Gerente de Proyectos en Loma Negra, Ing. Jorge Arroyo; el jefe de Educaci\u00f3n Distrital, Julio Ben\u00edtez; y Andrea Galleni, inspectora de escuelas secundarias de gesti\u00f3n privada. Destacaron el valor del encuentro presencial, el potencial juvenil y la Universidad P\u00fablica como espacio para la generaci\u00f3n de ideas y redes.<\/p>\n<p>&nbsp;<\/p>\n<p><img data-recalc-dims=\"1\" loading=\"lazy\" decoding=\"async\" class=\"aligncenter wp-image-68992 size-full\" src=\"https:\/\/i0.wp.com\/cdnoticias.com\/wp-content\/uploads\/2022\/11\/01-1.jpg?resize=800%2C362&#038;ssl=1\" alt=\"\" width=\"800\" height=\"362\" srcset=\"https:\/\/i0.wp.com\/cdnoticias.com\/wp-content\/uploads\/2022\/11\/01-1.jpg?w=1000&amp;ssl=1 1000w, https:\/\/i0.wp.com\/cdnoticias.com\/wp-content\/uploads\/2022\/11\/01-1.jpg?resize=300%2C136&amp;ssl=1 300w, https:\/\/i0.wp.com\/cdnoticias.com\/wp-content\/uploads\/2022\/11\/01-1.jpg?resize=768%2C348&amp;ssl=1 768w\" sizes=\"auto, (max-width: 800px) 100vw, 800px\" \/><\/p>\n<p>&nbsp;<\/p>\n<p>El <strong>cierre del evento y la premiaci\u00f3n<\/strong> de las soluciones m\u00e1s creativas e innovadoras est\u00e1 programado para este<strong> viernes 4 de noviembre a las 18.<\/strong><\/p>\n<p>&nbsp;<\/p>\n","protected":false},"excerpt":{"rendered":"<p>Se desarrollar\u00e1 en dos jornadas de 12 horas cada una y el cierre del evento ser\u00e1 este viernes a las<\/p>\n","protected":false},"author":6,"featured_media":68994,"comment_status":"closed","ping_status":"closed","sticky":false,"template":"","format":"standard","meta":{"_jetpack_memberships_contains_paid_content":false,"footnotes":""},"categories":[5,1],"tags":[],"class_list":["post-68991","post","type-post","status-publish","format-standard","has-post-thumbnail","hentry","category-informacion-general","category-portada"],"jetpack_featured_media_url":"https:\/\/i0.wp.com\/cdnoticias.com\/wp-content\/uploads\/2022\/11\/24_dest.jpg?fit=1000%2C396&ssl=1","jetpack_sharing_enabled":true,"_links":{"self":[{"href":"https:\/\/cdnoticias.com\/index.php\/wp-json\/wp\/v2\/posts\/68991","targetHints":{"allow":["GET"]}}],"collection":[{"href":"https:\/\/cdnoticias.com\/index.php\/wp-json\/wp\/v2\/posts"}],"about":[{"href":"https:\/\/cdnoticias.com\/index.php\/wp-json\/wp\/v2\/types\/post"}],"author":[{"embeddable":true,"href":"https:\/\/cdnoticias.com\/index.php\/wp-json\/wp\/v2\/users\/6"}],"replies":[{"embeddable":true,"href":"https:\/\/cdnoticias.com\/index.php\/wp-json\/wp\/v2\/comments?post=68991"}],"version-history":[{"count":0,"href":"https:\/\/cdnoticias.com\/index.php\/wp-json\/wp\/v2\/posts\/68991\/revisions"}],"wp:featuredmedia":[{"embeddable":true,"href":"https:\/\/cdnoticias.com\/index.php\/wp-json\/wp\/v2\/media\/68994"}],"wp:attachment":[{"href":"https:\/\/cdnoticias.com\/index.php\/wp-json\/wp\/v2\/media?parent=68991"}],"wp:term":[{"taxonomy":"category","embeddable":true,"href":"https:\/\/cdnoticias.com\/index.php\/wp-json\/wp\/v2\/categories?post=68991"},{"taxonomy":"post_tag","embeddable":true,"href":"https:\/\/cdnoticias.com\/index.php\/wp-json\/wp\/v2\/tags?post=68991"}],"curies":[{"name":"wp","href":"https:\/\/api.w.org\/{rel}","templated":true}]}}