{"id":68933,"date":"2022-11-04T13:02:02","date_gmt":"2022-11-04T16:02:02","guid":{"rendered":"https:\/\/www.centraldenoticias.com.ar\/?p=68933"},"modified":"2022-11-04T13:02:02","modified_gmt":"2022-11-04T16:02:02","slug":"es-una-propuesta-que-rompe-con-el-esquema-de-una-inauguracion-tradicional","status":"publish","type":"post","link":"https:\/\/cdnoticias.com\/index.php\/2022\/11\/04\/es-una-propuesta-que-rompe-con-el-esquema-de-una-inauguracion-tradicional\/","title":{"rendered":"&#8220;Es una propuesta que rompe con el esquema de una inauguraci\u00f3n tradicional&#8221;"},"content":{"rendered":"<p>As\u00ed lo remarc\u00f3 Agustina Marino, directora de Gesti\u00f3n Cultural del Municipio sobre la muestra &#8220;La m\u00e1quina de Mirar&#8221; que se inaugurar\u00e1 este s\u00e1bado 5 en el Centro Cultural San Jos\u00e9.<br \/>\n<!--more--><\/p>\n<hr \/>\n<p>La muestra de la fot\u00f3grafa\u00a0<strong>Andy Cherniavsky<\/strong> <em><strong>\u201cLa M\u00e1quina de Mirar\u201d, Fotograf\u00edas del Rock Argentino<\/strong> <\/em>llega al <strong>Centro Cultural San Jos\u00e9 este s\u00e1bado 5 de noviembre.\u00a0<\/strong><\/p>\n<p>&nbsp;<\/p>\n<p>Las fotograf\u00edas realizadas desde los <strong>a\u00f1os 80<\/strong> van desde<strong> Charly Garc\u00eda, Fito P\u00e1ez, Andr\u00e9s Calamaro, Babas\u00f3nicos, Fabiana Cantilo, Gustavo Cerati, Hilda Lizarazu, el Indio Solari y Sumo.\u00a0<\/strong><\/p>\n<p>&nbsp;<\/p>\n<p><em>Central de Noticias<\/em> dialog\u00f3 con <strong>Agustina Marino<\/strong>, directora de Gesti\u00f3n Cultural del Municipio, quien cont\u00f3 que &#8220;tenemos alrededor de 30 fotograf\u00edas, la muestra est\u00e1 integrada por una instalaci\u00f3n, una entrevista a Andy entre otras actividades. Es una muestra que <strong>recorre la historia del rock y la historia de Charly<\/strong> (ella fue su fot\u00f3grafa) con lo cual tiene fotograf\u00edas y material in\u00e9dito a lo largo de los a\u00f1os&#8221;.<\/p>\n<p>&nbsp;<\/p>\n<p>Adem\u00e1s, la fot\u00f3grafa public\u00f3 recientemente su \u00faltimo libro \u201c<em><strong>Acceso directo\u201d.\u00a0Memorias de una fot\u00f3grafa del rock argentino en los a\u00f1os 80&#8243;<\/strong><\/em> y se publicar\u00e1 su primera pel\u00edcula documental titulada <em><strong>&#8220;Expuesta&#8221;<\/strong><\/em> la cual contar\u00e1 sobre su carrera y est\u00e1 dirigida por Eduardo Raspo con m\u00fasica de Hilda Lizarazu. La misma podr\u00e1 verse desde diciembre.<\/p>\n<p>&nbsp;<\/p>\n<p><img data-recalc-dims=\"1\" loading=\"lazy\" decoding=\"async\" class=\"size-full wp-image-69054 aligncenter\" src=\"https:\/\/i0.wp.com\/cdnoticias.com\/wp-content\/uploads\/2022\/11\/muestra-andy-cherniavsky-00a.jpg?resize=800%2C445&#038;ssl=1\" alt=\"\" width=\"800\" height=\"445\" srcset=\"https:\/\/i0.wp.com\/cdnoticias.com\/wp-content\/uploads\/2022\/11\/muestra-andy-cherniavsky-00a.jpg?w=800&amp;ssl=1 800w, https:\/\/i0.wp.com\/cdnoticias.com\/wp-content\/uploads\/2022\/11\/muestra-andy-cherniavsky-00a.jpg?resize=300%2C167&amp;ssl=1 300w, https:\/\/i0.wp.com\/cdnoticias.com\/wp-content\/uploads\/2022\/11\/muestra-andy-cherniavsky-00a.jpg?resize=768%2C427&amp;ssl=1 768w\" sizes=\"auto, (max-width: 800px) 100vw, 800px\" \/><\/p>\n<p>&nbsp;<\/p>\n<p>Sobre las fotograf\u00edas, Marino explic\u00f3 que &#8220;<em><strong>muchas han integrado tapas de revistas de rock muy importantes. Tener los originales y contar con la presencia de ella nos pone muy felices y nos brinda una posibilidad enorme de poder aprender, as\u00ed como tambi\u00e9n de meternos en el mundo de la fotograf\u00eda de la mano de una especialista como es Andy&#8221;.\u00a0<\/strong><\/em><\/p>\n<p>&nbsp;<\/p>\n<blockquote><p>&#8220;Es una propuesta que rompe con el esquema de una inauguraci\u00f3n tradicional&#8221; remarc\u00f3 Marino. En detalles, se realizar\u00e1 un mapping sobre el frente del Centro Cultural San Jos\u00e9 la cual estar\u00e1 oscura solamente con el flyer de la muestra proyectado. Luego habr\u00e1 m\u00fasica con DJ en vivo y propuestas gastron\u00f3micas.<\/p><\/blockquote>\n<p>&nbsp;<\/p>\n<p>Adem\u00e1s &#8220;habr\u00e1 un montaje lineal con mucho texto que seleccion\u00f3 Andy, que tiene que ver con <strong>frases realizadas por distintos m\u00fasicos.<\/strong> <strong>Es una muestra que invita a la reflexi\u00f3n<\/strong> adem\u00e1s de disfrutar estas fotos de grandes m\u00fasicos de la Argentina&#8221; explic\u00f3 la directora de Gesti\u00f3n Cultural.<\/p>\n<p>&nbsp;<\/p>\n<p><strong>Andy Cherniavsky<\/strong> <strong>estar\u00e1 presente en la inauguraci\u00f3n<\/strong> que se realizar\u00e1 este<strong> s\u00e1bado 5 de noviembre a partir de las 20:00<\/strong> y tambi\u00e9n <strong>volver\u00e1 a la ciudad el s\u00e1bado 19 de noviembre<\/strong> acompa\u00f1ada por el periodista y m\u00fasico Dany Jim\u00e9nez,\u00a0Director Musical de Vorterix donde dar\u00e1n su charla <em><strong>&#8220;Recital en Fotos&#8221;.\u00a0<\/strong><\/em><\/p>\n<p>&nbsp;<\/p>\n<p>&#8220;Cherniavsky va a realizar un <strong>recorrido por sus fotos y va a ir contando cada una de ellas con lujos de detalles y an\u00e9cdotas<\/strong>. Es muy interesante y es un formato que ya aplic\u00f3 en otros lugares con much\u00edsimo \u00e9xito&#8221; cont\u00f3 Marino.<\/p>\n<p>&nbsp;<\/p>\n<p>Por \u00faltimo, Marino record\u00f3 que &#8220;<strong>es la primera vez que Andy viene a Olavarr\u00eda.<\/strong> Nosotros tuvimos a Nora Lezano hace unos a\u00f1os atr\u00e1s con una propuesta parecida, ellas han trabajado juntas much\u00edsimos a\u00f1os&#8221;.<\/p>\n<p>&nbsp;<\/p>\n<p>&nbsp;<\/p>\n","protected":false},"excerpt":{"rendered":"<p>As\u00ed lo remarc\u00f3 Agustina Marino, directora de Gesti\u00f3n Cultural del Municipio sobre la muestra &#8220;La m\u00e1quina de Mirar&#8221; que se<\/p>\n","protected":false},"author":6,"featured_media":69053,"comment_status":"closed","ping_status":"closed","sticky":false,"template":"","format":"standard","meta":{"_jetpack_memberships_contains_paid_content":false,"footnotes":""},"categories":[9,1],"tags":[],"class_list":["post-68933","post","type-post","status-publish","format-standard","has-post-thumbnail","hentry","category-cultura","category-portada"],"jetpack_featured_media_url":"https:\/\/i0.wp.com\/cdnoticias.com\/wp-content\/uploads\/2022\/11\/muestra-andy-cherniavsky-05.jpg?fit=800%2C445&ssl=1","jetpack_sharing_enabled":true,"_links":{"self":[{"href":"https:\/\/cdnoticias.com\/index.php\/wp-json\/wp\/v2\/posts\/68933","targetHints":{"allow":["GET"]}}],"collection":[{"href":"https:\/\/cdnoticias.com\/index.php\/wp-json\/wp\/v2\/posts"}],"about":[{"href":"https:\/\/cdnoticias.com\/index.php\/wp-json\/wp\/v2\/types\/post"}],"author":[{"embeddable":true,"href":"https:\/\/cdnoticias.com\/index.php\/wp-json\/wp\/v2\/users\/6"}],"replies":[{"embeddable":true,"href":"https:\/\/cdnoticias.com\/index.php\/wp-json\/wp\/v2\/comments?post=68933"}],"version-history":[{"count":0,"href":"https:\/\/cdnoticias.com\/index.php\/wp-json\/wp\/v2\/posts\/68933\/revisions"}],"wp:featuredmedia":[{"embeddable":true,"href":"https:\/\/cdnoticias.com\/index.php\/wp-json\/wp\/v2\/media\/69053"}],"wp:attachment":[{"href":"https:\/\/cdnoticias.com\/index.php\/wp-json\/wp\/v2\/media?parent=68933"}],"wp:term":[{"taxonomy":"category","embeddable":true,"href":"https:\/\/cdnoticias.com\/index.php\/wp-json\/wp\/v2\/categories?post=68933"},{"taxonomy":"post_tag","embeddable":true,"href":"https:\/\/cdnoticias.com\/index.php\/wp-json\/wp\/v2\/tags?post=68933"}],"curies":[{"name":"wp","href":"https:\/\/api.w.org\/{rel}","templated":true}]}}