{"id":68925,"date":"2022-11-03T17:30:05","date_gmt":"2022-11-03T20:30:05","guid":{"rendered":"https:\/\/www.centraldenoticias.com.ar\/?p=68925"},"modified":"2022-11-03T17:30:05","modified_gmt":"2022-11-03T20:30:05","slug":"se-viene-una-nueva-temporada-de-verano-dorado","status":"publish","type":"post","link":"https:\/\/cdnoticias.com\/index.php\/2022\/11\/03\/se-viene-una-nueva-temporada-de-verano-dorado\/","title":{"rendered":"Se viene una nueva temporada de Verano Dorado"},"content":{"rendered":"<p>Lo anunci\u00f3 el intendente Ezequiel Galli.\u00a0 La temporada comenzar\u00e1 el 19 de diciembre y se extender\u00e1 hasta el mes de febrero.<!--more--><\/p>\n<hr \/>\n<p>En la tarde de este mi\u00e9rcoles el <strong>intendente Ezequiel Galli anunci\u00f3 la realizaci\u00f3n de una nueva temporada de Verano Dorado<\/strong>: el programa municipal para <strong>personas adultas mayores<\/strong> que desde hace a\u00f1os ofrece todo tipo de propuestas recreativas y de pileta en la Base Bonino.<\/p>\n<p>&nbsp;<\/p>\n<p>La novedad fue comunicada en el marco de una <strong>nueva jornada de \u201cReencuentro\u201d,<\/strong> que en esta ocasi\u00f3n se desarroll\u00f3 en la sede de la Asociaci\u00f3n Mutual de Jubilados y Pensionados de Olavarr\u00eda, ubicada sobre 9 de Julio 3055. Se trata de una actividad impulsada desde la coordinaci\u00f3n de personas adultas mayores, dependiente de la Subsecretar\u00eda de Deportes y Recreaci\u00f3n Municipal.<\/p>\n<p>&nbsp;<\/p>\n<p><img data-recalc-dims=\"1\" loading=\"lazy\" decoding=\"async\" class=\"aligncenter wp-image-68929 size-full\" src=\"https:\/\/i0.wp.com\/cdnoticias.com\/wp-content\/uploads\/2022\/11\/Deportes-Anuncio-Verano-Dorado-3-scaled-1.jpg?resize=800%2C535&#038;ssl=1\" alt=\"\" width=\"800\" height=\"535\" srcset=\"https:\/\/i0.wp.com\/cdnoticias.com\/wp-content\/uploads\/2022\/11\/Deportes-Anuncio-Verano-Dorado-3-scaled-1.jpg?w=2560&amp;ssl=1 2560w, https:\/\/i0.wp.com\/cdnoticias.com\/wp-content\/uploads\/2022\/11\/Deportes-Anuncio-Verano-Dorado-3-scaled-1.jpg?resize=300%2C201&amp;ssl=1 300w, https:\/\/i0.wp.com\/cdnoticias.com\/wp-content\/uploads\/2022\/11\/Deportes-Anuncio-Verano-Dorado-3-scaled-1.jpg?resize=1024%2C684&amp;ssl=1 1024w, https:\/\/i0.wp.com\/cdnoticias.com\/wp-content\/uploads\/2022\/11\/Deportes-Anuncio-Verano-Dorado-3-scaled-1.jpg?resize=768%2C513&amp;ssl=1 768w, https:\/\/i0.wp.com\/cdnoticias.com\/wp-content\/uploads\/2022\/11\/Deportes-Anuncio-Verano-Dorado-3-scaled-1.jpg?resize=1536%2C1027&amp;ssl=1 1536w, https:\/\/i0.wp.com\/cdnoticias.com\/wp-content\/uploads\/2022\/11\/Deportes-Anuncio-Verano-Dorado-3-scaled-1.jpg?resize=2048%2C1369&amp;ssl=1 2048w, https:\/\/i0.wp.com\/cdnoticias.com\/wp-content\/uploads\/2022\/11\/Deportes-Anuncio-Verano-Dorado-3-scaled-1.jpg?resize=272%2C182&amp;ssl=1 272w, https:\/\/i0.wp.com\/cdnoticias.com\/wp-content\/uploads\/2022\/11\/Deportes-Anuncio-Verano-Dorado-3-scaled-1.jpg?w=1600&amp;ssl=1 1600w, https:\/\/i0.wp.com\/cdnoticias.com\/wp-content\/uploads\/2022\/11\/Deportes-Anuncio-Verano-Dorado-3-scaled-1.jpg?w=2400&amp;ssl=1 2400w\" sizes=\"auto, (max-width: 800px) 100vw, 800px\" \/><\/p>\n<p>&nbsp;<\/p>\n<p>El Intendente comparti\u00f3 las actividades de la tarde, acompa\u00f1ado por el secretario de Desarrollo Humano y Calidad de Vida Diego Robbiani, el subsecretario de Deportes Juan Agust\u00edn Galli, el coordinador del \u00e1rea de personas adultas mayores Rub\u00e9n Mussoto, junto a las profesoras del staff Laura Lamperti y Laura Rodr\u00edguez.<\/p>\n<p>&nbsp;<\/p>\n<p>Se indic\u00f3 que<strong> la temporada comenzar\u00e1 el 19 de diciembre y se extender\u00e1 hasta el mes de febrero<\/strong>. En las pr\u00f3ximas semanas habr\u00e1 novedades al respecto de la inscripci\u00f3n.<\/p>\n<p>&nbsp;<\/p>\n<p><img data-recalc-dims=\"1\" loading=\"lazy\" decoding=\"async\" class=\"aligncenter wp-image-68930 size-full\" src=\"https:\/\/i0.wp.com\/cdnoticias.com\/wp-content\/uploads\/2022\/11\/Deportes-Anuncio-Verano-Dorado-4-scaled-1.jpg?resize=800%2C535&#038;ssl=1\" alt=\"\" width=\"800\" height=\"535\" srcset=\"https:\/\/i0.wp.com\/cdnoticias.com\/wp-content\/uploads\/2022\/11\/Deportes-Anuncio-Verano-Dorado-4-scaled-1.jpg?w=2560&amp;ssl=1 2560w, https:\/\/i0.wp.com\/cdnoticias.com\/wp-content\/uploads\/2022\/11\/Deportes-Anuncio-Verano-Dorado-4-scaled-1.jpg?resize=300%2C201&amp;ssl=1 300w, https:\/\/i0.wp.com\/cdnoticias.com\/wp-content\/uploads\/2022\/11\/Deportes-Anuncio-Verano-Dorado-4-scaled-1.jpg?resize=1024%2C684&amp;ssl=1 1024w, https:\/\/i0.wp.com\/cdnoticias.com\/wp-content\/uploads\/2022\/11\/Deportes-Anuncio-Verano-Dorado-4-scaled-1.jpg?resize=768%2C513&amp;ssl=1 768w, https:\/\/i0.wp.com\/cdnoticias.com\/wp-content\/uploads\/2022\/11\/Deportes-Anuncio-Verano-Dorado-4-scaled-1.jpg?resize=1536%2C1027&amp;ssl=1 1536w, https:\/\/i0.wp.com\/cdnoticias.com\/wp-content\/uploads\/2022\/11\/Deportes-Anuncio-Verano-Dorado-4-scaled-1.jpg?resize=2048%2C1369&amp;ssl=1 2048w, https:\/\/i0.wp.com\/cdnoticias.com\/wp-content\/uploads\/2022\/11\/Deportes-Anuncio-Verano-Dorado-4-scaled-1.jpg?resize=272%2C182&amp;ssl=1 272w, https:\/\/i0.wp.com\/cdnoticias.com\/wp-content\/uploads\/2022\/11\/Deportes-Anuncio-Verano-Dorado-4-scaled-1.jpg?w=1600&amp;ssl=1 1600w, https:\/\/i0.wp.com\/cdnoticias.com\/wp-content\/uploads\/2022\/11\/Deportes-Anuncio-Verano-Dorado-4-scaled-1.jpg?w=2400&amp;ssl=1 2400w\" sizes=\"auto, (max-width: 800px) 100vw, 800px\" \/><\/p>\n<p>&nbsp;<\/p>\n<p>&nbsp;<\/p>\n<p>&nbsp;<\/p>\n<p>&nbsp;<\/p>\n","protected":false},"excerpt":{"rendered":"<p>Lo anunci\u00f3 el intendente Ezequiel Galli.\u00a0 La temporada comenzar\u00e1 el 19 de diciembre y se extender\u00e1 hasta el mes de<\/p>\n","protected":false},"author":6,"featured_media":68926,"comment_status":"closed","ping_status":"closed","sticky":false,"template":"","format":"standard","meta":{"_jetpack_memberships_contains_paid_content":false,"footnotes":""},"categories":[5,1],"tags":[],"class_list":["post-68925","post","type-post","status-publish","format-standard","has-post-thumbnail","hentry","category-informacion-general","category-portada"],"jetpack_featured_media_url":"https:\/\/i0.wp.com\/cdnoticias.com\/wp-content\/uploads\/2022\/11\/Deportes-Anuncio-Verano-Dorado-2-scaled-1.jpg?fit=2560%2C1711&ssl=1","jetpack_sharing_enabled":true,"_links":{"self":[{"href":"https:\/\/cdnoticias.com\/index.php\/wp-json\/wp\/v2\/posts\/68925","targetHints":{"allow":["GET"]}}],"collection":[{"href":"https:\/\/cdnoticias.com\/index.php\/wp-json\/wp\/v2\/posts"}],"about":[{"href":"https:\/\/cdnoticias.com\/index.php\/wp-json\/wp\/v2\/types\/post"}],"author":[{"embeddable":true,"href":"https:\/\/cdnoticias.com\/index.php\/wp-json\/wp\/v2\/users\/6"}],"replies":[{"embeddable":true,"href":"https:\/\/cdnoticias.com\/index.php\/wp-json\/wp\/v2\/comments?post=68925"}],"version-history":[{"count":0,"href":"https:\/\/cdnoticias.com\/index.php\/wp-json\/wp\/v2\/posts\/68925\/revisions"}],"wp:featuredmedia":[{"embeddable":true,"href":"https:\/\/cdnoticias.com\/index.php\/wp-json\/wp\/v2\/media\/68926"}],"wp:attachment":[{"href":"https:\/\/cdnoticias.com\/index.php\/wp-json\/wp\/v2\/media?parent=68925"}],"wp:term":[{"taxonomy":"category","embeddable":true,"href":"https:\/\/cdnoticias.com\/index.php\/wp-json\/wp\/v2\/categories?post=68925"},{"taxonomy":"post_tag","embeddable":true,"href":"https:\/\/cdnoticias.com\/index.php\/wp-json\/wp\/v2\/tags?post=68925"}],"curies":[{"name":"wp","href":"https:\/\/api.w.org\/{rel}","templated":true}]}}