{"id":68898,"date":"2022-11-02T16:43:37","date_gmt":"2022-11-02T19:43:37","guid":{"rendered":"https:\/\/www.centraldenoticias.com.ar\/?p=68898"},"modified":"2022-11-03T07:49:13","modified_gmt":"2022-11-03T10:49:13","slug":"polo-judicial-la-obra-a-punto-de-reactivarse-con-un-presupuesto-de-700-millones-de-pesos","status":"publish","type":"post","link":"https:\/\/cdnoticias.com\/index.php\/2022\/11\/02\/polo-judicial-la-obra-a-punto-de-reactivarse-con-un-presupuesto-de-700-millones-de-pesos\/","title":{"rendered":"Polo Judicial: la obra a punto de reactivarse con un presupuesto de 700 millones de pesos"},"content":{"rendered":"<p>La partida est\u00e1 incluida en el Presupuesto 2023. En su \u00faltima visita, Kicillof hab\u00eda confirmado que se destrab\u00f3 la paralizaci\u00f3n de los trabajos por una causa judicial por \u201csobreprecios\u201d contra la gesti\u00f3n Vidal. <!--more--><\/p>\n<hr \/>\n<p>Tras a\u00f1os de paralizaci\u00f3n, una causa judicial y mucha incertidumbre en torno al \u201celefante blanco\u201d en el microcentro de la ciudad,<strong> la obra del Polo Judicial tendr\u00eda todo listo para reactivarse tras conocerse que el Presupuesto 2023 de la gesti\u00f3n Kicillof tendr\u00e1 700 millones de pesos incluidos para realizar los trabajos.<\/strong><\/p>\n<p>&nbsp;<\/p>\n<blockquote><p>Hasta su paralizaci\u00f3n, la obra tuvo un 40% de ejecuci\u00f3n y qued\u00f3 abandonada. En reiteradas oportunidades, instituciones como el Colegio de Ingenieros alert\u00f3 los posibles \u201ccostos\u201d de la paralizaci\u00f3n e incluso, posibles derrumbes por falta de mantenimiento.<\/p><\/blockquote>\n<p>&nbsp;<\/p>\n<p>De esta forma, y luego de que Kicillof admita que \u201cestaba todo dado\u201d para que se reactiven los trabajos luego de un acuerdo con la Justicia por una causa por sobreprecios que data de la gesti\u00f3n Vidal, <strong><a href=\"https:\/\/infocielo.com\/olavarria\/polo-judicial-olavarria-el-gigante-hormigon-que-abandono-vidal-cerca-reactivarse-n749656\" target=\"_blank\" rel=\"noopener\">el portal Infocielo dio a conocer<\/a> que el Presupuesto 2023 bonaerense incluir\u00e1 700 millones de pesos y ser\u00e1 la obra principal que el gobierno provincial destinar\u00e1 a Olavarr\u00eda.<\/strong><\/p>\n<p>&nbsp;<\/p>\n<blockquote><p>Es m\u00e1s: para entender la magnitud de la obra del Polo Judicial, la inversi\u00f3n en obras para 2023 de Provincia hacia Olavarr\u00eda ser\u00e1 de 865.338.684 millones de pesos.<\/p><\/blockquote>\n<p>&nbsp;<\/p>\n<p>La obra original tuvo un primer paso con la decisi\u00f3n del ex intendente Jos\u00e9 Eseverri de ceder el Corral\u00f3n Municipal a la Provincia para construir el edificio judicial, y la decisi\u00f3n de la gesti\u00f3n Vidal de llevarlo adelante, ya con Ezequiel Galli como jefe comunal local. <strong>En ese momento, ten\u00eda un presupuesto original de 425 millones de pesos y un plazo de ejecuci\u00f3n de 700 d\u00edas.<\/strong><\/p>\n<p>&nbsp;<\/p>\n<p>La empresa que fue la ganadora de la licitaci\u00f3n fue <strong>Bricons SAICFI<\/strong>, una firma beneficiada con la obra p\u00fablica en Capital Federal y se\u00f1alada como una de las empresas aportantes en la campa\u00f1a presidencial de Mauricio Macri, avanz\u00f3 con la construcci\u00f3n durante dos a\u00f1os.<\/p>\n<p>&nbsp;<\/p>\n<p><strong>En 2019, por un pedido de actualizaci\u00f3n de precios, se paralizaron los trabajos.<\/strong> En paralelo, se realiz\u00f3 una denuncia por presuntos sobreprecios e irregularidades en las certificaciones de obra. El avance por parte de la Justicia hizo que los trabajos se frenen hasta tanto tener certezas de qu\u00e9 fue lo que sucedi\u00f3.<\/p>\n<p>&nbsp;<\/p>\n<p><strong>Kicillof, <a href=\"https:\/\/cdnoticias.com\/index.php\/2022\/10\/27\/kicillof-en-conferencia-el-polo-judicial-las-paso-el-fim-y-la-candidatura-de-wesner\/\" target=\"_blank\" rel=\"noopener\">en su \u00faltima visita a Olavarr\u00eda d\u00edas atr\u00e1s<\/a>, se\u00f1al\u00f3 que hubo un acuerdo con la Justicia y el Ministerio que encabeza Julio Alak que permiti\u00f3 \u201cgenerar las condiciones\u201d para la reactivaci\u00f3n.<\/strong> Incluso mencion\u00f3 otros casos (como el del distrito de Dolores) pero que<strong> Olavarr\u00eda ser\u00eda \u201cnuestra m\u00e1xima prioridad\u201d.<\/strong> Justamente lo que restaba era que se reajuste el Presupuesto para la obra, algo que se ratificar\u00e1 con la posible aprobaci\u00f3n de la partida general prevista por el gobierno bonaerense para el a\u00f1o pr\u00f3ximo.<\/p>\n<p>&nbsp;<\/p>\n<p>El \u00faltimo dato que dio a conocer el portal Infocielo es que <strong>extraoficialmente solo falta la aprobaci\u00f3n del Presupuesto, dado que los trabajos quedar\u00edan a cargo de la misma empresa y significar\u00edan un ahorro de tiempo importante, dado que se evitar\u00eda el proceso de rescisi\u00f3n y llamado a una nueva licitaci\u00f3n.<\/strong><\/p>\n<p>&nbsp;<\/p>\n<p><em><a href=\"https:\/\/infocielo.com\/olavarria\/polo-judicial-olavarria-el-gigante-hormigon-que-abandono-vidal-cerca-reactivarse-n749656\" target=\"_blank\" rel=\"noopener\">Con informaci\u00f3n de Infocielo<\/a><\/em><\/p>\n","protected":false},"excerpt":{"rendered":"<p>La partida est\u00e1 incluida en el Presupuesto 2023. En su \u00faltima visita, Kicillof hab\u00eda confirmado que se destrab\u00f3 la paralizaci\u00f3n<\/p>\n","protected":false},"author":2,"featured_media":6011,"comment_status":"closed","ping_status":"closed","sticky":false,"template":"","format":"standard","meta":{"_jetpack_memberships_contains_paid_content":false,"footnotes":""},"categories":[5,1],"tags":[],"class_list":["post-68898","post","type-post","status-publish","format-standard","has-post-thumbnail","hentry","category-informacion-general","category-portada"],"jetpack_featured_media_url":"https:\/\/i0.wp.com\/cdnoticias.com\/wp-content\/uploads\/2020\/11\/PoloJudicial02.jpg?fit=1280%2C960&ssl=1","jetpack_sharing_enabled":true,"_links":{"self":[{"href":"https:\/\/cdnoticias.com\/index.php\/wp-json\/wp\/v2\/posts\/68898","targetHints":{"allow":["GET"]}}],"collection":[{"href":"https:\/\/cdnoticias.com\/index.php\/wp-json\/wp\/v2\/posts"}],"about":[{"href":"https:\/\/cdnoticias.com\/index.php\/wp-json\/wp\/v2\/types\/post"}],"author":[{"embeddable":true,"href":"https:\/\/cdnoticias.com\/index.php\/wp-json\/wp\/v2\/users\/2"}],"replies":[{"embeddable":true,"href":"https:\/\/cdnoticias.com\/index.php\/wp-json\/wp\/v2\/comments?post=68898"}],"version-history":[{"count":0,"href":"https:\/\/cdnoticias.com\/index.php\/wp-json\/wp\/v2\/posts\/68898\/revisions"}],"wp:featuredmedia":[{"embeddable":true,"href":"https:\/\/cdnoticias.com\/index.php\/wp-json\/wp\/v2\/media\/6011"}],"wp:attachment":[{"href":"https:\/\/cdnoticias.com\/index.php\/wp-json\/wp\/v2\/media?parent=68898"}],"wp:term":[{"taxonomy":"category","embeddable":true,"href":"https:\/\/cdnoticias.com\/index.php\/wp-json\/wp\/v2\/categories?post=68898"},{"taxonomy":"post_tag","embeddable":true,"href":"https:\/\/cdnoticias.com\/index.php\/wp-json\/wp\/v2\/tags?post=68898"}],"curies":[{"name":"wp","href":"https:\/\/api.w.org\/{rel}","templated":true}]}}