{"id":6885,"date":"2020-11-18T20:55:29","date_gmt":"2020-11-18T23:55:29","guid":{"rendered":"http:\/\/www.centraldenoticias.com.ar\/?p=6885"},"modified":"2020-11-19T09:41:23","modified_gmt":"2020-11-19T12:41:23","slug":"aborto-legal-2020-es-urgente-dijeron-los-feminismos-en-la-calle","status":"publish","type":"post","link":"https:\/\/cdnoticias.com\/index.php\/2020\/11\/18\/aborto-legal-2020-es-urgente-dijeron-los-feminismos-en-la-calle\/","title":{"rendered":"Aborto Legal 2020: \u201cEs urgente\u201d dijeron los feminismos en la calle"},"content":{"rendered":"<p>&nbsp;<\/p>\n<p>Este mi\u00e9rcoles se concret\u00f3 una jornada federal para reclamar por la aprobaci\u00f3n del proyecto de Interrupci\u00f3n Voluntaria del Embarazo. En Olavarr\u00eda, en medio de c\u00e1nticos y glitter, militantes feministas hablaron con <strong>Central de Noticias<\/strong> sobre el contexto actual. \u00a0\u00a0<!--more--><\/p>\n<hr \/>\n<p><strong>Con barbijos pero en las calles.<\/strong> Una vez m\u00e1s, la ola verde, la revoluci\u00f3n de las hijas, la militancia hist\u00f3rica de las organizaciones, sali\u00f3 a luchar para que el aborto sea legal en nuestro pa\u00eds.<\/p>\n<p>&nbsp;<\/p>\n<p><a href=\"https:\/\/cdnoticias.com\/index.php\/2020\/11\/18\/esahora-el-grito-por-el-aborto-legal-se-siente-en-nuestra-ciudad\/\" target=\"_blank\" rel=\"noopener\">Olavarr\u00eda se pleg\u00f3 a la<strong> jornada federal<\/strong><\/a> que se concret\u00f3 en numerosas ciudades del pa\u00eds. El testimonio de militantes feministas de nuestra ciudad.<\/p>\n<p>&nbsp;<\/p>\n<p><strong>Yessica Almeida integrante del Plenario de Trabajadoras<\/strong> se\u00f1al\u00f3 que el env\u00edo del proyecto de Interrupci\u00f3n Legal del Embarazo al Congreso <em>\u201ces una conquista de la ola verde\u201d<\/em> y asegur\u00f3 que<em> \u201cno guardamos ninguna confianza en ning\u00fan gobierno porque tambi\u00e9n sabemos que fueron sus senadores los que votaron en contra y los que definieron que no saliera la ley en 2018,<strong> tenemos memoria y no nos olvidamos de estas cuestiones<\/strong>\u201d.<\/em><\/p>\n<p>&nbsp;<\/p>\n<p><img data-recalc-dims=\"1\" loading=\"lazy\" decoding=\"async\" class=\"alignnone size-large wp-image-6896\" src=\"https:\/\/i0.wp.com\/cdnoticias.com\/wp-content\/uploads\/2020\/11\/yessicaalmeida.jpg?resize=800%2C534&#038;ssl=1\" alt=\"\" width=\"800\" height=\"534\" srcset=\"https:\/\/i0.wp.com\/cdnoticias.com\/wp-content\/uploads\/2020\/11\/yessicaalmeida.jpg?resize=1024%2C683&amp;ssl=1 1024w, https:\/\/i0.wp.com\/cdnoticias.com\/wp-content\/uploads\/2020\/11\/yessicaalmeida.jpg?resize=300%2C200&amp;ssl=1 300w, https:\/\/i0.wp.com\/cdnoticias.com\/wp-content\/uploads\/2020\/11\/yessicaalmeida.jpg?resize=768%2C512&amp;ssl=1 768w, https:\/\/i0.wp.com\/cdnoticias.com\/wp-content\/uploads\/2020\/11\/yessicaalmeida.jpg?resize=272%2C182&amp;ssl=1 272w, https:\/\/i0.wp.com\/cdnoticias.com\/wp-content\/uploads\/2020\/11\/yessicaalmeida.jpg?w=1600&amp;ssl=1 1600w, https:\/\/i0.wp.com\/cdnoticias.com\/wp-content\/uploads\/2020\/11\/yessicaalmeida.jpg?w=2400&amp;ssl=1 2400w\" sizes=\"auto, (max-width: 800px) 100vw, 800px\" \/><\/p>\n<p>&nbsp;<\/p>\n<p>Almeida conf\u00eda en que al instalar nuevamente la <em>\u201cola verde\u201d<\/em> en las calles <em>\u201cfinalmente logremos aprobar el proyecto tanto en Diputados como en el Senado\u201d<\/em> y record\u00f3 la <strong>votaci\u00f3n de 2018 en Diputados<\/strong> cuando <em>\u201c<strong>lo que logr\u00f3 dar vuelta esos dos votos que necesit\u00e1bamos fue la movilizaci\u00f3n<\/strong> que se mantuvo toda la madrugada en la calle, hasta las 10 de la ma\u00f1ana del otro d\u00eda, haciendo presi\u00f3n para que la ley saliera, que tuviera esa media sanci\u00f3n\u201d.<\/em><\/p>\n<p>&nbsp;<\/p>\n<p>La discusi\u00f3n del proyecto significa para la militante feminista, volver a <em>\u201cestar en la agenda pol\u00edtica del debate que durante 9 meses trataron de cajonear, invisibilizar, decir que no era el momento, que no estaban dadas las condiciones, cosa que <strong>la pandemia puso mucho m\u00e1s en evidencia todas las violencias que padecemos las mujeres y personas de las disidencias sexuales<\/strong>\u201d.<\/em><\/p>\n<p>&nbsp;<\/p>\n<p><img data-recalc-dims=\"1\" loading=\"lazy\" decoding=\"async\" class=\"alignnone size-large wp-image-6889\" src=\"https:\/\/i0.wp.com\/cdnoticias.com\/wp-content\/uploads\/2020\/11\/aborto03.jpg?resize=800%2C600&#038;ssl=1\" alt=\"\" width=\"800\" height=\"600\" srcset=\"https:\/\/i0.wp.com\/cdnoticias.com\/wp-content\/uploads\/2020\/11\/aborto03.jpg?resize=1024%2C768&amp;ssl=1 1024w, https:\/\/i0.wp.com\/cdnoticias.com\/wp-content\/uploads\/2020\/11\/aborto03.jpg?resize=300%2C225&amp;ssl=1 300w, https:\/\/i0.wp.com\/cdnoticias.com\/wp-content\/uploads\/2020\/11\/aborto03.jpg?resize=768%2C576&amp;ssl=1 768w, https:\/\/i0.wp.com\/cdnoticias.com\/wp-content\/uploads\/2020\/11\/aborto03.jpg?w=1600&amp;ssl=1 1600w, https:\/\/i0.wp.com\/cdnoticias.com\/wp-content\/uploads\/2020\/11\/aborto03.jpg?w=2400&amp;ssl=1 2400w\" sizes=\"auto, (max-width: 800px) 100vw, 800px\" \/><\/p>\n<p>&nbsp;<\/p>\n<p><strong>Eugenia del Campo, integrante de la Red Socorristas Olavarr\u00eda<\/strong>, afirm\u00f3 que <em>\u201csab\u00edamos que el proyecto de la Campa\u00f1a ya presentado el a\u00f1o pasado no se iba a tratar hasta que el Presidente no presentara su proyecto, Massa nos lo dijo en la reuni\u00f3n, por eso <strong>est\u00e1bamos esperando esa presentaci\u00f3n<\/strong>\u201d.<\/em><\/p>\n<p>&nbsp;<\/p>\n<p>Respecto a la letra del documento indic\u00f3 que<em> \u201clamentablemente sigue siendo punible el aborto para aquellas mujeres que aborten despu\u00e9s de la semana 14, lo bueno es que se redujeron las penas, pero hay penas\u201d<\/em> y por otro lado<strong><em> \u201cse trajo nuevamente la objeci\u00f3n de conciencia\u201d.<\/em><\/strong><\/p>\n<p>&nbsp;<\/p>\n<p><img data-recalc-dims=\"1\" loading=\"lazy\" decoding=\"async\" class=\"alignnone size-large wp-image-6895\" src=\"https:\/\/i0.wp.com\/cdnoticias.com\/wp-content\/uploads\/2020\/11\/delcampo.jpg?resize=800%2C534&#038;ssl=1\" alt=\"\" width=\"800\" height=\"534\" srcset=\"https:\/\/i0.wp.com\/cdnoticias.com\/wp-content\/uploads\/2020\/11\/delcampo.jpg?resize=1024%2C683&amp;ssl=1 1024w, https:\/\/i0.wp.com\/cdnoticias.com\/wp-content\/uploads\/2020\/11\/delcampo.jpg?resize=300%2C200&amp;ssl=1 300w, https:\/\/i0.wp.com\/cdnoticias.com\/wp-content\/uploads\/2020\/11\/delcampo.jpg?resize=768%2C512&amp;ssl=1 768w, https:\/\/i0.wp.com\/cdnoticias.com\/wp-content\/uploads\/2020\/11\/delcampo.jpg?resize=272%2C182&amp;ssl=1 272w, https:\/\/i0.wp.com\/cdnoticias.com\/wp-content\/uploads\/2020\/11\/delcampo.jpg?w=1600&amp;ssl=1 1600w, https:\/\/i0.wp.com\/cdnoticias.com\/wp-content\/uploads\/2020\/11\/delcampo.jpg?w=2400&amp;ssl=1 2400w\" sizes=\"auto, (max-width: 800px) 100vw, 800px\" \/><\/p>\n<p>&nbsp;<\/p>\n<p>En ese sentido indic\u00f3 que <em>\u201cen lugares grandes no hay problemas, porque las mujeres pueden ir de un hospital a otro, pero<strong> hay lugares donde todo un servicio se declara objetor<\/strong> -de hecho nos sucede con las ILE- y las personas tienen que hacer peregrinajes horribles.<strong> Entonces quiere ser garantista pero no es garantista<\/strong>\u201d.<\/em><\/p>\n<p>&nbsp;<\/p>\n<p>Reconoci\u00f3 que<em> \u201ces un proyecto del Ejecutivo, no es un proyecto feminista, entonces es l\u00f3gico que as\u00ed sea. Ac\u00e1 lo que esperamos con much\u00edsimas ansias es <strong>que de este debate salga el mejor proyecto posible<\/strong>, aquel que contemple plenamente los derechos de las mujeres y las personas con capacidad de gestar y abortar\u201d.<\/em><\/p>\n<p>&nbsp;<\/p>\n<p>Para del Campo, generar nuevas conciencias respecto a derechos<em> \u201clo hace el activismo, eso lo hace la educaci\u00f3n, eso s\u00ed lo va a hacer la ESI en su momento, eso s\u00ed lo va a hacer el compromiso de cada uno de nosotras, pero lo trasciende, <strong>esto es realmente una responsabilidad de todes<\/strong>\u201d.<\/em><\/p>\n<p>&nbsp;<\/p>\n<p><img data-recalc-dims=\"1\" loading=\"lazy\" decoding=\"async\" class=\"alignnone size-large wp-image-6894\" src=\"https:\/\/i0.wp.com\/cdnoticias.com\/wp-content\/uploads\/2020\/11\/caro-fernandez.jpg?resize=800%2C671&#038;ssl=1\" alt=\"\" width=\"800\" height=\"671\" srcset=\"https:\/\/i0.wp.com\/cdnoticias.com\/wp-content\/uploads\/2020\/11\/caro-fernandez.jpg?resize=1024%2C859&amp;ssl=1 1024w, https:\/\/i0.wp.com\/cdnoticias.com\/wp-content\/uploads\/2020\/11\/caro-fernandez.jpg?resize=300%2C252&amp;ssl=1 300w, https:\/\/i0.wp.com\/cdnoticias.com\/wp-content\/uploads\/2020\/11\/caro-fernandez.jpg?resize=768%2C644&amp;ssl=1 768w, https:\/\/i0.wp.com\/cdnoticias.com\/wp-content\/uploads\/2020\/11\/caro-fernandez.jpg?w=1600&amp;ssl=1 1600w, https:\/\/i0.wp.com\/cdnoticias.com\/wp-content\/uploads\/2020\/11\/caro-fernandez.jpg?w=2400&amp;ssl=1 2400w\" sizes=\"auto, (max-width: 800px) 100vw, 800px\" \/><\/p>\n<p>&nbsp;<\/p>\n<p><strong>Florencia Caro, militante feminista<\/strong> resalt\u00f3 que el hecho de <strong><em>\u201cponer el tema en agenda\u201d<\/em><\/strong> es un logro de los feminismos desde hace mucho tiempo y consider\u00f3 que <em>\u201cla movilizaci\u00f3n del a\u00f1o pasado indudablemente cambi\u00f3 las cosas e instal\u00f3 este tema como un tema urgente del que ya no se pod\u00eda mirar para otro lado\u201d.<\/em><\/p>\n<p>&nbsp;<\/p>\n<blockquote><p>Hay que seguir luchando para que esto se transforme en ley y una vez que eso suceda, seguir en la calle para que se implemente como corresponde.<\/p><\/blockquote>\n<p>&nbsp;<\/p>\n<p>Adem\u00e1s, la militante afirm\u00f3 que <strong><em>\u201cme parece s\u00faper interesante que venga acompa\u00f1ado del otro proyecto de los Mil D\u00edas\u201d<\/em> <\/strong>y se\u00f1al\u00f3 que<em> \u201cel punto de <strong>objeci\u00f3n de conciencia<\/strong> es algo que todav\u00eda falta elaborar y hay que estar atentas luego, en lo concreto, que eso no se transforme en un obst\u00e1culo cuando una mujer o persona gestante desee interrumpir su embarazo.<strong> Hay que estar atentas<\/strong>\u201d.<\/em><\/p>\n<p>&nbsp;<\/p>\n<p><img data-recalc-dims=\"1\" loading=\"lazy\" decoding=\"async\" class=\"alignnone size-large wp-image-6887\" src=\"https:\/\/i0.wp.com\/cdnoticias.com\/wp-content\/uploads\/2020\/11\/aborto01.jpg?resize=800%2C534&#038;ssl=1\" alt=\"\" width=\"800\" height=\"534\" srcset=\"https:\/\/i0.wp.com\/cdnoticias.com\/wp-content\/uploads\/2020\/11\/aborto01.jpg?resize=1024%2C683&amp;ssl=1 1024w, https:\/\/i0.wp.com\/cdnoticias.com\/wp-content\/uploads\/2020\/11\/aborto01.jpg?resize=300%2C200&amp;ssl=1 300w, https:\/\/i0.wp.com\/cdnoticias.com\/wp-content\/uploads\/2020\/11\/aborto01.jpg?resize=768%2C512&amp;ssl=1 768w, https:\/\/i0.wp.com\/cdnoticias.com\/wp-content\/uploads\/2020\/11\/aborto01.jpg?resize=272%2C182&amp;ssl=1 272w, https:\/\/i0.wp.com\/cdnoticias.com\/wp-content\/uploads\/2020\/11\/aborto01.jpg?w=1600&amp;ssl=1 1600w, https:\/\/i0.wp.com\/cdnoticias.com\/wp-content\/uploads\/2020\/11\/aborto01.jpg?w=2400&amp;ssl=1 2400w\" sizes=\"auto, (max-width: 800px) 100vw, 800px\" \/><\/p>\n<p>&nbsp;<\/p>\n<p><img data-recalc-dims=\"1\" loading=\"lazy\" decoding=\"async\" class=\"alignnone size-large wp-image-6888\" src=\"https:\/\/i0.wp.com\/cdnoticias.com\/wp-content\/uploads\/2020\/11\/aborto02.jpg?resize=800%2C534&#038;ssl=1\" alt=\"\" width=\"800\" height=\"534\" srcset=\"https:\/\/i0.wp.com\/cdnoticias.com\/wp-content\/uploads\/2020\/11\/aborto02.jpg?resize=1024%2C683&amp;ssl=1 1024w, https:\/\/i0.wp.com\/cdnoticias.com\/wp-content\/uploads\/2020\/11\/aborto02.jpg?resize=300%2C200&amp;ssl=1 300w, https:\/\/i0.wp.com\/cdnoticias.com\/wp-content\/uploads\/2020\/11\/aborto02.jpg?resize=768%2C512&amp;ssl=1 768w, https:\/\/i0.wp.com\/cdnoticias.com\/wp-content\/uploads\/2020\/11\/aborto02.jpg?resize=272%2C182&amp;ssl=1 272w, https:\/\/i0.wp.com\/cdnoticias.com\/wp-content\/uploads\/2020\/11\/aborto02.jpg?w=1600&amp;ssl=1 1600w, https:\/\/i0.wp.com\/cdnoticias.com\/wp-content\/uploads\/2020\/11\/aborto02.jpg?w=2400&amp;ssl=1 2400w\" sizes=\"auto, (max-width: 800px) 100vw, 800px\" \/><\/p>\n<p>&nbsp;<\/p>\n<p><strong>Mar\u00eda Cecilia Fern\u00e1ndez, integrante del Frente Ni Una Menos Olavarr\u00eda<\/strong>, lament\u00f3 la forma de volver a las calles en este contexto de pandemia: <em>\u201cno es lo que m\u00e1s nos llena de alegr\u00eda, nos gustar\u00eda ser miles como fuimos en 2018 y pudimos viajar al Congreso\u201d.<\/em><\/p>\n<p>&nbsp;<\/p>\n<p>Sin embargo, valor\u00f3 que el tema est\u00e9 en agenda: <strong><em>\u201csabemos que hasta que no sea ley no vamos a para, haya pandemia o no, con el gobierno que sea\u201d.<\/em><\/strong><\/p>\n<p>&nbsp;<\/p>\n<p><img data-recalc-dims=\"1\" loading=\"lazy\" decoding=\"async\" class=\"alignnone size-full wp-image-6863\" src=\"https:\/\/i0.wp.com\/cdnoticias.com\/wp-content\/uploads\/2020\/11\/Aborto11.jpg?resize=800%2C527&#038;ssl=1\" alt=\"\" width=\"800\" height=\"527\" srcset=\"https:\/\/i0.wp.com\/cdnoticias.com\/wp-content\/uploads\/2020\/11\/Aborto11.jpg?w=822&amp;ssl=1 822w, https:\/\/i0.wp.com\/cdnoticias.com\/wp-content\/uploads\/2020\/11\/Aborto11.jpg?resize=300%2C197&amp;ssl=1 300w, https:\/\/i0.wp.com\/cdnoticias.com\/wp-content\/uploads\/2020\/11\/Aborto11.jpg?resize=768%2C505&amp;ssl=1 768w\" sizes=\"auto, (max-width: 800px) 100vw, 800px\" \/><\/p>\n<p>&nbsp;<\/p>\n<p><img data-recalc-dims=\"1\" loading=\"lazy\" decoding=\"async\" class=\"alignnone size-large wp-image-6890\" src=\"https:\/\/i0.wp.com\/cdnoticias.com\/wp-content\/uploads\/2020\/11\/aborto04.jpg?resize=800%2C534&#038;ssl=1\" alt=\"\" width=\"800\" height=\"534\" srcset=\"https:\/\/i0.wp.com\/cdnoticias.com\/wp-content\/uploads\/2020\/11\/aborto04.jpg?resize=1024%2C683&amp;ssl=1 1024w, https:\/\/i0.wp.com\/cdnoticias.com\/wp-content\/uploads\/2020\/11\/aborto04.jpg?resize=300%2C200&amp;ssl=1 300w, https:\/\/i0.wp.com\/cdnoticias.com\/wp-content\/uploads\/2020\/11\/aborto04.jpg?resize=768%2C512&amp;ssl=1 768w, https:\/\/i0.wp.com\/cdnoticias.com\/wp-content\/uploads\/2020\/11\/aborto04.jpg?resize=272%2C182&amp;ssl=1 272w, https:\/\/i0.wp.com\/cdnoticias.com\/wp-content\/uploads\/2020\/11\/aborto04.jpg?w=1600&amp;ssl=1 1600w, https:\/\/i0.wp.com\/cdnoticias.com\/wp-content\/uploads\/2020\/11\/aborto04.jpg?w=2400&amp;ssl=1 2400w\" sizes=\"auto, (max-width: 800px) 100vw, 800px\" \/><\/p>\n<p>&nbsp;<\/p>\n<p><em>\u201cEl movimiento feminista ha logrado una conciencia colectiva acerca del aborto. Que se hable, romper ese tab\u00fa es un mont\u00f3n\u201d<\/em>, indic\u00f3 Fern\u00e1ndez.<\/p>\n<p>&nbsp;<\/p>\n<p>Por \u00faltimo, ambas destacaron el rol del <strong>Programa Municipal de Salud Sexual y Reproductiva<\/strong> que <em>\u201cest\u00e1 trabajando y les pibes pueden acercarse y pueden garantizarse un espacio de informaci\u00f3n para despu\u00e9s tomar decisiones. El equipo est\u00e1, la informaci\u00f3n est\u00e1 y eso tambi\u00e9n es un logro de los feminismos\u201d.<\/em><\/p>\n","protected":false},"excerpt":{"rendered":"<p>&nbsp; Este mi\u00e9rcoles se concret\u00f3 una jornada federal para reclamar por la aprobaci\u00f3n del proyecto de Interrupci\u00f3n Voluntaria del Embarazo.<\/p>\n","protected":false},"author":5,"featured_media":6891,"comment_status":"closed","ping_status":"closed","sticky":false,"template":"","format":"standard","meta":{"_jetpack_memberships_contains_paid_content":false,"footnotes":""},"categories":[3,1],"tags":[],"class_list":["post-6885","post","type-post","status-publish","format-standard","has-post-thumbnail","hentry","category-genero","category-portada"],"jetpack_featured_media_url":"https:\/\/i0.wp.com\/cdnoticias.com\/wp-content\/uploads\/2020\/11\/aborto05.jpg?fit=4608%2C3072&ssl=1","jetpack_sharing_enabled":true,"_links":{"self":[{"href":"https:\/\/cdnoticias.com\/index.php\/wp-json\/wp\/v2\/posts\/6885","targetHints":{"allow":["GET"]}}],"collection":[{"href":"https:\/\/cdnoticias.com\/index.php\/wp-json\/wp\/v2\/posts"}],"about":[{"href":"https:\/\/cdnoticias.com\/index.php\/wp-json\/wp\/v2\/types\/post"}],"author":[{"embeddable":true,"href":"https:\/\/cdnoticias.com\/index.php\/wp-json\/wp\/v2\/users\/5"}],"replies":[{"embeddable":true,"href":"https:\/\/cdnoticias.com\/index.php\/wp-json\/wp\/v2\/comments?post=6885"}],"version-history":[{"count":0,"href":"https:\/\/cdnoticias.com\/index.php\/wp-json\/wp\/v2\/posts\/6885\/revisions"}],"wp:featuredmedia":[{"embeddable":true,"href":"https:\/\/cdnoticias.com\/index.php\/wp-json\/wp\/v2\/media\/6891"}],"wp:attachment":[{"href":"https:\/\/cdnoticias.com\/index.php\/wp-json\/wp\/v2\/media?parent=6885"}],"wp:term":[{"taxonomy":"category","embeddable":true,"href":"https:\/\/cdnoticias.com\/index.php\/wp-json\/wp\/v2\/categories?post=6885"},{"taxonomy":"post_tag","embeddable":true,"href":"https:\/\/cdnoticias.com\/index.php\/wp-json\/wp\/v2\/tags?post=6885"}],"curies":[{"name":"wp","href":"https:\/\/api.w.org\/{rel}","templated":true}]}}