{"id":68845,"date":"2022-11-02T08:15:34","date_gmt":"2022-11-02T11:15:34","guid":{"rendered":"https:\/\/www.centraldenoticias.com.ar\/?p=68845"},"modified":"2022-11-02T09:49:13","modified_gmt":"2022-11-02T12:49:13","slug":"galli-visito-a-vecinos-del-barrio-bice-tras-la-liberacion-de-la-red-de-agua","status":"publish","type":"post","link":"https:\/\/cdnoticias.com\/index.php\/2022\/11\/02\/galli-visito-a-vecinos-del-barrio-bice-tras-la-liberacion-de-la-red-de-agua\/","title":{"rendered":"Galli visit\u00f3 a vecinos del barrio BICE tras la liberaci\u00f3n de la red de agua"},"content":{"rendered":"<p>\u201cSon 100 familias que accedieron al agua potable y mejoraron su calidad de vida\u201d dijo el intendente. En ese sector se sumaron ocho cuadras a la red.<!--more--><\/p>\n<hr \/>\n<p><strong>En la tarde de este martes, el intendente Ezequiel Galli visit\u00f3 viviendas del Barrio BICE<\/strong> junto a un grupo de vecinos, donde <strong>ya funciona la nueva ampliaci\u00f3n de red de agua corriente<\/strong>.<\/p>\n<p>&nbsp;<\/p>\n<p>El jefe comunal estuvo acompa\u00f1ado por el <em>secretario de Desarrollo Humano y Calidad de Vida, Diego Robbiani<\/em> y el <em>secretario de Mantenimiento y Obras P\u00fablicas Julio Ferraro<\/em>.<\/p>\n<p>&nbsp;<\/p>\n<blockquote><p>\u201cEs una alegr\u00eda enorme poder recorrer junto a los vecinos y ver los avances que logramos junto a ellos: son 100 familias que ya cuentan con red de gas, iluminaci\u00f3n y ahora agua corriente\u201d, dijo Galli tras la visita.<\/p><\/blockquote>\n<p>&nbsp;<\/p>\n<p><img data-recalc-dims=\"1\" loading=\"lazy\" decoding=\"async\" class=\"size-full wp-image-68844 aligncenter\" src=\"https:\/\/i0.wp.com\/cdnoticias.com\/wp-content\/uploads\/2022\/11\/Obras-Agua-en-barrio-BICE-01.jpg?resize=800%2C445&#038;ssl=1\" alt=\"\" width=\"800\" height=\"445\" srcset=\"https:\/\/i0.wp.com\/cdnoticias.com\/wp-content\/uploads\/2022\/11\/Obras-Agua-en-barrio-BICE-01.jpg?w=800&amp;ssl=1 800w, https:\/\/i0.wp.com\/cdnoticias.com\/wp-content\/uploads\/2022\/11\/Obras-Agua-en-barrio-BICE-01.jpg?resize=300%2C167&amp;ssl=1 300w, https:\/\/i0.wp.com\/cdnoticias.com\/wp-content\/uploads\/2022\/11\/Obras-Agua-en-barrio-BICE-01.jpg?resize=768%2C427&amp;ssl=1 768w\" sizes=\"auto, (max-width: 800px) 100vw, 800px\" \/><\/p>\n<p>&nbsp;<\/p>\n<p>\u201cLa obra de agua es muy importante para nosotros porque esto <strong>tiene que ver con la salud p\u00fablica<\/strong>. Poder tener agua potable es garantizar una mejor salud para un grupo de vecinos que han logrado tener su casa producto del esfuerzo y <strong>fue un trabajo conjunto con la pastoral\u201d<\/strong>, agreg\u00f3 Galli.<\/p>\n<p>&nbsp;<\/p>\n<p>Finalmente, desde la Secretar\u00eda de Mantenimiento y Obras P\u00fablicas explicaron que<strong> la obra requiri\u00f3 una inversi\u00f3n cercana a los tres millones de pesos<\/strong> y las tareas se desarrollaron en el sector comprendido por <strong>Independencia, Calle 102, Av. Ituzaing\u00f3 y Juan XXIII<\/strong>.<\/p>\n<p>&nbsp;<\/p>\n<p>En total son <strong>ocho cuadras que se sumaron a la red<\/strong> <a href=\"https:\/\/cdnoticias.com\/index.php\/2022\/08\/01\/cloacas-y-agua-el-municipio-anuncio-la-liberacion-al-servicio-publico\/\" target=\"_blank\" rel=\"noopener\">a partir del 1\u00ba de agosto cuando se liber\u00f3 la red al uso p\u00fablico<\/a>.<\/p>\n<p>&nbsp;<\/p>\n","protected":false},"excerpt":{"rendered":"<p>\u201cSon 100 familias que accedieron al agua potable y mejoraron su calidad de vida\u201d dijo el intendente. En ese sector<\/p>\n","protected":false},"author":4,"featured_media":68843,"comment_status":"closed","ping_status":"closed","sticky":false,"template":"","format":"standard","meta":{"_jetpack_memberships_contains_paid_content":false,"footnotes":""},"categories":[5,1],"tags":[],"class_list":["post-68845","post","type-post","status-publish","format-standard","has-post-thumbnail","hentry","category-informacion-general","category-portada"],"jetpack_featured_media_url":"https:\/\/i0.wp.com\/cdnoticias.com\/wp-content\/uploads\/2022\/11\/Obras-Agua-en-barrio-BICE-00.jpg?fit=800%2C445&ssl=1","jetpack_sharing_enabled":true,"_links":{"self":[{"href":"https:\/\/cdnoticias.com\/index.php\/wp-json\/wp\/v2\/posts\/68845","targetHints":{"allow":["GET"]}}],"collection":[{"href":"https:\/\/cdnoticias.com\/index.php\/wp-json\/wp\/v2\/posts"}],"about":[{"href":"https:\/\/cdnoticias.com\/index.php\/wp-json\/wp\/v2\/types\/post"}],"author":[{"embeddable":true,"href":"https:\/\/cdnoticias.com\/index.php\/wp-json\/wp\/v2\/users\/4"}],"replies":[{"embeddable":true,"href":"https:\/\/cdnoticias.com\/index.php\/wp-json\/wp\/v2\/comments?post=68845"}],"version-history":[{"count":0,"href":"https:\/\/cdnoticias.com\/index.php\/wp-json\/wp\/v2\/posts\/68845\/revisions"}],"wp:featuredmedia":[{"embeddable":true,"href":"https:\/\/cdnoticias.com\/index.php\/wp-json\/wp\/v2\/media\/68843"}],"wp:attachment":[{"href":"https:\/\/cdnoticias.com\/index.php\/wp-json\/wp\/v2\/media?parent=68845"}],"wp:term":[{"taxonomy":"category","embeddable":true,"href":"https:\/\/cdnoticias.com\/index.php\/wp-json\/wp\/v2\/categories?post=68845"},{"taxonomy":"post_tag","embeddable":true,"href":"https:\/\/cdnoticias.com\/index.php\/wp-json\/wp\/v2\/tags?post=68845"}],"curies":[{"name":"wp","href":"https:\/\/api.w.org\/{rel}","templated":true}]}}