{"id":68834,"date":"2022-11-01T19:59:10","date_gmt":"2022-11-01T22:59:10","guid":{"rendered":"https:\/\/www.centraldenoticias.com.ar\/?p=68834"},"modified":"2022-11-02T08:20:32","modified_gmt":"2022-11-02T11:20:32","slug":"remada-verde-olavarria-pidio-conciencia-por-la-basura-en-el-arroyo-tapalque","status":"publish","type":"post","link":"https:\/\/cdnoticias.com\/index.php\/2022\/11\/01\/remada-verde-olavarria-pidio-conciencia-por-la-basura-en-el-arroyo-tapalque\/","title":{"rendered":"Remada Verde Olavarr\u00eda pidi\u00f3 \u201cconciencia\u201d por la basura en el Arroyo Tapalqu\u00e9"},"content":{"rendered":"<p>En una salida con plogging por la zona de Parque Sur recolectaron 25 bolsas de consorcio llenas de residuos: \u201cEs muy triste ver la cantidad que se junta luego de cada lluvia\u201d. <!--more--><\/p>\n<hr \/>\n<p>Tras una salida en <strong>Parque Sur, la agrupaci\u00f3n \u201cRemada Verde Olavarr\u00eda\u201d volvi\u00f3 a poner el foco en la importante contaminaci\u00f3n del arroyo Tapalqu\u00e9, algo que se evidenci\u00f3 tras las lluvias de los \u00faltimos d\u00edas.<\/strong><\/p>\n<p>&nbsp;<\/p>\n<p><img data-recalc-dims=\"1\" loading=\"lazy\" decoding=\"async\" class=\"alignnone size-large wp-image-68835\" src=\"https:\/\/i0.wp.com\/cdnoticias.com\/wp-content\/uploads\/2022\/11\/313135405_3288108568001368_6061458022016388159_n.jpg?resize=800%2C359&#038;ssl=1\" alt=\"\" width=\"800\" height=\"359\" srcset=\"https:\/\/i0.wp.com\/cdnoticias.com\/wp-content\/uploads\/2022\/11\/313135405_3288108568001368_6061458022016388159_n.jpg?resize=1024%2C460&amp;ssl=1 1024w, https:\/\/i0.wp.com\/cdnoticias.com\/wp-content\/uploads\/2022\/11\/313135405_3288108568001368_6061458022016388159_n.jpg?resize=300%2C135&amp;ssl=1 300w, https:\/\/i0.wp.com\/cdnoticias.com\/wp-content\/uploads\/2022\/11\/313135405_3288108568001368_6061458022016388159_n.jpg?resize=768%2C345&amp;ssl=1 768w, https:\/\/i0.wp.com\/cdnoticias.com\/wp-content\/uploads\/2022\/11\/313135405_3288108568001368_6061458022016388159_n.jpg?resize=1536%2C690&amp;ssl=1 1536w, https:\/\/i0.wp.com\/cdnoticias.com\/wp-content\/uploads\/2022\/11\/313135405_3288108568001368_6061458022016388159_n.jpg?w=2048&amp;ssl=1 2048w, https:\/\/i0.wp.com\/cdnoticias.com\/wp-content\/uploads\/2022\/11\/313135405_3288108568001368_6061458022016388159_n.jpg?w=1600&amp;ssl=1 1600w\" sizes=\"auto, (max-width: 800px) 100vw, 800px\" \/><\/p>\n<p>&nbsp;<\/p>\n<p>Seg\u00fan explicaron, <strong>la salida desde El Patio de los Kayaks en Parque Sur ten\u00eda el objetivo de realizar tareas de plogging en los dos puentes<\/strong> \u2013con 4 desembocaduras en avenida Avellaneda y el puente colgante que proviene de algunos barrios- <strong>y en tan solo en dos desembocaduras recolectaron 25 bolsas de consorcio con residuos.<\/strong><\/p>\n<p>&nbsp;<\/p>\n<p><img data-recalc-dims=\"1\" loading=\"lazy\" decoding=\"async\" class=\"alignnone size-large wp-image-68838\" src=\"https:\/\/i0.wp.com\/cdnoticias.com\/wp-content\/uploads\/2022\/11\/313406221_3288108674668024_8059904896075163759_n.jpg?resize=800%2C359&#038;ssl=1\" alt=\"\" width=\"800\" height=\"359\" srcset=\"https:\/\/i0.wp.com\/cdnoticias.com\/wp-content\/uploads\/2022\/11\/313406221_3288108674668024_8059904896075163759_n.jpg?resize=1024%2C460&amp;ssl=1 1024w, https:\/\/i0.wp.com\/cdnoticias.com\/wp-content\/uploads\/2022\/11\/313406221_3288108674668024_8059904896075163759_n.jpg?resize=300%2C135&amp;ssl=1 300w, https:\/\/i0.wp.com\/cdnoticias.com\/wp-content\/uploads\/2022\/11\/313406221_3288108674668024_8059904896075163759_n.jpg?resize=768%2C345&amp;ssl=1 768w, https:\/\/i0.wp.com\/cdnoticias.com\/wp-content\/uploads\/2022\/11\/313406221_3288108674668024_8059904896075163759_n.jpg?resize=1536%2C690&amp;ssl=1 1536w, https:\/\/i0.wp.com\/cdnoticias.com\/wp-content\/uploads\/2022\/11\/313406221_3288108674668024_8059904896075163759_n.jpg?w=2048&amp;ssl=1 2048w, https:\/\/i0.wp.com\/cdnoticias.com\/wp-content\/uploads\/2022\/11\/313406221_3288108674668024_8059904896075163759_n.jpg?w=1600&amp;ssl=1 1600w\" sizes=\"auto, (max-width: 800px) 100vw, 800px\" \/><\/p>\n<p>&nbsp;<\/p>\n<blockquote><p>La agrupaci\u00f3n explic\u00f3, en voz de H\u00e9ctor Marcelo Cort\u00e9s, que<em> \u201cEs muy triste ver la cantidad de residuos que se juntan luego de cada lluvia. Tomemos conciencia\u201d.<\/em><\/p><\/blockquote>\n<p>&nbsp;<\/p>\n<p>Adem\u00e1s, pidi\u00f3<strong><em> \u201ccuidar los espacios verdes y espejos de agua\u201d<\/em><\/strong> en un nuevo ejemplo de contaminaci\u00f3n del Arroyo, en esta ocasi\u00f3n con <strong>residuos que arrojan en algunos puntos del espejo de agua y que, producto de las lluvias y los vientos, se acumulan en las diversas desembocaduras.<\/strong><\/p>\n<p>&nbsp;<\/p>\n<p><img data-recalc-dims=\"1\" loading=\"lazy\" decoding=\"async\" class=\"alignnone size-large wp-image-68837\" src=\"https:\/\/i0.wp.com\/cdnoticias.com\/wp-content\/uploads\/2022\/11\/313404192_3288108428001382_5586023449986559615_n.jpg?resize=800%2C359&#038;ssl=1\" alt=\"\" width=\"800\" height=\"359\" srcset=\"https:\/\/i0.wp.com\/cdnoticias.com\/wp-content\/uploads\/2022\/11\/313404192_3288108428001382_5586023449986559615_n.jpg?resize=1024%2C460&amp;ssl=1 1024w, https:\/\/i0.wp.com\/cdnoticias.com\/wp-content\/uploads\/2022\/11\/313404192_3288108428001382_5586023449986559615_n.jpg?resize=300%2C135&amp;ssl=1 300w, https:\/\/i0.wp.com\/cdnoticias.com\/wp-content\/uploads\/2022\/11\/313404192_3288108428001382_5586023449986559615_n.jpg?resize=768%2C345&amp;ssl=1 768w, https:\/\/i0.wp.com\/cdnoticias.com\/wp-content\/uploads\/2022\/11\/313404192_3288108428001382_5586023449986559615_n.jpg?resize=1536%2C690&amp;ssl=1 1536w, https:\/\/i0.wp.com\/cdnoticias.com\/wp-content\/uploads\/2022\/11\/313404192_3288108428001382_5586023449986559615_n.jpg?w=2048&amp;ssl=1 2048w, https:\/\/i0.wp.com\/cdnoticias.com\/wp-content\/uploads\/2022\/11\/313404192_3288108428001382_5586023449986559615_n.jpg?w=1600&amp;ssl=1 1600w\" sizes=\"auto, (max-width: 800px) 100vw, 800px\" \/><\/p>\n<p>&nbsp;<\/p>\n<p><img data-recalc-dims=\"1\" loading=\"lazy\" decoding=\"async\" class=\"alignnone size-large wp-image-68836\" src=\"https:\/\/i0.wp.com\/cdnoticias.com\/wp-content\/uploads\/2022\/11\/313399704_3288108784668013_4704968267361266493_n.jpg?resize=800%2C359&#038;ssl=1\" alt=\"\" width=\"800\" height=\"359\" srcset=\"https:\/\/i0.wp.com\/cdnoticias.com\/wp-content\/uploads\/2022\/11\/313399704_3288108784668013_4704968267361266493_n.jpg?resize=1024%2C460&amp;ssl=1 1024w, https:\/\/i0.wp.com\/cdnoticias.com\/wp-content\/uploads\/2022\/11\/313399704_3288108784668013_4704968267361266493_n.jpg?resize=300%2C135&amp;ssl=1 300w, https:\/\/i0.wp.com\/cdnoticias.com\/wp-content\/uploads\/2022\/11\/313399704_3288108784668013_4704968267361266493_n.jpg?resize=768%2C345&amp;ssl=1 768w, https:\/\/i0.wp.com\/cdnoticias.com\/wp-content\/uploads\/2022\/11\/313399704_3288108784668013_4704968267361266493_n.jpg?resize=1536%2C690&amp;ssl=1 1536w, https:\/\/i0.wp.com\/cdnoticias.com\/wp-content\/uploads\/2022\/11\/313399704_3288108784668013_4704968267361266493_n.jpg?w=2048&amp;ssl=1 2048w, https:\/\/i0.wp.com\/cdnoticias.com\/wp-content\/uploads\/2022\/11\/313399704_3288108784668013_4704968267361266493_n.jpg?w=1600&amp;ssl=1 1600w\" sizes=\"auto, (max-width: 800px) 100vw, 800px\" \/><\/p>\n<p>&nbsp;<\/p>\n<p><strong>La convocatoria se dio d\u00edas atr\u00e1s, luego de las lluvias, al observar que se hab\u00eda acumulado mucha basura en las costas del arroyo e incluso dentro del agua.<\/strong> Las fotos, tomadas este martes, dieron cuenta del importante trabajo realizado.<\/p>\n","protected":false},"excerpt":{"rendered":"<p>En una salida con plogging por la zona de Parque Sur recolectaron 25 bolsas de consorcio llenas de residuos: \u201cEs<\/p>\n","protected":false},"author":2,"featured_media":68839,"comment_status":"closed","ping_status":"closed","sticky":false,"template":"","format":"standard","meta":{"_jetpack_memberships_contains_paid_content":false,"footnotes":""},"categories":[5,1],"tags":[],"class_list":["post-68834","post","type-post","status-publish","format-standard","has-post-thumbnail","hentry","category-informacion-general","category-portada"],"jetpack_featured_media_url":"https:\/\/i0.wp.com\/cdnoticias.com\/wp-content\/uploads\/2022\/11\/313411988_3288108178001407_897035747904404978_n.jpg?fit=2048%2C920&ssl=1","jetpack_sharing_enabled":true,"_links":{"self":[{"href":"https:\/\/cdnoticias.com\/index.php\/wp-json\/wp\/v2\/posts\/68834","targetHints":{"allow":["GET"]}}],"collection":[{"href":"https:\/\/cdnoticias.com\/index.php\/wp-json\/wp\/v2\/posts"}],"about":[{"href":"https:\/\/cdnoticias.com\/index.php\/wp-json\/wp\/v2\/types\/post"}],"author":[{"embeddable":true,"href":"https:\/\/cdnoticias.com\/index.php\/wp-json\/wp\/v2\/users\/2"}],"replies":[{"embeddable":true,"href":"https:\/\/cdnoticias.com\/index.php\/wp-json\/wp\/v2\/comments?post=68834"}],"version-history":[{"count":0,"href":"https:\/\/cdnoticias.com\/index.php\/wp-json\/wp\/v2\/posts\/68834\/revisions"}],"wp:featuredmedia":[{"embeddable":true,"href":"https:\/\/cdnoticias.com\/index.php\/wp-json\/wp\/v2\/media\/68839"}],"wp:attachment":[{"href":"https:\/\/cdnoticias.com\/index.php\/wp-json\/wp\/v2\/media?parent=68834"}],"wp:term":[{"taxonomy":"category","embeddable":true,"href":"https:\/\/cdnoticias.com\/index.php\/wp-json\/wp\/v2\/categories?post=68834"},{"taxonomy":"post_tag","embeddable":true,"href":"https:\/\/cdnoticias.com\/index.php\/wp-json\/wp\/v2\/tags?post=68834"}],"curies":[{"name":"wp","href":"https:\/\/api.w.org\/{rel}","templated":true}]}}