{"id":68829,"date":"2022-11-01T19:32:49","date_gmt":"2022-11-01T22:32:49","guid":{"rendered":"https:\/\/www.centraldenoticias.com.ar\/?p=68829"},"modified":"2022-11-01T19:32:49","modified_gmt":"2022-11-01T22:32:49","slug":"ya-esta-en-linea-el-padron-provisorio-para-las-elecciones-del-ano-que-viene","status":"publish","type":"post","link":"https:\/\/cdnoticias.com\/index.php\/2022\/11\/01\/ya-esta-en-linea-el-padron-provisorio-para-las-elecciones-del-ano-que-viene\/","title":{"rendered":"Ya est\u00e1 en l\u00ednea el padr\u00f3n provisorio para las elecciones del a\u00f1o que viene"},"content":{"rendered":"<p>Permanecer\u00e1 abierto durante todo noviembre para que los ciudadanos verifiquen sus datos y, si es necesario, reclamar por errores u omisiones.<!--more--><\/p>\n<hr \/>\n<p>La<strong> C\u00e1mara Nacional Electoral<\/strong> (CNE) inform\u00f3 que a partir de este marte<strong>s est\u00e1 habilitada en el sitio web<\/strong> <a href=\"http:\/\/www.padron.gob.ar\" target=\"_blank\" rel=\"noopener\">www.padron.gob.ar<\/a> la <strong>consulta \u201cprovisoria y extraordinaria\u201d del padr\u00f3n electoral. <\/strong><\/p>\n<p>&nbsp;<\/p>\n<p>El objetivo de esta consulta, que se podr\u00e1 hacer durante todo el mes, es<strong> verificar que los datos de los ciudadanos est\u00e9n correctos<\/strong> para, si es necesario, <strong>realizar reclamos por errores u omisiones.<\/strong><\/p>\n<p>&nbsp;<\/p>\n<p>Adem\u00e1s, tambi\u00e9n se busca que los<strong> j\u00f3venes electores<\/strong> que deban incorporarse por primera vez a los padrones de la elecci\u00f3n del a\u00f1o pr\u00f3ximo<strong> verifiquen si ya fueron incluidos.<\/strong><\/p>\n<p>&nbsp;<\/p>\n<p>As\u00ed, la CNE agreg\u00f3, en un mensaje para los<strong> electores de 16 y 17 a\u00f1os:<\/strong> \u201c<strong>Record\u00e1 que para figurar en el #Padr\u00f3n ten\u00e9s que tramitar la actualizaci\u00f3n de mayor de tu DNI, a partir de los 14 a\u00f1os\u201d.<\/strong><\/p>\n<p>&nbsp;<\/p>\n<p><strong>Errores u omisiones<\/strong><\/p>\n<p>&nbsp;<\/p>\n<p>\u201cEs importante que la ciudadan\u00eda haga la consulta del padr\u00f3n provisorio para <strong>verificar que sus datos est\u00e9n correctos y realizar reclamos por errores u omisiones<\/strong>. De igual modo para el caso de aquellos electores que no deban figurar en el mismo\u201d, indicaron las autoridades.<\/p>\n<p>&nbsp;<\/p>\n<p>Por esta raz\u00f3n, en esta oportunidad la consulta no incluye el domicilio del electorado, sino solo el nombre y apellido de quienes est\u00e1n habilitados junto a su secci\u00f3n y circuito electoral.<\/p>\n<p>&nbsp;<\/p>\n<p>El <strong>padr\u00f3n provisorio<\/strong> permanecer\u00e1 disponible para la consulta <strong>hasta el d\u00eda 30 de noviembre inclusive,<\/strong> detallaron desde la C\u00e1mara Nacional Electoral.<\/p>\n<p>&nbsp;<\/p>\n<blockquote class=\"twitter-tweet\" data-width=\"550\" data-dnt=\"true\">\n<p lang=\"es\" dir=\"ltr\">\u00a1Se encuentra disponible el <a href=\"https:\/\/twitter.com\/hashtag\/Padr%C3%B3nProvisorio?src=hash&amp;ref_src=twsrc%5Etfw\">#Padr\u00f3nProvisorio<\/a>! Es importante que hagas tu consulta para verificar que tus datos figuren de forma correcta y hacer tu reclamo, en caso de existir errores u omisiones. <\/p>\n<p>\u00a1Ingres\u00e1 en <a href=\"https:\/\/t.co\/KnnitUhDpV\">https:\/\/t.co\/KnnitUhDpV<\/a>! <a href=\"https:\/\/t.co\/vGPqkWPpFE\">pic.twitter.com\/vGPqkWPpFE<\/a><\/p>\n<p>&mdash; C\u00e1mara Electoral (@CamaraElectoral) <a href=\"https:\/\/twitter.com\/CamaraElectoral\/status\/1587415133424619520?ref_src=twsrc%5Etfw\">November 1, 2022<\/a><\/p><\/blockquote>\n<p><script async src=\"https:\/\/platform.twitter.com\/widgets.js\" charset=\"utf-8\"><\/script><\/p>\n<p>&nbsp;<\/p>\n<p><em>Fuente: DIB\u00a0\u00a0<\/em><\/p>\n<p>&nbsp;<\/p>\n","protected":false},"excerpt":{"rendered":"<p>Permanecer\u00e1 abierto durante todo noviembre para que los ciudadanos verifiquen sus datos y, si es necesario, reclamar por errores u<\/p>\n","protected":false},"author":6,"featured_media":68830,"comment_status":"closed","ping_status":"closed","sticky":false,"template":"","format":"standard","meta":{"_jetpack_memberships_contains_paid_content":false,"footnotes":""},"categories":[6,1],"tags":[],"class_list":["post-68829","post","type-post","status-publish","format-standard","has-post-thumbnail","hentry","category-nacionales","category-portada"],"jetpack_featured_media_url":"https:\/\/i0.wp.com\/cdnoticias.com\/wp-content\/uploads\/2022\/11\/voto-argentina.jpg?fit=1920%2C1280&ssl=1","jetpack_sharing_enabled":true,"_links":{"self":[{"href":"https:\/\/cdnoticias.com\/index.php\/wp-json\/wp\/v2\/posts\/68829","targetHints":{"allow":["GET"]}}],"collection":[{"href":"https:\/\/cdnoticias.com\/index.php\/wp-json\/wp\/v2\/posts"}],"about":[{"href":"https:\/\/cdnoticias.com\/index.php\/wp-json\/wp\/v2\/types\/post"}],"author":[{"embeddable":true,"href":"https:\/\/cdnoticias.com\/index.php\/wp-json\/wp\/v2\/users\/6"}],"replies":[{"embeddable":true,"href":"https:\/\/cdnoticias.com\/index.php\/wp-json\/wp\/v2\/comments?post=68829"}],"version-history":[{"count":0,"href":"https:\/\/cdnoticias.com\/index.php\/wp-json\/wp\/v2\/posts\/68829\/revisions"}],"wp:featuredmedia":[{"embeddable":true,"href":"https:\/\/cdnoticias.com\/index.php\/wp-json\/wp\/v2\/media\/68830"}],"wp:attachment":[{"href":"https:\/\/cdnoticias.com\/index.php\/wp-json\/wp\/v2\/media?parent=68829"}],"wp:term":[{"taxonomy":"category","embeddable":true,"href":"https:\/\/cdnoticias.com\/index.php\/wp-json\/wp\/v2\/categories?post=68829"},{"taxonomy":"post_tag","embeddable":true,"href":"https:\/\/cdnoticias.com\/index.php\/wp-json\/wp\/v2\/tags?post=68829"}],"curies":[{"name":"wp","href":"https:\/\/api.w.org\/{rel}","templated":true}]}}