{"id":68814,"date":"2022-11-01T18:32:03","date_gmt":"2022-11-01T21:32:03","guid":{"rendered":"https:\/\/www.centraldenoticias.com.ar\/?p=68814"},"modified":"2022-11-01T18:32:03","modified_gmt":"2022-11-01T21:32:03","slug":"santa-misa-en-el-cementerio-parque-loma-de-paz","status":"publish","type":"post","link":"https:\/\/cdnoticias.com\/index.php\/2022\/11\/01\/santa-misa-en-el-cementerio-parque-loma-de-paz\/","title":{"rendered":"Santa Misa en el cementerio parque Loma de Paz"},"content":{"rendered":"<p>Ser\u00e1 este mi\u00e9rcoles 2 con motivo de la conmemoraci\u00f3n del d\u00eda de todos los difuntos.<!--more--><\/p>\n<hr \/>\n<p>Este <strong>mi\u00e9rcoles 2 de noviembre<\/strong> se realizar\u00e1 la<strong> Santa Misa en el cementerio parque Loma de Paz a partir de las 16 horas.<\/strong><\/p>\n<p>&nbsp;<\/p>\n<p>Ser\u00e1 en la capilla <strong>Nuestra de la Paz<\/strong> con motivo de la <strong>conmemoraci\u00f3n del d\u00eda de todos los difuntos.<\/strong><\/p>\n<p>&nbsp;<\/p>\n<p>Se indic\u00f3 que estar\u00e1 a cargo del padre Estanislao y se invit\u00f3 a toda la comunidad a participar.<\/p>\n","protected":false},"excerpt":{"rendered":"<p>Ser\u00e1 este mi\u00e9rcoles 2 con motivo de la conmemoraci\u00f3n del d\u00eda de todos los difuntos.<\/p>\n","protected":false},"author":6,"featured_media":68815,"comment_status":"closed","ping_status":"closed","sticky":false,"template":"","format":"standard","meta":{"_jetpack_memberships_contains_paid_content":false,"footnotes":""},"categories":[5,1],"tags":[],"class_list":["post-68814","post","type-post","status-publish","format-standard","has-post-thumbnail","hentry","category-informacion-general","category-portada"],"jetpack_featured_media_url":"https:\/\/i0.wp.com\/cdnoticias.com\/wp-content\/uploads\/2022\/11\/Loma-de-Paz.jpg?fit=1000%2C667&ssl=1","jetpack_sharing_enabled":true,"_links":{"self":[{"href":"https:\/\/cdnoticias.com\/index.php\/wp-json\/wp\/v2\/posts\/68814","targetHints":{"allow":["GET"]}}],"collection":[{"href":"https:\/\/cdnoticias.com\/index.php\/wp-json\/wp\/v2\/posts"}],"about":[{"href":"https:\/\/cdnoticias.com\/index.php\/wp-json\/wp\/v2\/types\/post"}],"author":[{"embeddable":true,"href":"https:\/\/cdnoticias.com\/index.php\/wp-json\/wp\/v2\/users\/6"}],"replies":[{"embeddable":true,"href":"https:\/\/cdnoticias.com\/index.php\/wp-json\/wp\/v2\/comments?post=68814"}],"version-history":[{"count":0,"href":"https:\/\/cdnoticias.com\/index.php\/wp-json\/wp\/v2\/posts\/68814\/revisions"}],"wp:featuredmedia":[{"embeddable":true,"href":"https:\/\/cdnoticias.com\/index.php\/wp-json\/wp\/v2\/media\/68815"}],"wp:attachment":[{"href":"https:\/\/cdnoticias.com\/index.php\/wp-json\/wp\/v2\/media?parent=68814"}],"wp:term":[{"taxonomy":"category","embeddable":true,"href":"https:\/\/cdnoticias.com\/index.php\/wp-json\/wp\/v2\/categories?post=68814"},{"taxonomy":"post_tag","embeddable":true,"href":"https:\/\/cdnoticias.com\/index.php\/wp-json\/wp\/v2\/tags?post=68814"}],"curies":[{"name":"wp","href":"https:\/\/api.w.org\/{rel}","templated":true}]}}