{"id":68800,"date":"2022-11-06T13:52:38","date_gmt":"2022-11-06T16:52:38","guid":{"rendered":"https:\/\/www.centraldenoticias.com.ar\/?p=68800"},"modified":"2022-11-06T13:52:38","modified_gmt":"2022-11-06T16:52:38","slug":"campero-campero-se-presentara-en-lo-del-guego","status":"publish","type":"post","link":"https:\/\/cdnoticias.com\/index.php\/2022\/11\/06\/campero-campero-se-presentara-en-lo-del-guego\/","title":{"rendered":"Campero Campero se presentar\u00e1 en &#8220;Lo del Guego&#8221;"},"content":{"rendered":"<p>Ser\u00e1 el 11 de noviembre y contar\u00e1 con artistas invitados. Capacidad limitada. <!--more--><\/p>\n<hr \/>\n<p>El pr\u00f3ximo 11 de noviembre<strong> Campero Campero<\/strong> se presentar\u00e1 en &#8220;Lo del Guego&#8221;, ubicado en V\u00e9lez Sarfield y Guisasola a partir de las 21 horas.<\/p>\n<p>&nbsp;<\/p>\n<p>Adem\u00e1s, el evento contar\u00e1 con el invitado especial Sebasti\u00e1n Cayre. Se indic\u00f3 que la <strong>capacidad es limitada.<\/strong><\/p>\n<p>&nbsp;<\/p>\n<p>Las<strong> anticipadas tienen un valor de $1000<\/strong> y en<strong> puerta saldr\u00e1n $1500.<\/strong> Para m\u00e1s informaci\u00f3n comunicarse al Instagram <strong>@campero.campero<\/strong> o al n\u00famero de tel\u00e9fono<strong> 2284606513.<\/strong><\/p>\n<p>&nbsp;<\/p>\n","protected":false},"excerpt":{"rendered":"<p>Ser\u00e1 el 11 de noviembre y contar\u00e1 con artistas invitados. Capacidad limitada.<\/p>\n","protected":false},"author":6,"featured_media":68801,"comment_status":"closed","ping_status":"closed","sticky":false,"template":"","format":"standard","meta":{"_jetpack_memberships_contains_paid_content":false,"footnotes":""},"categories":[9,1],"tags":[],"class_list":["post-68800","post","type-post","status-publish","format-standard","has-post-thumbnail","hentry","category-cultura","category-portada"],"jetpack_featured_media_url":"https:\/\/i0.wp.com\/cdnoticias.com\/wp-content\/uploads\/2022\/11\/WhatsApp-Image-2022-11-01-at-17.06.05.jpeg?fit=1080%2C1080&ssl=1","jetpack_sharing_enabled":true,"_links":{"self":[{"href":"https:\/\/cdnoticias.com\/index.php\/wp-json\/wp\/v2\/posts\/68800","targetHints":{"allow":["GET"]}}],"collection":[{"href":"https:\/\/cdnoticias.com\/index.php\/wp-json\/wp\/v2\/posts"}],"about":[{"href":"https:\/\/cdnoticias.com\/index.php\/wp-json\/wp\/v2\/types\/post"}],"author":[{"embeddable":true,"href":"https:\/\/cdnoticias.com\/index.php\/wp-json\/wp\/v2\/users\/6"}],"replies":[{"embeddable":true,"href":"https:\/\/cdnoticias.com\/index.php\/wp-json\/wp\/v2\/comments?post=68800"}],"version-history":[{"count":0,"href":"https:\/\/cdnoticias.com\/index.php\/wp-json\/wp\/v2\/posts\/68800\/revisions"}],"wp:featuredmedia":[{"embeddable":true,"href":"https:\/\/cdnoticias.com\/index.php\/wp-json\/wp\/v2\/media\/68801"}],"wp:attachment":[{"href":"https:\/\/cdnoticias.com\/index.php\/wp-json\/wp\/v2\/media?parent=68800"}],"wp:term":[{"taxonomy":"category","embeddable":true,"href":"https:\/\/cdnoticias.com\/index.php\/wp-json\/wp\/v2\/categories?post=68800"},{"taxonomy":"post_tag","embeddable":true,"href":"https:\/\/cdnoticias.com\/index.php\/wp-json\/wp\/v2\/tags?post=68800"}],"curies":[{"name":"wp","href":"https:\/\/api.w.org\/{rel}","templated":true}]}}