{"id":688,"date":"2020-09-03T16:45:03","date_gmt":"2020-09-03T19:45:03","guid":{"rendered":"http:\/\/www.centraldenoticias.com.ar\/?p=688"},"modified":"2020-09-03T16:45:03","modified_gmt":"2020-09-03T19:45:03","slug":"reconocimiento-a-la-biblioteca-del-otro-lado-del-arbol","status":"publish","type":"post","link":"https:\/\/cdnoticias.com\/index.php\/2020\/09\/03\/reconocimiento-a-la-biblioteca-del-otro-lado-del-arbol\/","title":{"rendered":"Reconocimiento a la Biblioteca \u201cDel otro lado del \u00c1rbol\u201d"},"content":{"rendered":"<p>Este jueves se entreg\u00f3 el premio \u201cFlorentina G\u00f3mez Miranda\u201d en el marco de los premios \u201cDina Pontoni\u201d de este a\u00f1o 2020 por el D\u00eda Internacional de la Mujer. Las distinciones se produjeron en el mes de marzo, pero por la pandemia Covid-19 se fue postergando esta entrega.\u00a0<!--more--><\/p>\n<p>________________________________________<\/p>\n<p>&nbsp;<\/p>\n<p>Durante la ma\u00f1ana de este jueves, se realiz\u00f3 la entrega de una distinci\u00f3n a la Biblioteca \u201cDel otro lado del \u00c1rbol\u201d. Se trata del <strong>premio \u201cFlorentina G\u00f3mez Miranda\u201d otorgado durante los \u201cDina Pontoni\u201d <\/strong>y que consisti\u00f3 en un cheque por el valor de $25.000.<\/p>\n<p>&nbsp;<\/p>\n<p>El presidente del Honorable Concejo Deliberante Bruno Cenizo se acerc\u00f3 al lugar de trabajo del proyecto que est\u00e1 integrado casi en su totalidad por mujeres. Tambi\u00e9n asistieron la concejal Cecilia Krivochen del bloque pol\u00edtico Juntos por el Cambio y la edil Alicia Almada del Frente de Todos.<\/p>\n<p>&nbsp;<\/p>\n<p>Como se hab\u00eda establecido este a\u00f1o, desde el cuerpo de concejales se ir\u00e1 visitando a cada galardonada en sus lugares de trabajo, cumpliendo las medidas solicitadas de distanciamiento y uso de barbijos o tapabocas.<\/p>\n<p>&nbsp;<\/p>\n<p><img data-recalc-dims=\"1\" loading=\"lazy\" decoding=\"async\" class=\"alignnone size-large wp-image-691\" src=\"https:\/\/i0.wp.com\/cdnoticias.com\/wp-content\/uploads\/2020\/09\/cheque-arbol-.jpg?resize=800%2C534&#038;ssl=1\" alt=\"\" width=\"800\" height=\"534\" srcset=\"https:\/\/i0.wp.com\/cdnoticias.com\/wp-content\/uploads\/2020\/09\/cheque-arbol-.jpg?resize=1024%2C684&amp;ssl=1 1024w, https:\/\/i0.wp.com\/cdnoticias.com\/wp-content\/uploads\/2020\/09\/cheque-arbol-.jpg?resize=300%2C201&amp;ssl=1 300w, https:\/\/i0.wp.com\/cdnoticias.com\/wp-content\/uploads\/2020\/09\/cheque-arbol-.jpg?resize=768%2C513&amp;ssl=1 768w, https:\/\/i0.wp.com\/cdnoticias.com\/wp-content\/uploads\/2020\/09\/cheque-arbol-.jpg?resize=272%2C182&amp;ssl=1 272w, https:\/\/i0.wp.com\/cdnoticias.com\/wp-content\/uploads\/2020\/09\/cheque-arbol-.jpg?w=1600&amp;ssl=1 1600w, https:\/\/i0.wp.com\/cdnoticias.com\/wp-content\/uploads\/2020\/09\/cheque-arbol-.jpg?w=2400&amp;ssl=1 2400w\" sizes=\"auto, (max-width: 800px) 100vw, 800px\" \/><\/p>\n<p>&nbsp;<\/p>\n<p>La \u201cbiblio\u201d lleva 9 a\u00f1os de funcionamiento, y trabaja d\u00eda a d\u00eda para generar un espacio sano, amplio y divertido para las infancias.<\/p>\n<p>&nbsp;<\/p>\n<p>Adem\u00e1s presentaron un proyecto que se denomina <strong>\u201cP.I.L.A.R\u201d (Polo Infantil Literario, Art\u00edstico y Recreativo)<\/strong>, en alusi\u00f3n a la ni\u00f1a que inspir\u00f3 el desarrollo de la propuesta.<\/p>\n<p>&nbsp;<\/p>\n<p><img data-recalc-dims=\"1\" loading=\"lazy\" decoding=\"async\" class=\"alignnone size-large wp-image-689\" src=\"https:\/\/i0.wp.com\/cdnoticias.com\/wp-content\/uploads\/2020\/09\/cheque-arbol4.jpg?resize=800%2C534&#038;ssl=1\" alt=\"\" width=\"800\" height=\"534\" srcset=\"https:\/\/i0.wp.com\/cdnoticias.com\/wp-content\/uploads\/2020\/09\/cheque-arbol4.jpg?resize=1024%2C684&amp;ssl=1 1024w, https:\/\/i0.wp.com\/cdnoticias.com\/wp-content\/uploads\/2020\/09\/cheque-arbol4.jpg?resize=300%2C201&amp;ssl=1 300w, https:\/\/i0.wp.com\/cdnoticias.com\/wp-content\/uploads\/2020\/09\/cheque-arbol4.jpg?resize=768%2C513&amp;ssl=1 768w, https:\/\/i0.wp.com\/cdnoticias.com\/wp-content\/uploads\/2020\/09\/cheque-arbol4.jpg?resize=272%2C182&amp;ssl=1 272w, https:\/\/i0.wp.com\/cdnoticias.com\/wp-content\/uploads\/2020\/09\/cheque-arbol4.jpg?w=1600&amp;ssl=1 1600w, https:\/\/i0.wp.com\/cdnoticias.com\/wp-content\/uploads\/2020\/09\/cheque-arbol4.jpg?w=2400&amp;ssl=1 2400w\" sizes=\"auto, (max-width: 800px) 100vw, 800px\" \/><\/p>\n<p>&nbsp;<\/p>\n<p>La intenci\u00f3n es <strong>delimitar espacios al aire libre dentro del sector del parque Helios Eseverri<\/strong> para poder proyectar, expandir y aprovechar el lugar, y as\u00ed programar cada vez m\u00e1s actividades.<\/p>\n<p>&nbsp;<\/p>\n<p>Del otro lado del \u00c1rbol fue creado en la ciudad de La Plata en 2011 por Paula Kriscautsky, la mam\u00e1 de Pilar, luego que la nena falleciera de c\u00e1ncer. Es un espacio pensado como homenaje a su hija y a todas las infancias, como una especie de resiliencia, de transformaci\u00f3n. Este proyecto se replic\u00f3 ya en 8 ciudades, entre ellas Olavarr\u00eda.<\/p>\n","protected":false},"excerpt":{"rendered":"<p>Este jueves se entreg\u00f3 el premio \u201cFlorentina G\u00f3mez Miranda\u201d en el marco de los premios \u201cDina Pontoni\u201d de este a\u00f1o<\/p>\n","protected":false},"author":5,"featured_media":690,"comment_status":"closed","ping_status":"closed","sticky":false,"template":"","format":"standard","meta":{"_jetpack_memberships_contains_paid_content":false,"footnotes":""},"categories":[9],"tags":[],"class_list":["post-688","post","type-post","status-publish","format-standard","has-post-thumbnail","hentry","category-cultura"],"jetpack_featured_media_url":"https:\/\/i0.wp.com\/cdnoticias.com\/wp-content\/uploads\/2020\/09\/cheque-arbol0-.jpg?fit=2446%2C1635&ssl=1","jetpack_sharing_enabled":true,"_links":{"self":[{"href":"https:\/\/cdnoticias.com\/index.php\/wp-json\/wp\/v2\/posts\/688","targetHints":{"allow":["GET"]}}],"collection":[{"href":"https:\/\/cdnoticias.com\/index.php\/wp-json\/wp\/v2\/posts"}],"about":[{"href":"https:\/\/cdnoticias.com\/index.php\/wp-json\/wp\/v2\/types\/post"}],"author":[{"embeddable":true,"href":"https:\/\/cdnoticias.com\/index.php\/wp-json\/wp\/v2\/users\/5"}],"replies":[{"embeddable":true,"href":"https:\/\/cdnoticias.com\/index.php\/wp-json\/wp\/v2\/comments?post=688"}],"version-history":[{"count":0,"href":"https:\/\/cdnoticias.com\/index.php\/wp-json\/wp\/v2\/posts\/688\/revisions"}],"wp:featuredmedia":[{"embeddable":true,"href":"https:\/\/cdnoticias.com\/index.php\/wp-json\/wp\/v2\/media\/690"}],"wp:attachment":[{"href":"https:\/\/cdnoticias.com\/index.php\/wp-json\/wp\/v2\/media?parent=688"}],"wp:term":[{"taxonomy":"category","embeddable":true,"href":"https:\/\/cdnoticias.com\/index.php\/wp-json\/wp\/v2\/categories?post=688"},{"taxonomy":"post_tag","embeddable":true,"href":"https:\/\/cdnoticias.com\/index.php\/wp-json\/wp\/v2\/tags?post=688"}],"curies":[{"name":"wp","href":"https:\/\/api.w.org\/{rel}","templated":true}]}}