{"id":68780,"date":"2022-11-01T12:23:23","date_gmt":"2022-11-01T15:23:23","guid":{"rendered":"https:\/\/www.centraldenoticias.com.ar\/?p=68780"},"modified":"2022-11-01T18:05:36","modified_gmt":"2022-11-01T21:05:36","slug":"el-black-friday-olavarria-busca-impulsar-el-comercio-local","status":"publish","type":"post","link":"https:\/\/cdnoticias.com\/index.php\/2022\/11\/01\/el-black-friday-olavarria-busca-impulsar-el-comercio-local\/","title":{"rendered":"El Black Friday Olavarr\u00eda busca impulsar el comercio local"},"content":{"rendered":"<p>Ser\u00e1 del 10 al 14 de noviembre con m\u00e1s de 80 comercios adheridos y 40 rubros. Sigue abierta la inscripci\u00f3n para participar.<!--more--><\/p>\n<hr \/>\n<p>Este martes se lanz\u00f3 oficialmente una nueva edici\u00f3n del <strong>Black Friday Olavarr\u00eda.<\/strong> Fue en la sede de la C\u00e1mara Empresaria local con la participaci\u00f3n de su <strong>presidente Mario Antista, el referente de Productora Norte Sergio Fuhr y la subsecretaria de empresas e inversiones municipal Emilia D\u00edaz.<\/strong><\/p>\n<p>&nbsp;<\/p>\n<p>Mario Antista, presidente de la C\u00e1mara Empresaria, destac\u00f3 la propuesta que cuenta con la gesti\u00f3n de la entidad con el acompa\u00f1amiento de Productora Norte y el Municipio. <strong>\u201cM\u00e1s de 80 comercios van a participar de este evento cada uno con sus descuentos y ofertas\u201d del 10 al 14 de noviembre.<\/strong><\/p>\n<p>&nbsp;<\/p>\n<blockquote><p>\u201cEl objetivo es dinamizar la econom\u00eda y tienen participaci\u00f3n comerciantes de Olavarr\u00eda que no tienen acceso a otros grandes eventos\u201d, indic\u00f3 Antista.<\/p><\/blockquote>\n<p>&nbsp;<\/p>\n<p><img data-recalc-dims=\"1\" loading=\"lazy\" decoding=\"async\" class=\"aligncenter size-full wp-image-68782\" src=\"https:\/\/i0.wp.com\/cdnoticias.com\/wp-content\/uploads\/2022\/11\/black-friday-conferencia-02.jpg?resize=800%2C480&#038;ssl=1\" alt=\"\" width=\"800\" height=\"480\" srcset=\"https:\/\/i0.wp.com\/cdnoticias.com\/wp-content\/uploads\/2022\/11\/black-friday-conferencia-02.jpg?w=1600&amp;ssl=1 1600w, https:\/\/i0.wp.com\/cdnoticias.com\/wp-content\/uploads\/2022\/11\/black-friday-conferencia-02.jpg?resize=300%2C180&amp;ssl=1 300w, https:\/\/i0.wp.com\/cdnoticias.com\/wp-content\/uploads\/2022\/11\/black-friday-conferencia-02.jpg?resize=1024%2C614&amp;ssl=1 1024w, https:\/\/i0.wp.com\/cdnoticias.com\/wp-content\/uploads\/2022\/11\/black-friday-conferencia-02.jpg?resize=768%2C461&amp;ssl=1 768w, https:\/\/i0.wp.com\/cdnoticias.com\/wp-content\/uploads\/2022\/11\/black-friday-conferencia-02.jpg?resize=1536%2C922&amp;ssl=1 1536w\" sizes=\"auto, (max-width: 800px) 100vw, 800px\" \/><\/p>\n<p>&nbsp;<\/p>\n<p>Por su parte, <strong>Sergio Fuhr<\/strong> se refiri\u00f3 a la propuesta que se vuelve a implementar con cambios despu\u00e9s de su \u00faltima edici\u00f3n en 2019. <strong>\u201cUna de las modificaciones es el tiempo de realizaci\u00f3n, de tres d\u00edas se pasaron a cinco. Adem\u00e1s, en esta edici\u00f3n habr\u00e1 sorteos\u201d<\/strong>, asegur\u00f3.<\/p>\n<p>&nbsp;<\/p>\n<p>Asimismo, afirm\u00f3 que \u201cel evento pasa por la p\u00e1gina web<a href=\"https:\/\/bfolavarria.com.ar\/\" target=\"_blank\" rel=\"noopener\"> (https:\/\/bfolavarria.com.ar\/).<\/a> Ah\u00ed conocen todas las ofertas y comercios que participan\u201d. La venta ser\u00e1 desde la p\u00e1gina web en un apartado para venta online y desde el comercio f\u00edsico.<\/p>\n<p>&nbsp;<\/p>\n<p><img data-recalc-dims=\"1\" loading=\"lazy\" decoding=\"async\" class=\"aligncenter size-full wp-image-68783\" src=\"https:\/\/i0.wp.com\/cdnoticias.com\/wp-content\/uploads\/2022\/11\/black-friday-conferencia-01.jpg?resize=800%2C480&#038;ssl=1\" alt=\"\" width=\"800\" height=\"480\" srcset=\"https:\/\/i0.wp.com\/cdnoticias.com\/wp-content\/uploads\/2022\/11\/black-friday-conferencia-01.jpg?w=1560&amp;ssl=1 1560w, https:\/\/i0.wp.com\/cdnoticias.com\/wp-content\/uploads\/2022\/11\/black-friday-conferencia-01.jpg?resize=300%2C180&amp;ssl=1 300w, https:\/\/i0.wp.com\/cdnoticias.com\/wp-content\/uploads\/2022\/11\/black-friday-conferencia-01.jpg?resize=1024%2C614&amp;ssl=1 1024w, https:\/\/i0.wp.com\/cdnoticias.com\/wp-content\/uploads\/2022\/11\/black-friday-conferencia-01.jpg?resize=768%2C461&amp;ssl=1 768w, https:\/\/i0.wp.com\/cdnoticias.com\/wp-content\/uploads\/2022\/11\/black-friday-conferencia-01.jpg?resize=1536%2C922&amp;ssl=1 1536w\" sizes=\"auto, (max-width: 800px) 100vw, 800px\" \/><\/p>\n<p>&nbsp;<\/p>\n<p>\u201cHay m\u00e1s de 40 rubros con 80 comercios. Y sigue abierta la inscripci\u00f3n para participar. Adem\u00e1s, los comercios estar\u00e1n identificados con un kit decorativo y entregar\u00e1n bolsas especiales a los clientes\u201d, agreg\u00f3 Fuhr.<\/p>\n<p>&nbsp;<\/p>\n<p>Por \u00faltimo, Emilia D\u00edaz destac\u00f3 la propuesta y asegur\u00f3 que \u201ccelebramos este tipo de iniciativas. Despu\u00e9s de la pandemia esperemos que la iniciativa tome fuerza\u201d.<\/p>\n","protected":false},"excerpt":{"rendered":"<p>Ser\u00e1 del 10 al 14 de noviembre con m\u00e1s de 80 comercios adheridos y 40 rubros. Sigue abierta la inscripci\u00f3n<\/p>\n","protected":false},"author":5,"featured_media":68781,"comment_status":"closed","ping_status":"closed","sticky":false,"template":"","format":"standard","meta":{"_jetpack_memberships_contains_paid_content":false,"footnotes":""},"categories":[5,1],"tags":[],"class_list":["post-68780","post","type-post","status-publish","format-standard","has-post-thumbnail","hentry","category-informacion-general","category-portada"],"jetpack_featured_media_url":"https:\/\/i0.wp.com\/cdnoticias.com\/wp-content\/uploads\/2022\/11\/blackfrydayolavarria-scaled.jpg?fit=2560%2C1536&ssl=1","jetpack_sharing_enabled":true,"_links":{"self":[{"href":"https:\/\/cdnoticias.com\/index.php\/wp-json\/wp\/v2\/posts\/68780","targetHints":{"allow":["GET"]}}],"collection":[{"href":"https:\/\/cdnoticias.com\/index.php\/wp-json\/wp\/v2\/posts"}],"about":[{"href":"https:\/\/cdnoticias.com\/index.php\/wp-json\/wp\/v2\/types\/post"}],"author":[{"embeddable":true,"href":"https:\/\/cdnoticias.com\/index.php\/wp-json\/wp\/v2\/users\/5"}],"replies":[{"embeddable":true,"href":"https:\/\/cdnoticias.com\/index.php\/wp-json\/wp\/v2\/comments?post=68780"}],"version-history":[{"count":0,"href":"https:\/\/cdnoticias.com\/index.php\/wp-json\/wp\/v2\/posts\/68780\/revisions"}],"wp:featuredmedia":[{"embeddable":true,"href":"https:\/\/cdnoticias.com\/index.php\/wp-json\/wp\/v2\/media\/68781"}],"wp:attachment":[{"href":"https:\/\/cdnoticias.com\/index.php\/wp-json\/wp\/v2\/media?parent=68780"}],"wp:term":[{"taxonomy":"category","embeddable":true,"href":"https:\/\/cdnoticias.com\/index.php\/wp-json\/wp\/v2\/categories?post=68780"},{"taxonomy":"post_tag","embeddable":true,"href":"https:\/\/cdnoticias.com\/index.php\/wp-json\/wp\/v2\/tags?post=68780"}],"curies":[{"name":"wp","href":"https:\/\/api.w.org\/{rel}","templated":true}]}}