{"id":68768,"date":"2022-11-01T10:48:52","date_gmt":"2022-11-01T13:48:52","guid":{"rendered":"https:\/\/www.centraldenoticias.com.ar\/?p=68768"},"modified":"2022-11-01T12:23:37","modified_gmt":"2022-11-01T15:23:37","slug":"se-realizo-el-primer-encuentro-de-colonias-de-alemanes-del-volga","status":"publish","type":"post","link":"https:\/\/cdnoticias.com\/index.php\/2022\/11\/01\/se-realizo-el-primer-encuentro-de-colonias-de-alemanes-del-volga\/","title":{"rendered":"Se realiz\u00f3 el primer encuentro de colonias de Alemanes del Volga"},"content":{"rendered":"<p>Cada localidad expuso sus actividades de desarrollo comunitario y sus demandas. Evidenciaron necesidades de inversi\u00f3n en infraestructura para salud, vivienda, tr\u00e1nsito y urbanismo. Adem\u00e1s, plantearon propuestas de proyecci\u00f3n del turismo.<!--more--><\/p>\n<hr \/>\n<p><strong>Como estaba previsto el viernes en el Sal\u00f3n Parroquial de Colonia Hinojo se realiz\u00f3 el primer encuentro de las tres colonias del Alemanes del Volga de Olavarr\u00eda<\/strong>, declarado de inter\u00e9s legislativo por el Concejo Deliberante.<\/p>\n<p>&nbsp;<\/p>\n<p><strong>Colonia Hinojo, Colonia Nievas y Colonia San Miguel<\/strong> realizaron su primer encuentro de estas caracter\u00edsticas despu\u00e9s de 144 a\u00f1os de existencia y permanencia en el centro de la Provincia de Buenos Aires, tras arribar desde las orillas del Rio Volga a nuestras tierras, en el a\u00f1o 1878.<\/p>\n<p>&nbsp;<\/p>\n<p>El panel que fue presentado por <strong>Andrea Ciappina<\/strong>, quien ofici\u00f3 de locutora, estaba formado por la representante unificada de Alemanes del Volga, <strong>Marcela Heim<\/strong>. Por Colonia Hinojo el presidente y secretaria de la Asociaci\u00f3n de Descendientes, <strong>Hugo y Ver\u00f3nica Schwindt<\/strong>; tambi\u00e9n <strong>Celeste Safenreiter y Andrea Ginter<\/strong> de Sociedad Germana.\u00a0 Por Colonia San Miguel, expuso la presidenta de Sociedad de Fomento <strong>Silvia Maibach y Ana Mar\u00eda Becquer<\/strong>, y por Colonia Nievas el presidente de Sociedad de Fomento e impulsor del evento, el azule\u00f1o <strong>Osvaldo Bugliese<\/strong> acompa\u00f1ado por <strong>\u201cMingo\u201d Jacobo<\/strong>.<\/p>\n<p>&nbsp;<\/p>\n<p><img data-recalc-dims=\"1\" loading=\"lazy\" decoding=\"async\" class=\"size-full wp-image-68770 aligncenter\" src=\"https:\/\/i0.wp.com\/cdnoticias.com\/wp-content\/uploads\/2022\/11\/encuentro-de-alemanes-del-volga-1.jpg?resize=800%2C445&#038;ssl=1\" alt=\"\" width=\"800\" height=\"445\" srcset=\"https:\/\/i0.wp.com\/cdnoticias.com\/wp-content\/uploads\/2022\/11\/encuentro-de-alemanes-del-volga-1.jpg?w=800&amp;ssl=1 800w, https:\/\/i0.wp.com\/cdnoticias.com\/wp-content\/uploads\/2022\/11\/encuentro-de-alemanes-del-volga-1.jpg?resize=300%2C167&amp;ssl=1 300w, https:\/\/i0.wp.com\/cdnoticias.com\/wp-content\/uploads\/2022\/11\/encuentro-de-alemanes-del-volga-1.jpg?resize=768%2C427&amp;ssl=1 768w\" sizes=\"auto, (max-width: 800px) 100vw, 800px\" \/><\/p>\n<p>&nbsp;<\/p>\n<p>Con <strong>buen marco de p\u00fablico<\/strong> entre los que se encontraban muchos descendientes de los fundadores de dichos pueblos, abanderados y escoltas de colegios e instituciones se dio comienzo al acto con entonaci\u00f3n de Himno Nacional Argentino e Himno Alem\u00e1n.<\/p>\n<p>&nbsp;<\/p>\n<p>Seguidamente, y luego de la bendici\u00f3n del padre Jos\u00e9 Quatrocchio, la profesora Tusnelda Heiland hizo una breve alocuci\u00f3n en espa\u00f1ol y alem\u00e1n, sobre lo significativo del evento y apunt\u00f3 directamente a los<strong> j\u00f3venes descendientes inst\u00e1ndolos a participar en actividades para mantener vigente la cultura ancestral.<\/strong><\/p>\n<p>&nbsp;<\/p>\n<p>A continuaci\u00f3n Marcela Heim indic\u00f3 lo importante del acto y la participaci\u00f3n en la<strong> Uni\u00f3n de Colectividades<\/strong>, luego record\u00f3 a familiares fallecidos.<\/p>\n<p>&nbsp;<\/p>\n<p>Acto seguido se expresaron los representantes de cada colonia donde desarrollaron variados temas.<\/p>\n<p>&nbsp;<\/p>\n<p><img data-recalc-dims=\"1\" loading=\"lazy\" decoding=\"async\" class=\"size-full wp-image-68771 aligncenter\" src=\"https:\/\/i0.wp.com\/cdnoticias.com\/wp-content\/uploads\/2022\/11\/encuentro-de-alemanes-del-volga-2.jpg?resize=800%2C445&#038;ssl=1\" alt=\"\" width=\"800\" height=\"445\" srcset=\"https:\/\/i0.wp.com\/cdnoticias.com\/wp-content\/uploads\/2022\/11\/encuentro-de-alemanes-del-volga-2.jpg?w=800&amp;ssl=1 800w, https:\/\/i0.wp.com\/cdnoticias.com\/wp-content\/uploads\/2022\/11\/encuentro-de-alemanes-del-volga-2.jpg?resize=300%2C167&amp;ssl=1 300w, https:\/\/i0.wp.com\/cdnoticias.com\/wp-content\/uploads\/2022\/11\/encuentro-de-alemanes-del-volga-2.jpg?resize=768%2C427&amp;ssl=1 768w\" sizes=\"auto, (max-width: 800px) 100vw, 800px\" \/><\/p>\n<p>&nbsp;<\/p>\n<p>Por parte de<strong> Colonia Hinojo<\/strong> se mencionaron distintas actividades realizadas como la <em>colocaci\u00f3n de la compostera comunitaria en la Kinderplatz y las tareas del grupo \u201cGuardianes Ecol\u00f3gicos\u201d. En cuanto a salud, contaron que se puso a disposici\u00f3n la sede de fomento para testeos y el programa RTA durante la pandemia; y que se Constituy\u00f3 la posta de vacunaci\u00f3n itinerante para Covid y calendario anual as\u00ed como tambi\u00e9n se realiz\u00f3 la campa\u00f1a de prevenci\u00f3n de c\u00e1ncer de colon. Tambi\u00e9n se destac\u00f3 el dictado de talleres (de idioma alem\u00e1n, arte, pizca, pasta-piedra) y se realizaron tareas de mantenimiento edilicio en diversos espacios comunitarios.<\/em><\/p>\n<p>&nbsp;<\/p>\n<p>A su vez demandaron la necesidad de <strong>\u201cdesignaci\u00f3n de una secretaria y m\u00e9dicos cl\u00ednicos para la unidad perif\u00e9rica\u201d<\/strong>, la \u201cresoluci\u00f3n de problem\u00e1tica habitacional a trav\u00e9s del loteo de terrenos municipales para plan de viviendas para j\u00f3venes nativos de esa localidad\u201d, la \u201cdesignaci\u00f3n de un representante de las tres colonias que gestione como intermediario en \u00e1mbito municipal\u201d y el \u201cmejoramiento de ingreso dese la ruta 226 a la Colonia\u201d.<\/p>\n<p>&nbsp;<\/p>\n<p>En tanto, desde<strong> Colonia San Miguel<\/strong> se destac\u00f3 que mediante la<em> organizaci\u00f3n de eventos obtuvieron recursos para la adquisici\u00f3n de mobiliario, pintura y revoques para la sede social\u00a0 fomentista. Tambi\u00e9n que a trav\u00e9s de gestiones municipales se obtuvo el cielorraso para el Club Independiente y que se logr\u00f3 obtener la personer\u00eda jur\u00eddica como asociaci\u00f3n civil.<\/em><\/p>\n<p>&nbsp;<\/p>\n<p>A la hora de las necesidades reclamaron como m\u00e1s urgente la<strong> \u201creparaci\u00f3n de calles y de la sala perif\u00e9rica,<\/strong> designaci\u00f3n de m\u00e9dico y empleado municipal y la habilitaci\u00f3n del balneario como complejo tur\u00edstico\u201d.<\/p>\n<p>&nbsp;<\/p>\n<p><img data-recalc-dims=\"1\" loading=\"lazy\" decoding=\"async\" class=\"size-full wp-image-68772 aligncenter\" src=\"https:\/\/i0.wp.com\/cdnoticias.com\/wp-content\/uploads\/2022\/11\/encuentro-de-alemanes-del-volga-3.jpg?resize=800%2C444&#038;ssl=1\" alt=\"\" width=\"800\" height=\"444\" srcset=\"https:\/\/i0.wp.com\/cdnoticias.com\/wp-content\/uploads\/2022\/11\/encuentro-de-alemanes-del-volga-3.jpg?w=800&amp;ssl=1 800w, https:\/\/i0.wp.com\/cdnoticias.com\/wp-content\/uploads\/2022\/11\/encuentro-de-alemanes-del-volga-3.jpg?resize=300%2C167&amp;ssl=1 300w, https:\/\/i0.wp.com\/cdnoticias.com\/wp-content\/uploads\/2022\/11\/encuentro-de-alemanes-del-volga-3.jpg?resize=768%2C426&amp;ssl=1 768w\" sizes=\"auto, (max-width: 800px) 100vw, 800px\" \/><\/p>\n<p>&nbsp;<\/p>\n<p>Por \u00faltimo, desde <strong>Colonia Nievas<\/strong> se expuso que se present\u00f3 ante el HCD un proyecto de<em> \u201cProtecci\u00f3n del Medio Ambiente y Patrimonio Cultural de Colonia Nievas\u201d. La Comisi\u00f3n de Medio Ambiente lo envi\u00f3 al Ejecutivo para ser tenido en cuenta al momento de la zonificaci\u00f3n. Tambi\u00e9n que se instal\u00f3 la jaula para PET y aluminio, lo que se permuta por plantas en el programa de concientizaci\u00f3n ambiental.\u00a0 Se realiz\u00f3 la plantaci\u00f3n de distintas especies en la plaza e ingreso a la Colonia. Se hicieron arreglos de cargas de la Capilla. Se instituy\u00f3 el nombre \u201cPadre Juan Naviliat\u201d a la plaza central. Se erigieron los monumentos a la \u201cMadre Alemana\u201d y al \u201cperro\u201d. Mantenimiento de calles y espacios p\u00fablicos en coordinaci\u00f3n con la Municipalidad.<\/em><\/p>\n<p>&nbsp;<\/p>\n<p>Tambi\u00e9n esta Colonia manifest\u00f3 necesidades, entre ellas se pidi\u00f3 la<strong> intervenci\u00f3n de la Municipalidad y de Coopelectric para mejorar el sistema de alumbrado<\/strong>. Se plante\u00f3, adem\u00e1s la necesidad de gestionar \u201centre las colonias para la formaci\u00f3n de un circuito tur\u00edstico sistematizado en coordinaci\u00f3n con comercios de cada lugar\u201d y la \u201ccreaci\u00f3n de grupo de j\u00f3venes y amigos de descendiente de Alemanes del Volga\u201d.<\/p>\n<p>&nbsp;<\/p>\n<p>La docente Laura Gotfritt se expres\u00f3 como cierre.<\/p>\n<p>&nbsp;<\/p>\n<p>Para finalizar se present\u00f3 el grupo de danzas t\u00edpicas alemanas \u201cWir Bringen Freunde\u201d de Olavarr\u00eda y \u201cBocha\u201d Sosa ejecut\u00f3 m\u00fasica alemana con acorde\u00f3n, a la vez que entre los presentes se compart\u00eda un lunch.<\/p>\n<p>&nbsp;<\/p>\n<p>&nbsp;<\/p>\n","protected":false},"excerpt":{"rendered":"<p>Cada localidad expuso sus actividades de desarrollo comunitario y sus demandas. Evidenciaron necesidades de inversi\u00f3n en infraestructura para salud, vivienda,<\/p>\n","protected":false},"author":4,"featured_media":68769,"comment_status":"closed","ping_status":"closed","sticky":false,"template":"","format":"standard","meta":{"_jetpack_memberships_contains_paid_content":false,"footnotes":""},"categories":[5,1],"tags":[],"class_list":["post-68768","post","type-post","status-publish","format-standard","has-post-thumbnail","hentry","category-informacion-general","category-portada"],"jetpack_featured_media_url":"https:\/\/i0.wp.com\/cdnoticias.com\/wp-content\/uploads\/2022\/11\/encuentro-de-alemanes-del-volga-0.jpg?fit=800%2C445&ssl=1","jetpack_sharing_enabled":true,"_links":{"self":[{"href":"https:\/\/cdnoticias.com\/index.php\/wp-json\/wp\/v2\/posts\/68768","targetHints":{"allow":["GET"]}}],"collection":[{"href":"https:\/\/cdnoticias.com\/index.php\/wp-json\/wp\/v2\/posts"}],"about":[{"href":"https:\/\/cdnoticias.com\/index.php\/wp-json\/wp\/v2\/types\/post"}],"author":[{"embeddable":true,"href":"https:\/\/cdnoticias.com\/index.php\/wp-json\/wp\/v2\/users\/4"}],"replies":[{"embeddable":true,"href":"https:\/\/cdnoticias.com\/index.php\/wp-json\/wp\/v2\/comments?post=68768"}],"version-history":[{"count":0,"href":"https:\/\/cdnoticias.com\/index.php\/wp-json\/wp\/v2\/posts\/68768\/revisions"}],"wp:featuredmedia":[{"embeddable":true,"href":"https:\/\/cdnoticias.com\/index.php\/wp-json\/wp\/v2\/media\/68769"}],"wp:attachment":[{"href":"https:\/\/cdnoticias.com\/index.php\/wp-json\/wp\/v2\/media?parent=68768"}],"wp:term":[{"taxonomy":"category","embeddable":true,"href":"https:\/\/cdnoticias.com\/index.php\/wp-json\/wp\/v2\/categories?post=68768"},{"taxonomy":"post_tag","embeddable":true,"href":"https:\/\/cdnoticias.com\/index.php\/wp-json\/wp\/v2\/tags?post=68768"}],"curies":[{"name":"wp","href":"https:\/\/api.w.org\/{rel}","templated":true}]}}