{"id":68541,"date":"2022-10-28T17:03:13","date_gmt":"2022-10-28T20:03:13","guid":{"rendered":"https:\/\/www.centraldenoticias.com.ar\/?p=68541"},"modified":"2022-10-28T17:55:22","modified_gmt":"2022-10-28T20:55:22","slug":"los-jardines-maternales-municipales-presentaron-sus-distintivos","status":"publish","type":"post","link":"https:\/\/cdnoticias.com\/index.php\/2022\/10\/28\/los-jardines-maternales-municipales-presentaron-sus-distintivos\/","title":{"rendered":"Los Jardines Maternales Municipales presentaron sus distintivos"},"content":{"rendered":"<p>Fue en la ma\u00f1ana de este viernes en el Parque \u201cHelios Eseverri\u201d. Participaron m\u00e1s de 200 ni\u00f1os y ni\u00f1as que integran los 12 maternales que dependen del Municipio. <!--more--><\/p>\n<hr \/>\n<p>En la ma\u00f1ana de este viernes<strong> el Parque \u201cHelios Eseverri\u201d fue sede de una verdadera fiesta con motivo de la presentaci\u00f3n de los distintivos de los m\u00e1s de 240 ni\u00f1os y ni\u00f1as que egresaron de los Jardines Maternales<\/strong> que dependen de la Municipalidad de Olavarr\u00eda.<\/p>\n<p>&nbsp;<\/p>\n<p><img data-recalc-dims=\"1\" loading=\"lazy\" decoding=\"async\" class=\"alignnone size-large wp-image-68543\" src=\"https:\/\/i0.wp.com\/cdnoticias.com\/wp-content\/uploads\/2022\/10\/DH-Presentacion-Distintivos-Jardines-Maternales-2-scaled-1.jpg?resize=800%2C534&#038;ssl=1\" alt=\"\" width=\"800\" height=\"534\" srcset=\"https:\/\/i0.wp.com\/cdnoticias.com\/wp-content\/uploads\/2022\/10\/DH-Presentacion-Distintivos-Jardines-Maternales-2-scaled-1.jpg?resize=1024%2C684&amp;ssl=1 1024w, https:\/\/i0.wp.com\/cdnoticias.com\/wp-content\/uploads\/2022\/10\/DH-Presentacion-Distintivos-Jardines-Maternales-2-scaled-1.jpg?resize=300%2C201&amp;ssl=1 300w, https:\/\/i0.wp.com\/cdnoticias.com\/wp-content\/uploads\/2022\/10\/DH-Presentacion-Distintivos-Jardines-Maternales-2-scaled-1.jpg?resize=768%2C513&amp;ssl=1 768w, https:\/\/i0.wp.com\/cdnoticias.com\/wp-content\/uploads\/2022\/10\/DH-Presentacion-Distintivos-Jardines-Maternales-2-scaled-1.jpg?resize=1536%2C1027&amp;ssl=1 1536w, https:\/\/i0.wp.com\/cdnoticias.com\/wp-content\/uploads\/2022\/10\/DH-Presentacion-Distintivos-Jardines-Maternales-2-scaled-1.jpg?resize=2048%2C1369&amp;ssl=1 2048w, https:\/\/i0.wp.com\/cdnoticias.com\/wp-content\/uploads\/2022\/10\/DH-Presentacion-Distintivos-Jardines-Maternales-2-scaled-1.jpg?resize=272%2C182&amp;ssl=1 272w, https:\/\/i0.wp.com\/cdnoticias.com\/wp-content\/uploads\/2022\/10\/DH-Presentacion-Distintivos-Jardines-Maternales-2-scaled-1.jpg?w=1600&amp;ssl=1 1600w, https:\/\/i0.wp.com\/cdnoticias.com\/wp-content\/uploads\/2022\/10\/DH-Presentacion-Distintivos-Jardines-Maternales-2-scaled-1.jpg?w=2400&amp;ssl=1 2400w\" sizes=\"auto, (max-width: 800px) 100vw, 800px\" \/><\/p>\n<p>&nbsp;<\/p>\n<p>El evento, que se prolong\u00f3 durante la ma\u00f1ana y hasta ya entrada la tarde, <strong>incluy\u00f3 tambi\u00e9n un almuerzo, la realizaci\u00f3n de distintos propuestas recreativas y l\u00fadicas, un show de magia e inclusive la participaci\u00f3n de integrantes de Centros de D\u00eda y de Espacio Adolescente, quienes maquillaron y pintaron a los flamantes egresados.<\/strong><\/p>\n<p>&nbsp;<\/p>\n<p>Concurri\u00f3 el intendente municipal Ezequiel Galli, acompa\u00f1ado por el secretario de Desarrollo Humano y Calidad de Vida Diego Robbiani, la subsecretaria de Desarrollo Social Silvana Rosales y la directora de la Unidad de Desarrollo Infantil Sandra Bilbao.<\/p>\n<p>&nbsp;<\/p>\n<p><img data-recalc-dims=\"1\" loading=\"lazy\" decoding=\"async\" class=\"alignnone size-large wp-image-68545\" src=\"https:\/\/i0.wp.com\/cdnoticias.com\/wp-content\/uploads\/2022\/10\/DH-Presentacion-Distintivos-Jardines-Maternales-4-scaled-1.jpg?resize=800%2C534&#038;ssl=1\" alt=\"\" width=\"800\" height=\"534\" srcset=\"https:\/\/i0.wp.com\/cdnoticias.com\/wp-content\/uploads\/2022\/10\/DH-Presentacion-Distintivos-Jardines-Maternales-4-scaled-1.jpg?resize=1024%2C684&amp;ssl=1 1024w, https:\/\/i0.wp.com\/cdnoticias.com\/wp-content\/uploads\/2022\/10\/DH-Presentacion-Distintivos-Jardines-Maternales-4-scaled-1.jpg?resize=300%2C201&amp;ssl=1 300w, https:\/\/i0.wp.com\/cdnoticias.com\/wp-content\/uploads\/2022\/10\/DH-Presentacion-Distintivos-Jardines-Maternales-4-scaled-1.jpg?resize=768%2C513&amp;ssl=1 768w, https:\/\/i0.wp.com\/cdnoticias.com\/wp-content\/uploads\/2022\/10\/DH-Presentacion-Distintivos-Jardines-Maternales-4-scaled-1.jpg?resize=1536%2C1027&amp;ssl=1 1536w, https:\/\/i0.wp.com\/cdnoticias.com\/wp-content\/uploads\/2022\/10\/DH-Presentacion-Distintivos-Jardines-Maternales-4-scaled-1.jpg?resize=2048%2C1369&amp;ssl=1 2048w, https:\/\/i0.wp.com\/cdnoticias.com\/wp-content\/uploads\/2022\/10\/DH-Presentacion-Distintivos-Jardines-Maternales-4-scaled-1.jpg?resize=272%2C182&amp;ssl=1 272w, https:\/\/i0.wp.com\/cdnoticias.com\/wp-content\/uploads\/2022\/10\/DH-Presentacion-Distintivos-Jardines-Maternales-4-scaled-1.jpg?w=1600&amp;ssl=1 1600w, https:\/\/i0.wp.com\/cdnoticias.com\/wp-content\/uploads\/2022\/10\/DH-Presentacion-Distintivos-Jardines-Maternales-4-scaled-1.jpg?w=2400&amp;ssl=1 2400w\" sizes=\"auto, (max-width: 800px) 100vw, 800px\" \/><\/p>\n<p>&nbsp;<\/p>\n<p>El Parque \u201cHelios Eseverri\u201d se vio colmado tambi\u00e9n por familiares e integrantes de la comunidad educativa de cada uno de los 12 jardines maternales de la Municipalidad de Olavarr\u00eda.<\/p>\n","protected":false},"excerpt":{"rendered":"<p>Fue en la ma\u00f1ana de este viernes en el Parque \u201cHelios Eseverri\u201d. Participaron m\u00e1s de 200 ni\u00f1os y ni\u00f1as que<\/p>\n","protected":false},"author":2,"featured_media":68544,"comment_status":"closed","ping_status":"closed","sticky":false,"template":"","format":"standard","meta":{"_jetpack_memberships_contains_paid_content":false,"footnotes":""},"categories":[5,1],"tags":[],"class_list":["post-68541","post","type-post","status-publish","format-standard","has-post-thumbnail","hentry","category-informacion-general","category-portada"],"jetpack_featured_media_url":"https:\/\/i0.wp.com\/cdnoticias.com\/wp-content\/uploads\/2022\/10\/DH-Presentacion-Distintivos-Jardines-Maternales-3-scaled-1.jpg?fit=2560%2C1711&ssl=1","jetpack_sharing_enabled":true,"_links":{"self":[{"href":"https:\/\/cdnoticias.com\/index.php\/wp-json\/wp\/v2\/posts\/68541","targetHints":{"allow":["GET"]}}],"collection":[{"href":"https:\/\/cdnoticias.com\/index.php\/wp-json\/wp\/v2\/posts"}],"about":[{"href":"https:\/\/cdnoticias.com\/index.php\/wp-json\/wp\/v2\/types\/post"}],"author":[{"embeddable":true,"href":"https:\/\/cdnoticias.com\/index.php\/wp-json\/wp\/v2\/users\/2"}],"replies":[{"embeddable":true,"href":"https:\/\/cdnoticias.com\/index.php\/wp-json\/wp\/v2\/comments?post=68541"}],"version-history":[{"count":0,"href":"https:\/\/cdnoticias.com\/index.php\/wp-json\/wp\/v2\/posts\/68541\/revisions"}],"wp:featuredmedia":[{"embeddable":true,"href":"https:\/\/cdnoticias.com\/index.php\/wp-json\/wp\/v2\/media\/68544"}],"wp:attachment":[{"href":"https:\/\/cdnoticias.com\/index.php\/wp-json\/wp\/v2\/media?parent=68541"}],"wp:term":[{"taxonomy":"category","embeddable":true,"href":"https:\/\/cdnoticias.com\/index.php\/wp-json\/wp\/v2\/categories?post=68541"},{"taxonomy":"post_tag","embeddable":true,"href":"https:\/\/cdnoticias.com\/index.php\/wp-json\/wp\/v2\/tags?post=68541"}],"curies":[{"name":"wp","href":"https:\/\/api.w.org\/{rel}","templated":true}]}}