{"id":68529,"date":"2022-10-28T12:16:28","date_gmt":"2022-10-28T15:16:28","guid":{"rendered":"https:\/\/www.centraldenoticias.com.ar\/?p=68529"},"modified":"2022-10-28T12:17:09","modified_gmt":"2022-10-28T15:17:09","slug":"por-cuestiones-climaticas-se-suspendio-olavarria-vuela","status":"publish","type":"post","link":"https:\/\/cdnoticias.com\/index.php\/2022\/10\/28\/por-cuestiones-climaticas-se-suspendio-olavarria-vuela\/","title":{"rendered":"Por cuestiones clim\u00e1ticas, suspenden \u201cOlavarr\u00eda Vuela\u201d"},"content":{"rendered":"<p>El espect\u00e1culo a\u00e9reo se iba a desarrollar este s\u00e1bado y domingo en el Aer\u00f3dromo Municipal. La fecha ser\u00e1 reprogramada e informada en breve.<!--more--><\/p>\n<hr \/>\n<p>El pron\u00f3stico del tiempo anticipa para este fin de semana dos jornadas con <strong>probabilidad de lluvias y tormentas.<\/strong> Por tal motivo, el festival a\u00e9reo que se iba a desarrollar durante este s\u00e1bado y domingo <strong>fue suspendido y su fecha ser\u00e1 reprogramada.<\/strong><\/p>\n<p>&nbsp;<\/p>\n<p>Si bien <strong>a\u00fan no est\u00e1 confirmada una fecha de realizaci\u00f3n<\/strong>, la intenci\u00f3n de los organizadores es concretar pr\u00f3ximamente el evento en el Aer\u00f3dromo Municipal de Olavarr\u00eda.<\/p>\n<p>&nbsp;<\/p>\n<p>La jornada promet\u00eda diversas actividades e iba a reunir a <strong>aeronaves de distintos puntos del pa\u00eds, aviones antiguos, radio controlados, planeadores y helic\u00f3pteros.\u00a0<\/strong><\/p>\n","protected":false},"excerpt":{"rendered":"<p>El espect\u00e1culo a\u00e9reo se iba a desarrollar este s\u00e1bado y domingo en el Aer\u00f3dromo Municipal. La fecha ser\u00e1 reprogramada e<\/p>\n","protected":false},"author":5,"featured_media":68286,"comment_status":"closed","ping_status":"closed","sticky":false,"template":"","format":"standard","meta":{"_jetpack_memberships_contains_paid_content":false,"footnotes":""},"categories":[5,1],"tags":[],"class_list":["post-68529","post","type-post","status-publish","format-standard","has-post-thumbnail","hentry","category-informacion-general","category-portada"],"jetpack_featured_media_url":"https:\/\/i0.wp.com\/cdnoticias.com\/wp-content\/uploads\/2022\/10\/olavarria-vuela.jpg?fit=915%2C485&ssl=1","jetpack_sharing_enabled":true,"_links":{"self":[{"href":"https:\/\/cdnoticias.com\/index.php\/wp-json\/wp\/v2\/posts\/68529","targetHints":{"allow":["GET"]}}],"collection":[{"href":"https:\/\/cdnoticias.com\/index.php\/wp-json\/wp\/v2\/posts"}],"about":[{"href":"https:\/\/cdnoticias.com\/index.php\/wp-json\/wp\/v2\/types\/post"}],"author":[{"embeddable":true,"href":"https:\/\/cdnoticias.com\/index.php\/wp-json\/wp\/v2\/users\/5"}],"replies":[{"embeddable":true,"href":"https:\/\/cdnoticias.com\/index.php\/wp-json\/wp\/v2\/comments?post=68529"}],"version-history":[{"count":0,"href":"https:\/\/cdnoticias.com\/index.php\/wp-json\/wp\/v2\/posts\/68529\/revisions"}],"wp:featuredmedia":[{"embeddable":true,"href":"https:\/\/cdnoticias.com\/index.php\/wp-json\/wp\/v2\/media\/68286"}],"wp:attachment":[{"href":"https:\/\/cdnoticias.com\/index.php\/wp-json\/wp\/v2\/media?parent=68529"}],"wp:term":[{"taxonomy":"category","embeddable":true,"href":"https:\/\/cdnoticias.com\/index.php\/wp-json\/wp\/v2\/categories?post=68529"},{"taxonomy":"post_tag","embeddable":true,"href":"https:\/\/cdnoticias.com\/index.php\/wp-json\/wp\/v2\/tags?post=68529"}],"curies":[{"name":"wp","href":"https:\/\/api.w.org\/{rel}","templated":true}]}}