{"id":685,"date":"2020-09-03T16:09:21","date_gmt":"2020-09-03T19:09:21","guid":{"rendered":"http:\/\/www.centraldenoticias.com.ar\/?p=685"},"modified":"2020-09-03T16:09:21","modified_gmt":"2020-09-03T19:09:21","slug":"comienza-el-mes-del-empleado-de-comercio-en-formato-virtual","status":"publish","type":"post","link":"https:\/\/cdnoticias.com\/index.php\/2020\/09\/03\/comienza-el-mes-del-empleado-de-comercio-en-formato-virtual\/","title":{"rendered":"Comienza el \u201cMes del empleado de comercio\u201d en formato virtual"},"content":{"rendered":"<p>El Centro de Empleados de Comercio (CECO) realizar\u00e1 una edici\u00f3n especial del tradicional festejo con m\u00faltiples actividades, todas de formato virtual. Habr\u00e1 un interesante ciclo de charlas de formaci\u00f3n, y se sortear\u00e1n premios y \u00f3rdenes semanales de compra. El s\u00e1bado 26 habr\u00e1 un show online y se sortear\u00e1n 1,2 y 3 sueldos a los ganadores finales.<!--more--><\/p>\n<p>__________________<\/p>\n<p>En su edici\u00f3n n\u00famero 13, <strong>comienza el mes del Empleado de Comercio en Olavarr\u00eda.<\/strong> En este a\u00f1o tan particular, habr\u00e1 un ciclo de capacitaci\u00f3n online, premios y espect\u00e1culos en streaming para celebrar este mes de los empleados de comercio.<\/p>\n<p>&nbsp;<\/p>\n<blockquote><p>La modalidad virtual fue la elegida para programar las propuestas como \u201cuna forma de cuidar a los afiliados, pero sin dejar de poner en valor el rol esencial que tienen los y las trabajadoras de comercio\u201d.<\/p><\/blockquote>\n<p>&nbsp;<\/p>\n<p>En esta oportunidad, <strong>los afiliados y afiliadas al CECO est\u00e1n recibiendo en sus celulares un Bono con los n\u00fameros para intervenir en los sorteos semanales<\/strong>. Participan los afiliados activos y jubilados de las ciudades de Olavarr\u00eda, La Madrid y Laprida. El CECO puso a disposici\u00f3n de los afiliados que no hayan recibido sus bonos su web (ceco.org.ar) para que mediante su n\u00famero de DNI puedan conocer cu\u00e1les son sus n\u00fameros asignados.<\/p>\n<p>&nbsp;<\/p>\n<p><strong>Todas las semanas se sortear\u00e1n \u00f3rdenes de compra y voucher\u2019s en distintos comercios de nuestra ciudad y la regi\u00f3n<\/strong>. Los sorteos se realizar\u00e1n todos los s\u00e1bados de septiembre en la jugada Nocturna de la Loter\u00eda de la Provincia de Buenos Aires.<strong> El s\u00e1bado 26 se sortear\u00e1n los premios principales que ser\u00e1n 1, 2 y 3 sueldos, de acuerdo a escala vigente, categor\u00eda y antig\u00fcedad del ganador).<\/strong><\/p>\n<p>&nbsp;<\/p>\n<blockquote><p>Tambi\u00e9n, como en los \u00faltimos a\u00f1os, ser\u00e1 importante la participaci\u00f3n de todos los trabajadores y trabajadoras en los perfiles del CECO en las redes sociales para ganar premios sorpresa y conocer todas las novedades que el gremio mercantil est\u00e1 preparando para agasajar a los empleados de comercio.<\/p><\/blockquote>\n<p>&nbsp;<\/p>\n<p><em>\u201cDesde hace varias semanas venimos trabajando en ver de qu\u00e9 forma podemos festejar nuestro mes sin dejar de cumplir las normas y protocolos que trajo la pandemia del coronavirus\u201d<\/em> afirma el secretario general del gremio Miguel Santell\u00e1n.<\/p>\n<p>&nbsp;<\/p>\n<p>Un punto importante en esta edici\u00f3n ser\u00e1 la <strong>realizaci\u00f3n de una serie de charlas formativas que se realizar\u00e1n mediante la plataforma ZOOM,<\/strong> para que todos puedan acceder desde su casa. \u201cQueremos llegar a los empleados de comercio con todos los temas que le interesen aprovechando las herramientas tecnol\u00f3gicas\u201d remarc\u00f3 Santell\u00e1n.<\/p>\n<p>&nbsp;<\/p>\n<p><strong>La primera charla se realiz\u00f3 el pasado mi\u00e9rcoles y busc\u00f3 informar sobre la nueva Ley de Teletrabajo<\/strong> y su impacto en la labor cotidiana de distintos empleados de comercio.<\/p>\n<p>&nbsp;<\/p>\n<p>Seguir\u00e1 el ciclo el pr\u00f3ximo mi\u00e9rcoles 9, donde se hablar\u00e1 de educaci\u00f3n junto al plantel docente del Jard\u00edn \u201cNi\u00f1o Feliz\u201d; el 16 de septiembre los profesores del Gimnasio del CECO brindar\u00e1n una exposici\u00f3n sobre las caracter\u00edsticas del entrenamiento funcional. Para cerrar el ciclo, el mi\u00e9rcoles 23 las profesionales del Grupo nutricional, la psic\u00f3loga Natalia \u00c1lvarez y la Nutricionista Regina Traverso expondr\u00e1n sobre el aislamiento, la nutrici\u00f3n y el stress. Una tem\u00e1tica de gran importancia en estos d\u00edas.<\/p>\n<p>&nbsp;<\/p>\n<p>Para cerrar el programa, el s\u00e1bado 26 que es el d\u00eda del empleado de comercio, ser\u00e1 el turno del sorteo de los premios m\u00e1s importantes: 1, 2 y 3 sueldos seg\u00fan escala vigente, categor\u00eda y antig\u00fcedad de la persona que resulte ganadora de cada caso.<strong> Y como broche el CECO ofrecer\u00e1 a sus afiliados de manera gratuita, un espect\u00e1culo de primer nivel a trav\u00e9s de la plataforma zoom con muchas sorpresas.<\/strong><\/p>\n<p>&nbsp;<\/p>\n<p><strong>El Mes del Empleado de Comercio busca ampliar el festejo del 26 de septiembre<\/strong>, y que con motivo de cumplirse un nuevo aniversario de la sanci\u00f3n de la primera ley de Contrato de Trabajo, se celebrar\u00e1 el \u201cD\u00eda del Empleado de Comercio\u201d, establecido por la Ley N\u00ba 26.541.<\/p>\n","protected":false},"excerpt":{"rendered":"<p>El Centro de Empleados de Comercio (CECO) realizar\u00e1 una edici\u00f3n especial del tradicional festejo con m\u00faltiples actividades, todas de formato<\/p>\n","protected":false},"author":2,"featured_media":686,"comment_status":"closed","ping_status":"closed","sticky":false,"template":"","format":"standard","meta":{"_jetpack_memberships_contains_paid_content":false,"footnotes":""},"categories":[5],"tags":[],"class_list":["post-685","post","type-post","status-publish","format-standard","has-post-thumbnail","hentry","category-informacion-general"],"jetpack_featured_media_url":"https:\/\/i0.wp.com\/cdnoticias.com\/wp-content\/uploads\/2020\/09\/ceco1.jpg?fit=783%2C578&ssl=1","jetpack_sharing_enabled":true,"_links":{"self":[{"href":"https:\/\/cdnoticias.com\/index.php\/wp-json\/wp\/v2\/posts\/685","targetHints":{"allow":["GET"]}}],"collection":[{"href":"https:\/\/cdnoticias.com\/index.php\/wp-json\/wp\/v2\/posts"}],"about":[{"href":"https:\/\/cdnoticias.com\/index.php\/wp-json\/wp\/v2\/types\/post"}],"author":[{"embeddable":true,"href":"https:\/\/cdnoticias.com\/index.php\/wp-json\/wp\/v2\/users\/2"}],"replies":[{"embeddable":true,"href":"https:\/\/cdnoticias.com\/index.php\/wp-json\/wp\/v2\/comments?post=685"}],"version-history":[{"count":0,"href":"https:\/\/cdnoticias.com\/index.php\/wp-json\/wp\/v2\/posts\/685\/revisions"}],"wp:featuredmedia":[{"embeddable":true,"href":"https:\/\/cdnoticias.com\/index.php\/wp-json\/wp\/v2\/media\/686"}],"wp:attachment":[{"href":"https:\/\/cdnoticias.com\/index.php\/wp-json\/wp\/v2\/media?parent=685"}],"wp:term":[{"taxonomy":"category","embeddable":true,"href":"https:\/\/cdnoticias.com\/index.php\/wp-json\/wp\/v2\/categories?post=685"},{"taxonomy":"post_tag","embeddable":true,"href":"https:\/\/cdnoticias.com\/index.php\/wp-json\/wp\/v2\/tags?post=685"}],"curies":[{"name":"wp","href":"https:\/\/api.w.org\/{rel}","templated":true}]}}