{"id":68481,"date":"2022-10-27T15:07:31","date_gmt":"2022-10-27T18:07:31","guid":{"rendered":"https:\/\/www.centraldenoticias.com.ar\/?p=68481"},"modified":"2022-10-28T10:05:36","modified_gmt":"2022-10-28T13:05:36","slug":"corte-de-luz-en-tres-sectores-de-la-ciudad","status":"publish","type":"post","link":"https:\/\/cdnoticias.com\/index.php\/2022\/10\/27\/corte-de-luz-en-tres-sectores-de-la-ciudad\/","title":{"rendered":"Corte de luz en tres sectores de la ciudad"},"content":{"rendered":"<p>Ser\u00e1 este viernes de 08:00 a 11:00 por tareas de mantenimiento. <!--more--><\/p>\n<hr \/>\n<p>Desde Coopelectric se inform\u00f3 que durante la ma\u00f1ana de este viernes se llevar\u00e1 a cabo un <strong>corte de luz por tareas de mantenimiento.<\/strong><\/p>\n<p>&nbsp;<\/p>\n<p>Ser\u00e1 entre las<strong> 08:00 y las 11:00<\/strong> en<strong> tres sectores de la ciudad:<\/strong><\/p>\n<ul>\n<li>Sector 1: 25 de Mayo- avenida Trabajadores- avenida Pringles- Hip\u00f3lito Yrigoyen.<\/li>\n<li>Sector 2: Vicente L\u00f3pez- Juan XXIII- Lamadrid- avenida Trabajadores.<\/li>\n<li>Sector 3: Lamadrid- L. de la Torre- 9 de Julio- avenida Trabajadores.<\/li>\n<\/ul>\n<p>&nbsp;<\/p>\n<p>Se indic\u00f3 que<strong> puede suspenderse sin las condiciones clim\u00e1ticas son adversas.<\/strong> En tal caso, las tareas ser\u00e1n reprogramadas.<\/p>\n","protected":false},"excerpt":{"rendered":"<p>Ser\u00e1 este viernes de 08:00 a 11:00 por tareas de mantenimiento.<\/p>\n","protected":false},"author":6,"featured_media":41402,"comment_status":"closed","ping_status":"closed","sticky":false,"template":"","format":"standard","meta":{"_jetpack_memberships_contains_paid_content":false,"footnotes":""},"categories":[5],"tags":[],"class_list":["post-68481","post","type-post","status-publish","format-standard","has-post-thumbnail","hentry","category-informacion-general"],"jetpack_featured_media_url":"https:\/\/i0.wp.com\/cdnoticias.com\/wp-content\/uploads\/2021\/12\/coopelectric-camion1.jpg?fit=1540%2C856&ssl=1","jetpack_sharing_enabled":true,"_links":{"self":[{"href":"https:\/\/cdnoticias.com\/index.php\/wp-json\/wp\/v2\/posts\/68481","targetHints":{"allow":["GET"]}}],"collection":[{"href":"https:\/\/cdnoticias.com\/index.php\/wp-json\/wp\/v2\/posts"}],"about":[{"href":"https:\/\/cdnoticias.com\/index.php\/wp-json\/wp\/v2\/types\/post"}],"author":[{"embeddable":true,"href":"https:\/\/cdnoticias.com\/index.php\/wp-json\/wp\/v2\/users\/6"}],"replies":[{"embeddable":true,"href":"https:\/\/cdnoticias.com\/index.php\/wp-json\/wp\/v2\/comments?post=68481"}],"version-history":[{"count":0,"href":"https:\/\/cdnoticias.com\/index.php\/wp-json\/wp\/v2\/posts\/68481\/revisions"}],"wp:featuredmedia":[{"embeddable":true,"href":"https:\/\/cdnoticias.com\/index.php\/wp-json\/wp\/v2\/media\/41402"}],"wp:attachment":[{"href":"https:\/\/cdnoticias.com\/index.php\/wp-json\/wp\/v2\/media?parent=68481"}],"wp:term":[{"taxonomy":"category","embeddable":true,"href":"https:\/\/cdnoticias.com\/index.php\/wp-json\/wp\/v2\/categories?post=68481"},{"taxonomy":"post_tag","embeddable":true,"href":"https:\/\/cdnoticias.com\/index.php\/wp-json\/wp\/v2\/tags?post=68481"}],"curies":[{"name":"wp","href":"https:\/\/api.w.org\/{rel}","templated":true}]}}