{"id":68452,"date":"2022-10-27T14:29:46","date_gmt":"2022-10-27T17:29:46","guid":{"rendered":"https:\/\/www.centraldenoticias.com.ar\/?p=68452"},"modified":"2022-10-27T14:29:46","modified_gmt":"2022-10-27T17:29:46","slug":"los-kioscos-tienen-mejor-sistema-contable-que-el-ejecutivo","status":"publish","type":"post","link":"https:\/\/cdnoticias.com\/index.php\/2022\/10\/27\/los-kioscos-tienen-mejor-sistema-contable-que-el-ejecutivo\/","title":{"rendered":"\u201cLos kioscos tienen mejor sistema contable que el Ejecutivo\u201d"},"content":{"rendered":"<p>Lo dijo la concejal Celeste Arouxet al cuestionar los registros de los pagos de la obra de iluminaci\u00f3n de un parque en Sierras Bayas. Critic\u00f3 la intervenci\u00f3n del subsecretario Emilio Vitale en una comisi\u00f3n del HCD.<!--more--><\/p>\n<hr \/>\n<p><strong>La concejal Celeste Arouxet (Ahora Olavarr\u00eda) present\u00f3 para la<a href=\"https:\/\/cdnoticias.com\/index.php\/2022\/10\/27\/con-la-entrega-del-reconocimiento-a-gladys-messineo-se-inicio-la-sesion-del-hcd\/\" target=\"_blank\" rel=\"noopener\"> sesi\u00f3n de este jueves<\/a> un pedido de informe vinculado a los proyectos de inversi\u00f3n del Ejecutivo con los fondos obtenidos por una operatoria a fin de 2021<\/strong>. El expediente se enmarc\u00f3 en la labor de la <strong>comisi\u00f3n especial de \u201cSeguimiento de Recursos de la Venta de la calle a Cementos Avellaneda\u201d<\/strong> que la concejal integra desde su constituci\u00f3n en junio.<\/p>\n<p>&nbsp;<\/p>\n<p>Expuso en su intervenci\u00f3n la <strong>\u201cfalta de respuesta a los pedidos de informe\u201d<\/strong> y la necesidad de contar con <strong>\u201cuna apertura de costos de las obras\u201d<\/strong>, lo cual remarc\u00f3 que desde la comisi\u00f3n se ha solicitado reiteradamente. En ese sentido, vale mencionar que<strong> Central de Noticias<\/strong> habl\u00f3 a principio de mes con el presidente de esa comisi\u00f3n, <a href=\"https:\/\/cdnoticias.com\/index.php\/2022\/10\/10\/comision-de-seguimiento-de-recursos-de-la-venta-a-cementos-avellaneda-un-modelo-de-gestion-local\/\" target=\"_blank\" rel=\"noopener\">Gast\u00f3n Sarachu, quien apunt\u00f3 tambi\u00e9n a la falta de informaci\u00f3n por parte del Ejecutivo<\/a>.<\/p>\n<p>&nbsp;<\/p>\n<blockquote><p>\u201cQueremos saber la apertura de costos de cada obra determinada\u201d plante\u00f3 Arouxet quien se quej\u00f3 de que en estas condiciones \u201ces una comisi\u00f3n de seguimiento de recursos sin sentido\u201d.<\/p><\/blockquote>\n<p>&nbsp;<\/p>\n<p>Repas\u00f3 los distintos pedidos de informes elevados y tambi\u00e9n cuestion\u00f3 la intervenci\u00f3n del subsecretario de Gobierno municipal, Emilio Vitale, quien tambi\u00e9n forma parte de la comisi\u00f3n: <strong>\u201cdeja mucho que desear la participaci\u00f3n de Emilio Vitale\u201d<\/strong> dijo para considerar que \u201cningunea el trabajo de los concejales\u201d, lo cual ejemplific\u00f3 citando frases que el funcionario pronunci\u00f3 ante las consultas de los integrantes de la comisi\u00f3n.<\/p>\n<p>&nbsp;<\/p>\n<figure id=\"attachment_66804\" aria-describedby=\"caption-attachment-66804\" style=\"width: 800px\" class=\"wp-caption aligncenter\"><img data-recalc-dims=\"1\" loading=\"lazy\" decoding=\"async\" class=\"wp-image-66804 size-full\" src=\"https:\/\/i0.wp.com\/cdnoticias.com\/wp-content\/uploads\/2022\/10\/HCD-01-Comision-de-seguimiento-de-recursos-de-la-venta-de-la-calle-a-Cementos-Avellaneda.jpg?resize=800%2C445&#038;ssl=1\" alt=\"\" width=\"800\" height=\"445\" srcset=\"https:\/\/i0.wp.com\/cdnoticias.com\/wp-content\/uploads\/2022\/10\/HCD-01-Comision-de-seguimiento-de-recursos-de-la-venta-de-la-calle-a-Cementos-Avellaneda.jpg?w=800&amp;ssl=1 800w, https:\/\/i0.wp.com\/cdnoticias.com\/wp-content\/uploads\/2022\/10\/HCD-01-Comision-de-seguimiento-de-recursos-de-la-venta-de-la-calle-a-Cementos-Avellaneda.jpg?resize=300%2C167&amp;ssl=1 300w, https:\/\/i0.wp.com\/cdnoticias.com\/wp-content\/uploads\/2022\/10\/HCD-01-Comision-de-seguimiento-de-recursos-de-la-venta-de-la-calle-a-Cementos-Avellaneda.jpg?resize=768%2C427&amp;ssl=1 768w\" sizes=\"auto, (max-width: 800px) 100vw, 800px\" \/><figcaption id=\"caption-attachment-66804\" class=\"wp-caption-text\">Comisi\u00f3n especial de \u201cSeguimiento de Recursos de la Venta de la calle a Cementos Avellaneda\u201d.<\/figcaption><\/figure>\n<p>&nbsp;<\/p>\n<p>\u201cLa respuesta fue siempre la misma, tom\u00e1ndonos el pelo como concejales\u201d agreg\u00f3 Celeste Arouxet quien con ello centraliz\u00f3 las cr\u00edticas en la gesti\u00f3n del \u00e1rea de Hacienda municipal. <strong>Cit\u00f3 lo que sucedi\u00f3 con la obra de iluminaci\u00f3n del parque \u201cM\u00e9dici\u201d de Sierras Bayas<\/strong>, <a href=\"https:\/\/cdnoticias.com\/index.php\/2022\/09\/21\/inauguraron-las-luminarias-del-parque-carlos-medici-de-sierras-bayas\/\" target=\"_blank\" rel=\"noopener\">la cual ya se inaugur\u00f3 en septiembre<\/a>.<\/p>\n<p>&nbsp;<\/p>\n<p>En ese marco, cont\u00f3 que detect\u00f3 un problema contable y se lo plante\u00f3 al funcionario del Ejecutivo. <strong>\u201cLa obra ya estaba inaugurada, la plata ya estaba gastada pero faltaba el devengado de 12 millones de pesos<\/strong>, s\u00f3lo se hab\u00edan pagado 5 millones de pesos\u201d se\u00f1al\u00f3 la concejal de Ahora Olavarr\u00eda. Y m\u00e1s adelante agreg\u00f3 que la situaci\u00f3n cambi\u00f3 cuando iba a reunirse nuevamente la comisi\u00f3n, la semana pasada: \u201cpor arte de magia del 19 al 20 de octubre apareci\u00f3 el devengado. <strong>Entonces \u00bfsomos la comisi\u00f3n de aviso al Ejecutivo de que faltan asientos contables?<\/strong> El Rafam no muestra la realidad\u201d.<\/p>\n<p>&nbsp;<\/p>\n<blockquote><p>Luego ampli\u00f3 m\u00e1s cr\u00edticas hacia el manejo de esa obra, y volvi\u00f3 sobre el tema anterior: \u201cest\u00e1n haciendo las imputaciones contables cuando quieren o cuando las advertimos, esto tiene que estar bien organizado. Los kioscos tienen mejor sistema contable que el Ejecutivo\u201d lanz\u00f3.<\/p><\/blockquote>\n<p>&nbsp;<\/p>\n<p>En cuanto al contenido del pedido de informe, explic\u00f3 que se trata de una solicitud de \u201cun detalle espec\u00edfico de la obra de la iluminaci\u00f3n del parque de Sierras Bayas\u201d. <strong>Fue aprobado por unanimidad.<\/strong><\/p>\n<p>&nbsp;<\/p>\n<p>&nbsp;<\/p>\n","protected":false},"excerpt":{"rendered":"<p>Lo dijo la concejal Celeste Arouxet al cuestionar los registros de los pagos de la obra de iluminaci\u00f3n de un<\/p>\n","protected":false},"author":4,"featured_media":68453,"comment_status":"closed","ping_status":"closed","sticky":false,"template":"","format":"standard","meta":{"_jetpack_memberships_contains_paid_content":false,"footnotes":""},"categories":[4,1],"tags":[],"class_list":["post-68452","post","type-post","status-publish","format-standard","has-post-thumbnail","hentry","category-politica","category-portada"],"jetpack_featured_media_url":"https:\/\/i0.wp.com\/cdnoticias.com\/wp-content\/uploads\/2022\/10\/a-HCD-celeste-arouxet.jpg?fit=800%2C445&ssl=1","jetpack_sharing_enabled":true,"_links":{"self":[{"href":"https:\/\/cdnoticias.com\/index.php\/wp-json\/wp\/v2\/posts\/68452","targetHints":{"allow":["GET"]}}],"collection":[{"href":"https:\/\/cdnoticias.com\/index.php\/wp-json\/wp\/v2\/posts"}],"about":[{"href":"https:\/\/cdnoticias.com\/index.php\/wp-json\/wp\/v2\/types\/post"}],"author":[{"embeddable":true,"href":"https:\/\/cdnoticias.com\/index.php\/wp-json\/wp\/v2\/users\/4"}],"replies":[{"embeddable":true,"href":"https:\/\/cdnoticias.com\/index.php\/wp-json\/wp\/v2\/comments?post=68452"}],"version-history":[{"count":0,"href":"https:\/\/cdnoticias.com\/index.php\/wp-json\/wp\/v2\/posts\/68452\/revisions"}],"wp:featuredmedia":[{"embeddable":true,"href":"https:\/\/cdnoticias.com\/index.php\/wp-json\/wp\/v2\/media\/68453"}],"wp:attachment":[{"href":"https:\/\/cdnoticias.com\/index.php\/wp-json\/wp\/v2\/media?parent=68452"}],"wp:term":[{"taxonomy":"category","embeddable":true,"href":"https:\/\/cdnoticias.com\/index.php\/wp-json\/wp\/v2\/categories?post=68452"},{"taxonomy":"post_tag","embeddable":true,"href":"https:\/\/cdnoticias.com\/index.php\/wp-json\/wp\/v2\/tags?post=68452"}],"curies":[{"name":"wp","href":"https:\/\/api.w.org\/{rel}","templated":true}]}}