{"id":68441,"date":"2022-10-27T13:35:26","date_gmt":"2022-10-27T16:35:26","guid":{"rendered":"https:\/\/www.centraldenoticias.com.ar\/?p=68441"},"modified":"2022-10-27T13:35:26","modified_gmt":"2022-10-27T16:35:26","slug":"charla-a-cargo-de-claudia-lajud-sobre-el-escenario-escolar","status":"publish","type":"post","link":"https:\/\/cdnoticias.com\/index.php\/2022\/10\/27\/charla-a-cargo-de-claudia-lajud-sobre-el-escenario-escolar\/","title":{"rendered":"Charla a cargo de Claudia Lajud sobre el escenario escolar"},"content":{"rendered":"<p>Es una propuesta del Instituto Pueblo: &#8220;Una invitaci\u00f3n a pensar y hacer escuela hoy&#8221;. La charla se realizar\u00e1 este viernes.<\/p>\n<p><!--more--><\/p>\n<hr \/>\n<p>El Instituto Pueblo llevar\u00e1 adelante <strong>una charla a cargo de Claudia Lajud sobre &#8220;Una invitaci\u00f3n a pensar y hacer escuela hoy&#8221;.<\/strong><\/p>\n<p>&nbsp;<\/p>\n<p>La Subdirectora de Psicolog\u00eda Comunitaria y Pedagog\u00eda Social ser\u00e1 la expositora en este encuentro que es abierto a todo p\u00fablico, en el que<strong> abordar\u00e1 los eventos que irrumpen en el escenario escolar.<\/strong><\/p>\n<p>&nbsp;<\/p>\n<p>La reuni\u00f3n se llevar\u00e1 a cabo<strong> este viernes a las 18 en el Ateneo N\u00e9stor Kirchner, Av. Pringles 3968.<\/strong><\/p>\n<p>&nbsp;<\/p>\n<p>\u201cEl Instituto Pueblo un espacio creado para pensar y dise\u00f1ar pol\u00edticas p\u00fablicas y se enmarca dentro de una serie de encuentros abiertos a la comunidad, donde diversos referentes y profesionales desarrollan tem\u00e1ticas concretas\u201d se record\u00f3.<\/p>\n<p>&nbsp;<\/p>\n","protected":false},"excerpt":{"rendered":"<p>Es una propuesta del Instituto Pueblo: &#8220;Una invitaci\u00f3n a pensar y hacer escuela hoy&#8221;. La charla se realizar\u00e1 este viernes.<\/p>\n","protected":false},"author":4,"featured_media":68442,"comment_status":"closed","ping_status":"closed","sticky":false,"template":"","format":"standard","meta":{"_jetpack_memberships_contains_paid_content":false,"footnotes":""},"categories":[4,1],"tags":[],"class_list":["post-68441","post","type-post","status-publish","format-standard","has-post-thumbnail","hentry","category-politica","category-portada"],"jetpack_featured_media_url":"https:\/\/i0.wp.com\/cdnoticias.com\/wp-content\/uploads\/2022\/10\/charla-lajud-0.jpg?fit=800%2C445&ssl=1","jetpack_sharing_enabled":true,"_links":{"self":[{"href":"https:\/\/cdnoticias.com\/index.php\/wp-json\/wp\/v2\/posts\/68441","targetHints":{"allow":["GET"]}}],"collection":[{"href":"https:\/\/cdnoticias.com\/index.php\/wp-json\/wp\/v2\/posts"}],"about":[{"href":"https:\/\/cdnoticias.com\/index.php\/wp-json\/wp\/v2\/types\/post"}],"author":[{"embeddable":true,"href":"https:\/\/cdnoticias.com\/index.php\/wp-json\/wp\/v2\/users\/4"}],"replies":[{"embeddable":true,"href":"https:\/\/cdnoticias.com\/index.php\/wp-json\/wp\/v2\/comments?post=68441"}],"version-history":[{"count":0,"href":"https:\/\/cdnoticias.com\/index.php\/wp-json\/wp\/v2\/posts\/68441\/revisions"}],"wp:featuredmedia":[{"embeddable":true,"href":"https:\/\/cdnoticias.com\/index.php\/wp-json\/wp\/v2\/media\/68442"}],"wp:attachment":[{"href":"https:\/\/cdnoticias.com\/index.php\/wp-json\/wp\/v2\/media?parent=68441"}],"wp:term":[{"taxonomy":"category","embeddable":true,"href":"https:\/\/cdnoticias.com\/index.php\/wp-json\/wp\/v2\/categories?post=68441"},{"taxonomy":"post_tag","embeddable":true,"href":"https:\/\/cdnoticias.com\/index.php\/wp-json\/wp\/v2\/tags?post=68441"}],"curies":[{"name":"wp","href":"https:\/\/api.w.org\/{rel}","templated":true}]}}